{"id":243627,"date":"2025-11-18T23:57:12","date_gmt":"2025-11-18T23:57:12","guid":{"rendered":"https:\/\/www.europesays.com\/es\/243627\/"},"modified":"2025-11-18T23:57:12","modified_gmt":"2025-11-18T23:57:12","slug":"pogacar-bendice-una-gran-canaria-bike-week-de-record","status":"publish","type":"post","link":"https:\/\/www.europesays.com\/es\/243627\/","title":{"rendered":"Pogacar bendice una Gran Canaria Bike Week de r\u00e9cord"},"content":{"rendered":"<p><a class=\"v-mdl-ath__fig-a\" href=\"https:\/\/www.canarias7.es\/autor\/daniel-herrera-rodriguez-6598.html\" title=\"Daniel Herrera Rodr\u00edguez\" rel=\"nofollow noopener\" target=\"_blank\"><br \/>\n<img decoding=\"async\" class=\"v-mdl-ath__img\" src=\"https:\/\/www.europesays.com\/es\/wp-content\/uploads\/2025\/08\/autor-6598-foto-1.jpeg\" alt=\"Daniel Herrera Rodr\u00edguez\"\/><br \/>\n<\/a><\/p>\n<p class=\"v-mdl-ath__p v-mdl-ath__p--6\">\nMartes, 18 de noviembre 2025, 13:30<\/p>\n<p class=\"v-p\">La participaci\u00f3n del multicampe\u00f3n ciclista, <strong>Tadej Pogacar -cuatro veces campe\u00f3n del Tour de Francia-<\/strong> en la <strong>Gran Canaria Bike Week 2025<\/strong> convertir\u00e1 a la isla redonda en el epicentro del cicloturismo del<strong> 30 de noviembre al 7 de diciembre<\/strong>, con una participaci\u00f3n r\u00e9cord de<strong> casi 800 cicloturistas <\/strong>y que tendr\u00e1 como aliciente especial la subida al <strong>Pico de las Nieves<\/strong>, el gran puerto de monta\u00f1a que podr\u00eda ser uno de los grandes reclamos de la pr\u00f3xima <strong>Vuelta a Espa\u00f1a<\/strong>, siempre y cuando se confirme la inclusi\u00f3n de <strong>Canarias <\/strong>en dicha edici\u00f3n. <\/p>\n<p class=\"v-p\">Sin duda, las gestiones del exciclista<strong> Be\u00f1at Inxausti<\/strong>, quien actualmente trabaja en <strong>A&amp;J All Sport Agency<\/strong>, una de las principales agencias de representaci\u00f3n de ciclistas del mundo, han propiciado -junto con la labor de <strong> DG Eventos<\/strong>&#8211; la presencia de la gran estrella balc\u00e1nica. Pero junto a \u00e9l llega un importante ramillete de estrellas: la canadiense <strong>Magedeleine Vallieres <\/strong>-campeona del mundo-, el belga <strong>Jasper Philipsen <\/strong>-uno de los grandes sprinters del pelot\u00f3n internacional- y el espa\u00f1ol<strong> Ricardo Ten <\/strong>-ciclista y nadador con 11 medallas paraol\u00edmpicas- son algunos de los \u00abgrandes embajadores que\u00bb, en palabras de <strong>Daniel Gonz\u00e1lez<\/strong>, responsable de DG Eventos, \u00abno solo consolidan esta prueba sino que nos reafirman en la idea de que estamos ante la mejor edici\u00f3n de su historia\u00bb.<\/p>\n<p class=\"v-p\">Para el concejal de Deportes de San Bartolom\u00e9 de Tirajana, <strong>Ram\u00f3n Su\u00e1rez, <\/strong>\u00abes todo un orgullo que se siga contando con nuestro municipio. Yo mismo particip\u00e9 en la primera edici\u00f3n, hace 37 a\u00f1os. Literalmente la vi nacer. Por ello felicito a la organizaci\u00f3n y le deseo mucho \u00e9xito a la prueba que no ha dejado de crecer\u00bb. <\/p>\n<p class=\"v-p\">Por su parte, el edil de Deportes de Artenara, <strong>Alberto D\u00edaz<\/strong>, se mostr\u00f3 \u00aborgulloso\u00bb por la inclusi\u00f3n de una etapa en este t\u00e9rmino del interior de la isla. \u00abEste es un municipio que tiene su patrona del ciclismo. Adem\u00e1s hemos sido nombrado como Pueblo M\u00e1gico y creo que con pruebas como estas seguimos haciendo &#8216;magia&#8217; y con la presencia de 200 ciclistas en esa etapa evidencia que seguimos trabajando para decir, en distintos eventos, que Artenara est\u00e1 ah\u00ed\u00bb. <\/p>\n<p class=\"v-p\">Finalmente, <strong>Valeria Valerii<\/strong>, directora Comercial &amp; Marketing de Dunas Hotels &amp; Resorts, reconoci\u00f3 que \u00absomos muy fans del deporte y siempre estamos dispuestos a apoyar e impulsar todas las actividades de esta \u00edndole, teniendo una isla fant\u00e1stica para plasmarlo. Llevamos 8 a\u00f1os colaborando y cada a\u00f1o nos superamos. Para esta edici\u00f3n tenemos 180 participantes alojados en nuestro hotel y nos alegra que esta propuesta ciclista sigue creciendo\u00bb, explic\u00f3. <\/p>\n<p class=\"v-p\">En concreto ser\u00e1n <strong>700 participantes en la TotalEnergies Gran Fondo Pico de las Nieves, donde veremos a Pogacar y compa\u00f1\u00eda<\/strong>. En el resto de etapas habr\u00e1 <strong>un promedio de 200 ciclistas <\/strong>(un 45% de fuera de Espa\u00f1a y un 20% mujeres) para un total de<strong> 550 kil\u00f3metros<\/strong> repartidos en <a href=\"http:\/\/www.canarias7.es\/autor\/daniel-herrera-rodriguez-6598.html?data=eyJpZCI6NjU5OCwibm9tYnJlIjoiRGFuaWVsIiwiYXBlbGxpZG9zIjoiSGVycmVyYSBSb2RyXHUwMGVkZ3VleiIsInRlbGVmb25vIjpudWxsLCJjYWxsZSI6bnVsbCwicG9ibGFjaW9uIjpudWxsLCJjb2RpZ29fcG9zdGFsIjpudWxsLCJwcm92aW5jaWEiOm51bGwsImNvcnJlbyI6ImRhbmllbC5oZXJyZXJhQGNhbmFyaWFzNy5lcyIsInR3aXR0ZXIiOm51bGwsImZhY2Vib29rIjpudWxsLCJwaW50ZXJlc3QiOm51bGwsImluc3RhZ3JhbSI6Imh0dHBzOlwvXC93d3cuaW5zdGFncmFtLmNvbVwvYnVmYW5kZXJvc19tdW5kaWFsXC8iLCJ0aHJlYWRzIjpudWxsLCJibHVlc2t5IjpudWxsLCJtZWRpb19wcmluY2lwYWwiOiJDYW5hcmlhcyA3IiwidGlwb19maXJtYSI6IlJlZGFjdG9yIiwiZm90byI6Imh0dHBzOlwvXC93d3cuY2FuYXJpYXM3LmVzXC9jb211blwvaW1nXC8yMDE0XC9hdXRvclwvYXV0b3ItNjU5OC1mb3RvLTEuanBlZyIsInVybCI6Imh0dHBzOlwvXC93d3cuY2FuYXJpYXM3LmVzXC9hdXRvclwvZGFuaWVsLWhlcnJlcmEtcm9kcmlndWV6LTY1OTguaHRtbCJ9\" title=\"www.canarias7.es\" data-voc-vtm-id=\"in-text-traffic\" data-mrf-link=\"www.canarias7.es\" rel=\"nofollow noopener\" target=\"_blank\">7 etapas<\/a> entre los municipios de Arucas, Artenara, San Bartolom\u00e9 de Tirajana, Telde, G\u00e1ldar, Ag\u00fcimes, Santa Luc\u00eda, San Mateo, Teror, Valsequillo y Santa Br\u00edgida. \uf0b7<\/p>\n<p>Reporta un error<\/p>\n","protected":false},"excerpt":{"rendered":"Martes, 18 de noviembre 2025, 13:30 La participaci\u00f3n del multicampe\u00f3n ciclista, Tadej Pogacar -cuatro veces campe\u00f3n del Tour&hellip;\n","protected":false},"author":2,"featured_media":243628,"comment_status":"","ping_status":"","sticky":false,"template":"","format":"standard","meta":{"footnotes":""},"categories":[273],"tags":[17518,323,7221,313,312,168,25,24,3956,549,4722,23,167,62336],"class_list":{"0":"post-243627","1":"post","2":"type-post","3":"status-publish","4":"format-standard","5":"has-post-thumbnail","7":"category-ciclismo","8":"tag-bendice","9":"tag-bike","10":"tag-canaria","11":"tag-ciclismo","12":"tag-cycling","13":"tag-deportes","14":"tag-es","15":"tag-espana","16":"tag-gran","17":"tag-pogacar","18":"tag-record","19":"tag-spain","20":"tag-sports","21":"tag-week"},"share_on_mastodon":{"url":"https:\/\/pubeurope.com\/@es\/115573414161349486","error":""},"_links":{"self":[{"href":"https:\/\/www.europesays.com\/es\/wp-json\/wp\/v2\/posts\/243627","targetHints":{"allow":["GET"]}}],"collection":[{"href":"https:\/\/www.europesays.com\/es\/wp-json\/wp\/v2\/posts"}],"about":[{"href":"https:\/\/www.europesays.com\/es\/wp-json\/wp\/v2\/types\/post"}],"author":[{"embeddable":true,"href":"https:\/\/www.europesays.com\/es\/wp-json\/wp\/v2\/users\/2"}],"replies":[{"embeddable":true,"href":"https:\/\/www.europesays.com\/es\/wp-json\/wp\/v2\/comments?post=243627"}],"version-history":[{"count":0,"href":"https:\/\/www.europesays.com\/es\/wp-json\/wp\/v2\/posts\/243627\/revisions"}],"wp:featuredmedia":[{"embeddable":true,"href":"https:\/\/www.europesays.com\/es\/wp-json\/wp\/v2\/media\/243628"}],"wp:attachment":[{"href":"https:\/\/www.europesays.com\/es\/wp-json\/wp\/v2\/media?parent=243627"}],"wp:term":[{"taxonomy":"category","embeddable":true,"href":"https:\/\/www.europesays.com\/es\/wp-json\/wp\/v2\/categories?post=243627"},{"taxonomy":"post_tag","embeddable":true,"href":"https:\/\/www.europesays.com\/es\/wp-json\/wp\/v2\/tags?post=243627"}],"curies":[{"name":"wp","href":"https:\/\/api.w.org\/{rel}","templated":true}]}}