{"id":243651,"date":"2025-11-19T00:13:07","date_gmt":"2025-11-19T00:13:07","guid":{"rendered":"https:\/\/www.europesays.com\/es\/243651\/"},"modified":"2025-11-19T00:13:07","modified_gmt":"2025-11-19T00:13:07","slug":"el-papa-que-la-liturgia-en-las-parroquias-sea-cuidada-y-explicada-con-competencia","status":"publish","type":"post","link":"https:\/\/www.europesays.com\/es\/243651\/","title":{"rendered":"El Papa: Que la liturgia en las parroquias sea cuidada y explicada con competencia"},"content":{"rendered":"<p>Le\u00f3n XIV se dirige en audiencia a los participantes en el Curso de actualizaci\u00f3n para los responsables diocesanos de la pastoral lit\u00fargica: los expertos deben colaborar con los p\u00e1rrocos y los grupos que se ocupan del tema para que este aspecto de la Iglesia vuelva a ser atractivo.&#13;\n<\/p>\n<p><b>Vatican News<\/b><\/p>\n<p>Participar en una misa, en un rito, y no comprender bien lo que se est\u00e1 celebrando, los gestos que realiza el sacerdote, el significado de lo que dice. O bien ofrecerse para un servicio, como la lectura de los textos sagrados, sin tener la preparaci\u00f3n adecuada. Se trata de situaciones bastante extendidas por las que Le\u00f3n XIV pide un cambio de tendencia porque, constata, en las di\u00f3cesis y parroquias hay necesidad de formaci\u00f3n \u00aby es importante, donde no los haya, iniciar itinerarios b\u00edblicos y lit\u00fargicos\u00bb. El Papa se dirige a los expertos en la materia, en particular a los profesores y participantes en el Curso de actualizaci\u00f3n para los responsables diocesanos de la pastoral lit\u00fargica, recibidos esta ma\u00f1ana, 17 de noviembre, en audiencia, encabezados por el Rector de la Universidad Sant&#8217;Anselmo y el Decano del Pontificio Instituto Lit\u00fargico.<\/p>\n<p><b\/>Competencias b\u00edblicas b\u00e1sicas <\/p>\n<p>Desde la reforma del Vaticano II en adelante, desde <a href=\"https:\/\/www.vatican.va\/archive\/hist_councils\/ii_vatican_council\/documents\/vat-ii_const_19631204_sacrosanctum-concilium_it.html\" rel=\"external nofollow noopener\" target=\"_blank\">Sacrosanctum Concilium<\/a>, pasando por <a href=\"https:\/\/press.vatican.va\/content\/salastampa\/it\/bollettino\/pubblico\/2018\/01\/29\/0083\/00155.html\" rel=\"external nofollow noopener\" target=\"_blank\">Veritatis gaudium<\/a> hasta la carta apost\u00f3lica del Papa Francisco <a href=\"https:\/\/www.vatican.va\/content\/francesco\/it\/apost_letters\/documents\/20220629-lettera-ap-desiderio-desideravi.html\" rel=\"external nofollow noopener\" target=\"_blank\">Desiderio desideravi<\/a> &#8211; Le\u00f3n XIV destaca la necesidad de \u00abayudar a las Iglesias particulares y a las comunidades parroquiales a dejarse formar por la Palabra de Dios, explicando los textos del Leccionario ferial y festivo\u00bb y a cuidar \u00abuna iniciaci\u00f3n cristiana y lit\u00fargica que ayude a los fieles a comprender, mediante los ritos, las oraciones y los signos sensibles, el misterio de la fe que se celebra\u00bb. El Papa pide ayuda en esta labor a los liturgistas con indicaciones bastante detalladas.<\/p>\n<p>Aseguren una preparaci\u00f3n profunda de los lectores instituidos y de quienes leen las Escrituras de manera estable en las celebraciones. Las competencias b\u00edblicas b\u00e1sicas, una dicci\u00f3n clara, la capacidad de cantar el salmo responsorial, as\u00ed como de componer las oraciones de los fieles para la comunidad, son aspectos importantes que ponen en pr\u00e1ctica la reforma lit\u00fargica y hacen crecer el camino del Pueblo de Dios.<\/p>\n<p>\u00abBusquemos n<b\/>uevos caminos y nuevos m\u00e9todos\u00bb <\/p>\n<p>Leone XIV reconoce los \u00abmuchos avances\u00bb logrados en esta direcci\u00f3n, pero tambi\u00e9n el \u00ablargo camino\u00bb que queda por recorrer. Busquemos, dice, \u00abnuevos caminos y nuevos m\u00e9todos\u00bb, especialmente por parte de quienes dirigen la oficina de pastoral lit\u00fargica que, recuerda, \u00abes responsable en cada di\u00f3cesis de la formaci\u00f3n lit\u00fargica permanente del clero y de los fieles, de la preparaci\u00f3n para los ministerios, del cuidado de los grupos lit\u00fargicos parroquiales, de los ministrantes, de los lectores y de los cantores\u00bb.<\/p>\n<p>Se trata de favorecer una participaci\u00f3n fruct\u00edfera del Pueblo de Dios, as\u00ed como una liturgia decorosa, atenta a las diferentes sensibilidades y sobria en su solemnidad. Entre los aspectos relacionados con vuestro servicio como directores, deseo recordar la promoci\u00f3n de la Liturgia de las Horas, el cuidado de la piedad popular, la atenci\u00f3n a la dimensi\u00f3n celebrativa en la construcci\u00f3n de nuevas iglesias y en la adaptaci\u00f3n de las ya existentes.<\/p>\n<p>Creativida<b\/>d pastoral <\/p>\n<p>Todo ello con un trabajo realizado en colaboraci\u00f3n entre expertos y, cuando existan en las parroquias, los \u00abgrupos lit\u00fargicos\u00bb, que deben trabajar \u00aben sinergia con la comisi\u00f3n diocesana\u00bb y con los respectivos p\u00e1rrocos, evitando que recaiga sobre ellos todo el peso y \u00abdejando solo a unos pocos la responsabilidad del canto, de la proclamaci\u00f3n de la Palabra y de la decoraci\u00f3n de la iglesia\u00bb. El Papa pide a los responsables diocesanos que den un nuevo impulso y savia a los grupos lit\u00fargicos, algunos de los cuales -se\u00f1ala- lamentablemente se han \u00abdiluido hasta desaparecer, como si hubieran perdido su identidad\u00bb.<\/p>\n<p>Es necesario, pues, comprometerse para que este \u00e1mbito de la vida de la Iglesia vuelva a ser atractivo, capaz de involucrar a personas competentes o al menos inclinadas a este tipo de servicio (&#8230;) Su creatividad pastoral sabr\u00e1 encontrar luego las formas m\u00e1s adecuadas.<\/p>\n<p>\u00a0<\/p>\n<p>\u00a0<\/p>\n","protected":false},"excerpt":{"rendered":"Le\u00f3n XIV se dirige en audiencia a los participantes en el Curso de actualizaci\u00f3n para los responsables diocesanos&hellip;\n","protected":false},"author":2,"featured_media":243652,"comment_status":"","ping_status":"","sticky":false,"template":"","format":"standard","meta":{"footnotes":""},"categories":[8],"tags":[2509,17,18,25,24,13,14,11,19,20,32851,9,10,15,16,400,62477,23,12,21,22],"class_list":{"0":"post-243651","1":"post","2":"type-post","3":"status-publish","4":"format-standard","5":"has-post-thumbnail","7":"category-espana","8":"tag-audiencias","9":"tag-breaking-news","10":"tag-breakingnews","11":"tag-es","12":"tag-espana","13":"tag-featured-news","14":"tag-featurednews","15":"tag-headlines","16":"tag-latest-news","17":"tag-latestnews","18":"tag-liturgia","19":"tag-news","20":"tag-noticias","21":"tag-noticias-destacadas","22":"tag-noticiasdestacadas","23":"tag-papa-leon-xiv","24":"tag-pastoral","25":"tag-spain","26":"tag-titulares","27":"tag-ultimas-noticias","28":"tag-ultimasnoticias"},"share_on_mastodon":{"url":"https:\/\/pubeurope.com\/@es\/115573476784820779","error":""},"_links":{"self":[{"href":"https:\/\/www.europesays.com\/es\/wp-json\/wp\/v2\/posts\/243651","targetHints":{"allow":["GET"]}}],"collection":[{"href":"https:\/\/www.europesays.com\/es\/wp-json\/wp\/v2\/posts"}],"about":[{"href":"https:\/\/www.europesays.com\/es\/wp-json\/wp\/v2\/types\/post"}],"author":[{"embeddable":true,"href":"https:\/\/www.europesays.com\/es\/wp-json\/wp\/v2\/users\/2"}],"replies":[{"embeddable":true,"href":"https:\/\/www.europesays.com\/es\/wp-json\/wp\/v2\/comments?post=243651"}],"version-history":[{"count":0,"href":"https:\/\/www.europesays.com\/es\/wp-json\/wp\/v2\/posts\/243651\/revisions"}],"wp:featuredmedia":[{"embeddable":true,"href":"https:\/\/www.europesays.com\/es\/wp-json\/wp\/v2\/media\/243652"}],"wp:attachment":[{"href":"https:\/\/www.europesays.com\/es\/wp-json\/wp\/v2\/media?parent=243651"}],"wp:term":[{"taxonomy":"category","embeddable":true,"href":"https:\/\/www.europesays.com\/es\/wp-json\/wp\/v2\/categories?post=243651"},{"taxonomy":"post_tag","embeddable":true,"href":"https:\/\/www.europesays.com\/es\/wp-json\/wp\/v2\/tags?post=243651"}],"curies":[{"name":"wp","href":"https:\/\/api.w.org\/{rel}","templated":true}]}}