{"id":243655,"date":"2025-11-19T00:22:14","date_gmt":"2025-11-19T00:22:14","guid":{"rendered":"https:\/\/www.europesays.com\/es\/243655\/"},"modified":"2025-11-19T00:22:14","modified_gmt":"2025-11-19T00:22:14","slug":"juventud-y-veterania-en-la-primera-convocatoria-de-chus-mateo-como-seleccionador-nacional","status":"publish","type":"post","link":"https:\/\/www.europesays.com\/es\/243655\/","title":{"rendered":"Juventud y veteran\u00eda en la primera convocatoria de Chus Mateo como Seleccionador Nacional"},"content":{"rendered":"<p>\u00c1REA DE COMUNICACI\u00d3N FEB<\/p>\n<p>Aprovechando la presentaci\u00f3n del partido que enfrentar\u00e1 a Espa\u00f1a y Georgia en el Pabell\u00f3n de Deportes de Tenerife Santiago Mart\u00edn, Chus Mateo ha dado a conocer su primera lista de convocados como Seleccionador Nacional. El t\u00e9cnico ha convocado a 14 jugadores, adem\u00e1s de otros dos invitados, para afrontar la primera Ventana de clasificaci\u00f3n para la Copa del Mundo 2027 que se disputar\u00e1 en Catar.<\/p>\n<p>Los 14 jugadores convocados por Chus Mateo son los siguientes:<br \/>&#13;\n<\/p>\n<ul>&#13;<\/p>\n<li> Izan Almansa (Real Madrid), 4 internacionalidades<\/li>\n<p>&#13;<\/p>\n<li> Francis Alonso (R\u00edo Breog\u00e1n), 5 internacionalidades<\/li>\n<p>&#13;<\/p>\n<li> Pep Busquets (B\u00e0squet Girona), 3 internacionalidades<\/li>\n<p>&#13;<\/p>\n<li> \u00c1lvaro C\u00e1rdenas (Peristeri BC), 1 internacionalidad<\/li>\n<p>&#13;<\/p>\n<li> Lluis Costa (Coviran Granada), sin internacionalidades<\/li>\n<p>&#13;<\/p>\n<li> Alberto D\u00edaz (Unicaja), 51 internacionalidades<\/li>\n<p>&#13;<\/p>\n<li> Dani D\u00edez (Recoletas Salud San Pablo Burgos), 14 internacionalidades <\/li>\n<p>&#13;<\/p>\n<li> Jaime Fern\u00e1ndez (La Laguna Tenerife), 44 internacionalidades<\/li>\n<p>&#13;<\/p>\n<li> Fran Guerra (La Laguna Tenerife), 14 internacionalidades<\/li>\n<p>&#13;<\/p>\n<li> Great Osobor (Science City Jena), sin internacionalidades<\/li>\n<p>&#13;<\/p>\n<li> Oriol Paul\u00ed (Hiopos Lleida), 13 internacionalidades<\/li>\n<p>&#13;<\/p>\n<li> \u00c1lex Reyes (BAXI Manresa), 1 internacionalidad<\/li>\n<p>&#13;<\/p>\n<li> Miquel Salv\u00f3 (Dreamland Gran Canaria), 11 internacionalidades<\/li>\n<p>&#13;<\/p>\n<li> Santi Yusta (Casademont Zaragoza), 25 internacionalidades<\/li>\n<\/ul>\n<p> Miguel Allen (Joventut Badalona) y Miguel Gonz\u00e1lez (Casademont Zaragoza) acudir\u00e1n a la concentraci\u00f3n en calidad de invitados. El equipo se reunir\u00e1 el lunes 24 de noviembre en Guadalajara, donde prepara el partido que enfrentar\u00e1 a #LaFamilia con Dinamarca en la localidad de Farum el jueves 27 (18:30 horas). La Selecci\u00f3n pondr\u00e1 rumbo a Tenerife al d\u00eda siguiente. El Pabell\u00f3n de Deportes de Tenerife Santiago Mart\u00edn es el escenario elegido para el debut como local de Chus Mateo al frente de Espa\u00f1a. El encuentro ante Georgia tendr\u00e1 lugar el domingo 30 a las 19:45 horas (18:45 en Canarias). Ambos encuentros se podr\u00e1n seguir en directo por Teledeporte.<\/p>\n<p>Mateo encabezar\u00e1 un cuerpo t\u00e9cnico que est\u00e1 formado por los siguientes componentes.<br \/>&#13;\n<\/p>\n<ul>&#13;<\/p>\n<li> Entrenadores ayudantes: Paco Redondo, Guillermo Frutos, Paco Aurioles y Arturo Ruiz<\/li>\n<p>&#13;<\/p>\n<li> M\u00e9dico: Juan Francisco Abell\u00e1n<\/li>\n<p>&#13;<\/p>\n<li> Fisioterapeutas: Samuel Castillo, Jos\u00e9 Antonio Fern\u00e1ndez y Tom\u00e1s Richartz<\/li>\n<p>&#13;<\/p>\n<li> Preparadores f\u00edsicos: Javi H. Bello y Mar\u00eda Reina<\/li>\n<p>&#13;<\/p>\n<li> Rendimiento: Fausto Jim\u00e9nez<\/li>\n<p>&#13;<\/p>\n<li> Delegados: Javier Cabrerizo y David Ortega<\/li>\n<p>&#13;<\/p>\n<li> Team manager: Carlos Jim\u00e9nez<\/li>\n<\/ul>\n<p>Alberto D\u00edaz ser\u00e1 el capit\u00e1n de un equipo al que regresa Jaime Fern\u00e1ndez una vez superada su lesi\u00f3n. Campeones de Europa en Berl\u00edn 2022, ambos son los jugadores con m\u00e1s internacionalidades de esta lista marcada por una mezcla de juventud y veteran\u00eda. Santi Yusta es el \u00fanico representante de los doce que disputaron este pasado verano el Eurobasket 2025. Tambi\u00e9n cabe destacar el regreso al equipo de Dani D\u00edez, as\u00ed como los debuts de Llu\u00eds Costa y de Great Osobor. En total, hasta 14 clubes (12 de la Liga Endesa) cuentan con representaci\u00f3n entre los 16 jugadores (14+2) convocados.<\/p>\n<p>Chus Mateo: \u201cHe transmitido a los jugadores mi ilusi\u00f3n por formar parte de este equipo\u201d<\/p>\n<p>\u201cEstamos encantados de estar aqu\u00ed en Tenerife para mi segundo partido al frente de la Selecci\u00f3n. Comienza una nueva etapa y, aunque el camino pueda ser dif\u00edcil, lo afrontamos con much\u00edsima ilusi\u00f3n. Una de las cosas que m\u00e1s me motiva, adem\u00e1s de querer demostrar el m\u00e1ximo rendimiento de esta Selecci\u00f3n, es el contacto que he tenido con todos los jugadores. Me he encontrado a un grupo con un compromiso extraordinario y una disposici\u00f3n fant\u00e1stica para formar parte de la Selecci\u00f3n Espa\u00f1ola y representar el alt\u00edsimo nivel de baloncesto que se demuestra en los clubes.<\/p>\n<p>A lo largo de la competici\u00f3n, los clubes espa\u00f1oles siempre han sido ejemplo: tenemos 16 jugadores procedentes de 14 clubes distintos, 12 de ellos representados por jugadores de la Liga Endesa. Quiero hacer una menci\u00f3n especial al trabajo que realizan los clubes, porque sin ellos lo nuestro no ser\u00eda tan bueno como ha sido. Hacen un trabajo extraordinario.<\/p>\n<p>He tratado de estar muy cerca de los jugadores y de transmitirles mi ilusi\u00f3n por formar parte de\u00a0este\u00a0equipo\u201d.<\/p>\n","protected":false},"excerpt":{"rendered":"\u00c1REA DE COMUNICACI\u00d3N FEB Aprovechando la presentaci\u00f3n del partido que enfrentar\u00e1 a Espa\u00f1a y Georgia en el Pabell\u00f3n&hellip;\n","protected":false},"author":2,"featured_media":243656,"comment_status":"","ping_status":"","sticky":false,"template":"","format":"standard","meta":{"footnotes":""},"categories":[269],"tags":[4605,299,1918,298,4597,4613,4616,4609,4608,4610,168,4603,4606,25,24,4120,4598,4614,2713,4601,830,4599,4600,4602,4615,4617,4607,4604,23,167,4611,4612],"class_list":{"0":"post-243655","1":"post","2":"type-post","3":"status-publish","4":"format-standard","5":"has-post-thumbnail","7":"category-baloncesto","8":"tag-arbitros-baloncesto","9":"tag-baloncesto","10":"tag-basket","11":"tag-basketball","12":"tag-basquet","13":"tag-canalfeb","14":"tag-clasificacion","15":"tag-copa-princesa","16":"tag-copa-principe","17":"tag-copa-reina","18":"tag-deportes","19":"tag-eba","20":"tag-entrenadores-baloncesto","21":"tag-es","22":"tag-espana","23":"tag-estadisticas","24":"tag-federacion-baloncesto","25":"tag-jornada-virtual","26":"tag-jugadores","27":"tag-laeb-plata","28":"tag-leb-oro","29":"tag-liga-espana","30":"tag-liga-espanola-baloncesto","31":"tag-liga-femenina","32":"tag-marcadores-baloncesto","33":"tag-rankings","34":"tag-reglas-baloncesto","35":"tag-seleccion-baloncesto","36":"tag-spain","37":"tag-sports","38":"tag-supercopa","39":"tag-television-baloncesto"},"share_on_mastodon":{"url":"","error":"Validation failed: Text character limit of 500 exceeded"},"_links":{"self":[{"href":"https:\/\/www.europesays.com\/es\/wp-json\/wp\/v2\/posts\/243655","targetHints":{"allow":["GET"]}}],"collection":[{"href":"https:\/\/www.europesays.com\/es\/wp-json\/wp\/v2\/posts"}],"about":[{"href":"https:\/\/www.europesays.com\/es\/wp-json\/wp\/v2\/types\/post"}],"author":[{"embeddable":true,"href":"https:\/\/www.europesays.com\/es\/wp-json\/wp\/v2\/users\/2"}],"replies":[{"embeddable":true,"href":"https:\/\/www.europesays.com\/es\/wp-json\/wp\/v2\/comments?post=243655"}],"version-history":[{"count":0,"href":"https:\/\/www.europesays.com\/es\/wp-json\/wp\/v2\/posts\/243655\/revisions"}],"wp:featuredmedia":[{"embeddable":true,"href":"https:\/\/www.europesays.com\/es\/wp-json\/wp\/v2\/media\/243656"}],"wp:attachment":[{"href":"https:\/\/www.europesays.com\/es\/wp-json\/wp\/v2\/media?parent=243655"}],"wp:term":[{"taxonomy":"category","embeddable":true,"href":"https:\/\/www.europesays.com\/es\/wp-json\/wp\/v2\/categories?post=243655"},{"taxonomy":"post_tag","embeddable":true,"href":"https:\/\/www.europesays.com\/es\/wp-json\/wp\/v2\/tags?post=243655"}],"curies":[{"name":"wp","href":"https:\/\/api.w.org\/{rel}","templated":true}]}}