{"id":243659,"date":"2025-11-19T00:24:10","date_gmt":"2025-11-19T00:24:10","guid":{"rendered":"https:\/\/www.europesays.com\/es\/243659\/"},"modified":"2025-11-19T00:24:10","modified_gmt":"2025-11-19T00:24:10","slug":"manu-asombra-con-una-racha-insolita-en-pasapalabra-ha-sido-casualidad","status":"publish","type":"post","link":"https:\/\/www.europesays.com\/es\/243659\/","title":{"rendered":"Manu asombra con una racha ins\u00f3lita en Pasapalabra: \u201c\u00bfHa sido casualidad?\u201d"},"content":{"rendered":"<p>Hay que hacer mucha memoria entre las 384 tardes que <b>Manu<\/b> lleva en <b>Pasapalabra<\/b> para encontrar un precedente. El concursante madrile\u00f1o ha sorprendido con su segunda victoria consecutiva en <b>La Pista. <\/b>Dado su historial, <b>Roberto Leal <\/b>ha bromeado al mandar un mensaje a <b>Vicente Vall\u00e9s y Esther Vaquero<\/b> de cara a la edici\u00f3n de Noticias posterior: \u201cTen\u00e9is que abrir el informativo con esto\u201d. Algo similar coment\u00f3 en el pasado programa por una situaci\u00f3n que protagoniz\u00f3 <b>Rosa.<\/b><\/p>\n<p>Los concursantes han viajado con su canci\u00f3n al a\u00f1o 1977. El primer fragmento ha dejado a Rosa pensativa, aunque sin llegar a buen puerto. El turno ha pasado a Manu y, para asombro de Roberto, con su sonrisa ha desvelado que se la sab\u00eda. \u00a1Hasta la ha cantado! Con \u2018The passenger\u2019, ha sumado cinco valiosos segundos.<\/p>\n<p>El presentador, todav\u00eda flipando por la racha del concursante, le ha preguntado si ha estado escuchando m\u00e1s m\u00fasica o ha sido \u201ccasualidad\u201d. La respuesta de Manu ha sido muy esclarecedora. <b>\u00a1No te lo pierdas en el v\u00eddeo!<\/b><\/p>\n","protected":false},"excerpt":{"rendered":"Hay que hacer mucha memoria entre las 384 tardes que Manu lleva en Pasapalabra para encontrar un precedente.&hellip;\n","protected":false},"author":2,"featured_media":243660,"comment_status":"","ping_status":"","sticky":false,"template":"","format":"standard","meta":{"footnotes":""},"categories":[174],"tags":[255,146,147,25,24,256,23],"class_list":{"0":"post-243659","1":"post","2":"type-post","3":"status-publish","4":"format-standard","5":"has-post-thumbnail","7":"category-famosos","8":"tag-celebrities","9":"tag-entertainment","10":"tag-entretenimiento","11":"tag-es","12":"tag-espana","13":"tag-famosos","14":"tag-spain"},"share_on_mastodon":{"url":"https:\/\/pubeurope.com\/@es\/115573520251042710","error":""},"_links":{"self":[{"href":"https:\/\/www.europesays.com\/es\/wp-json\/wp\/v2\/posts\/243659","targetHints":{"allow":["GET"]}}],"collection":[{"href":"https:\/\/www.europesays.com\/es\/wp-json\/wp\/v2\/posts"}],"about":[{"href":"https:\/\/www.europesays.com\/es\/wp-json\/wp\/v2\/types\/post"}],"author":[{"embeddable":true,"href":"https:\/\/www.europesays.com\/es\/wp-json\/wp\/v2\/users\/2"}],"replies":[{"embeddable":true,"href":"https:\/\/www.europesays.com\/es\/wp-json\/wp\/v2\/comments?post=243659"}],"version-history":[{"count":0,"href":"https:\/\/www.europesays.com\/es\/wp-json\/wp\/v2\/posts\/243659\/revisions"}],"wp:featuredmedia":[{"embeddable":true,"href":"https:\/\/www.europesays.com\/es\/wp-json\/wp\/v2\/media\/243660"}],"wp:attachment":[{"href":"https:\/\/www.europesays.com\/es\/wp-json\/wp\/v2\/media?parent=243659"}],"wp:term":[{"taxonomy":"category","embeddable":true,"href":"https:\/\/www.europesays.com\/es\/wp-json\/wp\/v2\/categories?post=243659"},{"taxonomy":"post_tag","embeddable":true,"href":"https:\/\/www.europesays.com\/es\/wp-json\/wp\/v2\/tags?post=243659"}],"curies":[{"name":"wp","href":"https:\/\/api.w.org\/{rel}","templated":true}]}}