{"id":243689,"date":"2025-11-19T00:49:15","date_gmt":"2025-11-19T00:49:15","guid":{"rendered":"https:\/\/www.europesays.com\/es\/243689\/"},"modified":"2025-11-19T00:49:15","modified_gmt":"2025-11-19T00:49:15","slug":"desmontando-la-intimidad-y-la-belleza-de-suera-de-la-mano-de-paula-bonet","status":"publish","type":"post","link":"https:\/\/www.europesays.com\/es\/243689\/","title":{"rendered":"Desmontando la intimidad y la belleza de Suera de la mano de Paula Bonet"},"content":{"rendered":"<p>CASTELL\u00d3.\u00a0Ya son unos cuantos los a\u00f1os en los que <strong>Paula Bonet<\/strong> (Vila-real, 1980) est\u00e1 de momento dulce. Exposiciones, viajes, clases en su taller de Barcelona, libros\u2026 y ahora tiene entre manos el regalo de ejercer de madrina de ceremonias de un <strong>Retiro de Lectura<\/strong> de un d\u00eda en Suera. La cita es el s\u00e1bado 22 de noviembre y hasta este municipio de la Plana Baixa, hogar de sus abuelos, llegar\u00e1 la pintora para \u2018intervenir\u2019 a <strong>Rafael Chirbes<\/strong>, el escritor valenciano que falleci\u00f3 hace diez a\u00f1os y al que Paula ha unido ya para siempre su nombre y su obra gracias a la edici\u00f3n de \u2018El a\u00f1o que nev\u00f3 en Valencia\u2019 que <strong>Anagrama <\/strong>ha publicado recientemente en el que ambos dialogan. Y esa comuni\u00f3n entre el texto de Chirbes y las reproducciones de las pinturas de Bonet sirve de fondo para esta jornada que ha organizado el proyecto <strong>Remanso<\/strong>, dedicado a crear espacios de lectura profunda y reflexi\u00f3n literaria por diferentes puntos de Espa\u00f1a.<\/p>\n<p>Los organizadores de la cita de Suera han agradecido la \u201camabilidad y generosidad\u201d de la ilustradora \u201cpor su disposici\u00f3n a ense\u00f1arnos un rinc\u00f3n de Castell\u00f3n como este. Un pueblito de pocos habitantes, de naturaleza y silencio; un rinc\u00f3n de ra\u00edces y pintura\u201d.<\/p>\n<p>Las actividades, que se prolongar\u00e1n hasta \u00faltima hora de la tarde, se iniciar\u00e1n a las 11.00 horas y est\u00e1n programadas alrededor del libro \u2018El a\u00f1o que nev\u00f3 en Valencia\u2019. El encuentro arrancar\u00e1 con la \u00a0lectura, escucha y conversaci\u00f3n de esta peque\u00f1a obra de Chirbes de 56 p\u00e1ginas sobre las que tanto ha estudiado Bonet. Se dar\u00e1 paso a un almuerzo gastron\u00f3mico local y se desgranar\u00e1 la \u201cintimidad\u201d y la \u201cbelleza\u201d de Suera, del que la pintora hablar\u00e1 y explicar\u00e1 su v\u00ednculo familiar. Hay que tener en cuenta que, como cuenta la propia Paula en el escrito que recoge la \u00faltima edici\u00f3n del libro del valenciano, fue en Suera donde se refugi\u00f3 los d\u00edas previos a la entrega de la obra a su editora. Ya por la tarde se abrir\u00e1 un c\u00edrculo de conversaci\u00f3n titulado \u2018Obra y vida de Rafael Chirbes\u2019 que dar\u00e1 paso al tiempo de desconexi\u00f3n, descanso y contemplaci\u00f3n del pueblo.<\/p>\n<p>&#13;<br \/>\n<img decoding=\"async\" alt=\"\" itemprop=\"url\" src=\"https:\/\/www.europesays.com\/es\/wp-content\/uploads\/2025\/11\/articulos-1711513.jpg\" title=\" - \"\/>&#13;<\/p>\n<p>Un enclave por descubrir<\/p>\n<p>Este particular proyecto cuenta con la colaboraci\u00f3n del <strong>Ayuntamiento de Suera<\/strong> y, tal como informan \u00a0sus organizadores, pretenden mostrar a los lectores y curiosos que se sumen a la jornada de retiro \u201cun enclave entre monta\u00f1as, pinos y alcornoques situado en la Serra d\u2019Espad\u00e0. Paseando por el casco urbano de Suera descubriremos un trazado musulm\u00e1n y un aspecto tradicional con fachadas blancas. En sus alrededores hay mucho que hacer, como recorrer el Paseo de Castro que te lleva de fuente en fuente. Es muy destacable su naturaleza para hacer senderismo y paseos contemplativos\u201d.<\/p>\n<p>Los Retiros Remanso son experiencias dise\u00f1adas para lectores y lectoras que buscan un encuentro \u00edntimo con la literatura, el silencio y la calma. Durante un d\u00eda, los participantes se sumergen en un ambiente de lectura atenta, conversaci\u00f3n y descanso, en escenarios \u00fanicos que invitan a la inspiraci\u00f3n y la serenidad.<\/p>\n","protected":false},"excerpt":{"rendered":"CASTELL\u00d3.\u00a0Ya son unos cuantos los a\u00f1os en los que Paula Bonet (Vila-real, 1980) est\u00e1 de momento dulce. Exposiciones,&hellip;\n","protected":false},"author":2,"featured_media":243690,"comment_status":"","ping_status":"","sticky":false,"template":"","format":"standard","meta":{"footnotes":""},"categories":[173],"tags":[229,233,231,230,232,234,146,147,25,24,23],"class_list":{"0":"post-243689","1":"post","2":"type-post","3":"status-publish","4":"format-standard","5":"has-post-thumbnail","7":"category-arte-y-diseno","8":"tag-arte","9":"tag-arte-y-diseno","10":"tag-arts","11":"tag-arts-and-design","12":"tag-design","13":"tag-diseno","14":"tag-entertainment","15":"tag-entretenimiento","16":"tag-es","17":"tag-espana","18":"tag-spain"},"share_on_mastodon":{"url":"https:\/\/pubeurope.com\/@es\/115573618560498056","error":""},"_links":{"self":[{"href":"https:\/\/www.europesays.com\/es\/wp-json\/wp\/v2\/posts\/243689","targetHints":{"allow":["GET"]}}],"collection":[{"href":"https:\/\/www.europesays.com\/es\/wp-json\/wp\/v2\/posts"}],"about":[{"href":"https:\/\/www.europesays.com\/es\/wp-json\/wp\/v2\/types\/post"}],"author":[{"embeddable":true,"href":"https:\/\/www.europesays.com\/es\/wp-json\/wp\/v2\/users\/2"}],"replies":[{"embeddable":true,"href":"https:\/\/www.europesays.com\/es\/wp-json\/wp\/v2\/comments?post=243689"}],"version-history":[{"count":0,"href":"https:\/\/www.europesays.com\/es\/wp-json\/wp\/v2\/posts\/243689\/revisions"}],"wp:featuredmedia":[{"embeddable":true,"href":"https:\/\/www.europesays.com\/es\/wp-json\/wp\/v2\/media\/243690"}],"wp:attachment":[{"href":"https:\/\/www.europesays.com\/es\/wp-json\/wp\/v2\/media?parent=243689"}],"wp:term":[{"taxonomy":"category","embeddable":true,"href":"https:\/\/www.europesays.com\/es\/wp-json\/wp\/v2\/categories?post=243689"},{"taxonomy":"post_tag","embeddable":true,"href":"https:\/\/www.europesays.com\/es\/wp-json\/wp\/v2\/tags?post=243689"}],"curies":[{"name":"wp","href":"https:\/\/api.w.org\/{rel}","templated":true}]}}