{"id":243693,"date":"2025-11-19T00:52:23","date_gmt":"2025-11-19T00:52:23","guid":{"rendered":"https:\/\/www.europesays.com\/es\/243693\/"},"modified":"2025-11-19T00:52:23","modified_gmt":"2025-11-19T00:52:23","slug":"radio-clasica-celebra-su-60o-aniversario-con-una-maraton-musical","status":"publish","type":"post","link":"https:\/\/www.europesays.com\/es\/243693\/","title":{"rendered":"Radio Cl\u00e1sica celebra su 60\u00ba aniversario con una marat\u00f3n musical"},"content":{"rendered":"<p style=\"text-align:justify;\"><a href=\"https:\/\/www.rtve.es\/radio\/radioclasica\/\" rel=\"nofollow noopener\" target=\"_blank\">Radio Cl\u00e1sica<\/a> celebra este s\u00e1bado, 22 de noviembre, el 60\u00ba aniversario del comienzo de sus emisiones. Coincidiendo con el D\u00eda de Santa Cecilia, Patrona de la M\u00fasica, ha organizado una <strong>marat\u00f3n musical en directo <\/strong>en el Auditorio del Centro de Cultura Contempor\u00e1nea Conde Duque de Madrid. M\u00e1s de <strong>una veintena de artistas<\/strong> <strong>interpretar\u00e1n m\u00fasica en vivo<\/strong>. Los presentadores de Radio Cl\u00e1sica conversar\u00e1n con ellos y con personalidades de la vida musical espa\u00f1ola sobre los 60 a\u00f1os de la emisora. Una fiesta musical y cultural con acceso gratuito hasta completar el aforo.<\/p>\n<p><strong>Programaci\u00f3n en directo desde las 14:00 hasta las 22:00<\/strong><\/p>\n<p style=\"text-align:justify;\">La celebraci\u00f3n comenzar\u00e1 a las 14:00 con <strong>Mart\u00edn Llade<\/strong> y <strong>Clara Corrales<\/strong>. Acompa\u00f1ados en vivo por <strong>Dar\u00edo Meta<\/strong> al piano, recrear\u00e1n el nacimiento del Segundo Programa en 1965 a trav\u00e9s de un relato similar al que diariamente ofrecen en \u2018<a href=\"https:\/\/www.rtve.es\/play\/radio\/colecciones\/sinfonia-de-la-manana-tv\/4115\/\" rel=\"nofollow noopener\" target=\"_blank\">Sinfon\u00eda de la ma\u00f1ana<\/a><strong>\u2019<\/strong>. Entrevistar\u00e1n a <strong>Juan Bauluz<\/strong> y a <strong>Nacho Rem\u00f3n Valea<\/strong>, de Warner Classics Spain, junto a <strong>Eva Sandoval<\/strong>, directora de <strong>Radio Cl\u00e1sica<\/strong>, para desgranar todos los secretos del doble \u00e1lbum conmemorativo \u2018<a href=\"https:\/\/www.rtve.es\/rtve\/20251111\/nuevo-doble-cd-radio-clasica-60-aniversario-mucho-mas-musica\/16810212.shtml\" rel=\"nofollow noopener\" target=\"_blank\">Radio Cl\u00e1sica 60 aniversario: Mucho m\u00e1s que m\u00fasica<\/a>\u2019. A lo largo de la marat\u00f3n radiof\u00f3nica se sortear\u00e1n varios ejemplares entre el p\u00fablico asistente. Adem\u00e1s, los discos se podr\u00e1n adquirir en el Auditorio de Conde Duque.<\/p>\n<p style=\"text-align:justify;\">A las 15:00, <strong>Amaya Prieto<\/strong> y <strong>Carlos Hern\u00e1ndez S\u00e1nchez<\/strong>, de \u2018<strong>M\u00fasica a la carta<\/strong>\u2019, recibir\u00e1n al tenor <strong>Pablo Garc\u00eda-L\u00f3pez<\/strong> y a la arpista <strong>Sara \u00c1gueda<\/strong>, quienes interpretar\u00e1n obras de Frescobaldi, Hidalgo y Monteverdi. En esta franja dedicada a la m\u00fasica antigua compartir\u00e1n conversaci\u00f3n con <strong>Andr\u00e9s Lacasa<\/strong>, de <strong>Iberm\u00fasica<\/strong>, con quien hablar\u00e1n sobre la nueva <a href=\"https:\/\/www.rtve.es\/television\/20251107\/radio-clasica-comienza-nueva-colaboracion-con-ibermusica-con-emision-conciertos-del-ciclo-km0-madrid-barcelona\/16805343.shtml\" rel=\"nofollow noopener\" target=\"_blank\">colaboraci\u00f3n<\/a> entre Radio Cl\u00e1sica y el Ciclo Km0 de Iberm\u00fasica y BCN Cl\u00e0ssics.<\/p>\n<p>Marat\u00f3n musical para celebrar el 60\u00ba aniversario de Radio Cl\u00e1sica\u00a0RTVE<\/p>\n<p style=\"text-align:justify;\"><strong>Julio Valverde<\/strong> (\u2018<strong>Rubato\u2019<\/strong>) y <strong>Nacho Arbalejo<\/strong> (\u2018<strong>Radar cl\u00e1sico\u2019<\/strong>), tomar\u00e1n el relevo a las 15:50 para disfrutar con parte del espect\u00e1culo <strong>\u2018Satie for two\u2019<\/strong> de <strong>Chema Saiz<\/strong> (guitarra el\u00e9ctrica) y <strong>Federico Lechner<\/strong> (piano) que nos sumerge en uno de los repertorios hist\u00f3ricos de la emisora junto al cl\u00e1sico: el jazz. Estar\u00e1n acompa\u00f1ados por <strong>Miguel \u00c1ngel Mar\u00edn<\/strong>, de la <strong>Fundaci\u00f3n Juan March<\/strong>, con quien charlar\u00e1n sobre esta colaboraci\u00f3n hist\u00f3rica entre Radio Cl\u00e1sica y la March, que ha superado ya las tres d\u00e9cadas, y las novedades relacionadas con la <a href=\"https:\/\/www.rtve.es\/television\/20251104\/radio-clasica-se-situa-como-quinta-emisora-europea-numero-conciertos-seleccionados-para-temporada-euroradio-2025-2026\/16799908.shtml\" rel=\"nofollow noopener\" target=\"_blank\">Uni\u00f3n Europea de Radiotelevisi\u00f3n<\/a>.<\/p>\n<p style=\"text-align:justify;\">A las 16:40 comenzar\u00e1 la franja dedicada a la <strong>Orquesta y Coro Nacionales de Espa\u00f1a<\/strong>, formaciones que semanalmente emiten en Radio Cl\u00e1sica sus conciertos desde hace a\u00f1os. <strong>Irene de Juan<\/strong> (\u2018<strong>Una tarde en la \u00f3pera\u2019<\/strong> y \u2018<strong>Romanticismo\u2019<\/strong>) y <strong>David Herv\u00e1s<\/strong> (\u2018<strong>Rubato\u2019<\/strong>) entrevistar\u00e1n a su director t\u00e9cnico, F\u00e9lix Palomero, quien tambi\u00e9n form\u00f3 parte de la familia de la emisora en los a\u00f1os ochenta. El violinista <strong>Miguel Colom<\/strong> (actual concertino de la OCNE) y el violonchelista <strong>Fernando Arias<\/strong> regalar\u00e1n su interpretaci\u00f3n en vivo de obras de Bach, Cassad\u00f3 y Haendel-Halvorsen.<\/p>\n<p style=\"text-align:justify;\">A las 17:30, tomar\u00e1n el mando <strong>Mikaela Vergara<\/strong> (\u2018<strong>M\u00fasicas con alma\u2019<\/strong> y \u2018<strong>Archivo de Radio Cl\u00e1sica\u2019<\/strong>) y <strong>Germ\u00e1n Garc\u00eda Tom\u00e1s<\/strong> (\u2018<strong>La taberna del puerto<\/strong>\u2019 y \u2018<strong>Fila 0: OSRTVE\u2019 <\/strong>y<strong> \u2018<\/strong><a href=\"https:\/\/www.rtve.es\/play\/audios\/los-conciertos-de-radio-clasica\/\" rel=\"nofollow noopener\" target=\"_blank\">Los conciertos de Radio Cl\u00e1sica<\/a>\u2019). La <strong>Escuela Superior de M\u00fasica Reina Sof\u00eda<\/strong> y la emisora colaboran desde hace m\u00e1s de treinta a\u00f1os en el ciclo \u201cSolistas del siglo XXI\u201d. Sobre esta coproducci\u00f3n y sobre sus novedades (<a href=\"https:\/\/www.rtve.es\/television\/20251010\/radio-clasica-amplia-su-cobertura-conciertos-escuela-superior-musica-reina-sofia\/16764698.shtml\" rel=\"nofollow noopener\" target=\"_blank\">Conciertos de la Escuela Superior de M\u00fasica Reina Sof\u00eda<\/a>) hablar\u00e1n <strong>Gustavo N\u00fa\u00f1ez<\/strong>, catedr\u00e1tico de fagot, y <strong>\u00d3scar Colomina<\/strong>, decano de la prestigiosa escuela. Escucharemos a los alumnos fagotistas <strong>Juan Carlos Paredes Guti\u00e9rrez<\/strong> y <strong>Jos\u00e9 Manuel L\u00f3pez Agarrado<\/strong>.<\/p>\n<p style=\"text-align:justify;\">Desde la creaci\u00f3n del <strong>Centro Nacional de Difusi\u00f3n Musical<\/strong> en 2011, Radio Cl\u00e1sica ha colaborado en la divulgaci\u00f3n de sus actividades. A las 18:20h, <strong>Yolanda Criado<\/strong> (\u2018<strong>Radar cl\u00e1sico\u2019<\/strong> y \u2018<strong>La riproposta\u2019<\/strong>) y <strong>Gracia Terr\u00e9n<\/strong> (\u2018<a href=\"https:\/\/www.rtve.es\/play\/audios\/radar-clasico\/\" rel=\"nofollow noopener\" target=\"_blank\">Radar cl\u00e1sico\u2019<\/a>) reciben a <strong>Maider M\u00fagica<\/strong> (CNDM) para conversar sobre la situaci\u00f3n de esta alianza. El clarinetista <strong>Pablo Barrag\u00e1n<\/strong> y la pianista <strong>Noelia Rodiles<\/strong> interpretar\u00e1n obras de Falla y Bart\u00f3k y el estreno absoluto de \u2018Canci\u00f3n de Amor n\u00ba 7: Sara\u2019 de Jes\u00fas Rueda.<\/p>\n<p><strong>Conciertos, entrevistas y participaci\u00f3n del p\u00fablico <\/strong><\/p>\n<p style=\"text-align:justify;\"><strong>Diego Requena<\/strong> (\u2018<strong>La zarzuela\u2019<\/strong> y \u2018<strong>Programa de mano: UER\u2019<\/strong>) introducir\u00e1 a las 19:10 al quinteto de viento metal de la <strong>Orquesta Sinf\u00f3nica RTVE<\/strong> formado por <strong>Carlos Hig\u00f3n<\/strong> (trompeta), <strong>Germ\u00e1n Asensi <\/strong>(trompeta), <strong>Miguel Guerra<\/strong> (trompa), <strong>Ximo Vicedo<\/strong> (tromb\u00f3n) y <strong>Mario Torrijo<\/strong> (tuba). Se podr\u00e1 disfrutar de obras festivas de Crespo, MacDonald, Johnson o Smith. Adem\u00e1s, se podr\u00e1 escuchar a <strong>Estefan\u00eda Garc\u00eda Nieto<\/strong> (OSRTVE), <strong>Arturo Morales<\/strong> y <strong>Benjam\u00edn N\u00fa\u00f1ez<\/strong> (\u2018<a href=\"https:\/\/www.rtve.es\/television\/conciertos-la-2\/\" rel=\"nofollow noopener\" target=\"_blank\">Los Conciertos de La 2<\/a><strong>\u2019<\/strong>) conversando sobre esta triple alianza de RTVE en favor de la m\u00fasica cl\u00e1sica: orquesta, televisi\u00f3n y radio.<\/p>\n<p style=\"text-align:justify;\">La franja de las 20:00 contendr\u00e1 uno de los momentos m\u00e1s especiales. Comenzar\u00e1n <strong>Clara S\u00e1nchez<\/strong> (\u2018<a href=\"https:\/\/www.rtve.es\/play\/audios\/estudio-206\/\" rel=\"nofollow noopener\" target=\"_blank\">Estudio 206,<\/a>\u2019 \u2018<strong>Caf\u00e9 Zimmermann\u2019<\/strong> y \u2018<strong>Crescendo\u2019<\/strong>) y <strong>Elena Horta<\/strong> (\u2018<strong>En blanco y negro<\/strong>\u2019) entrevistando a <strong>Mar\u00eda del Ser<\/strong> (\u2018<strong>Grandes Ciclos\u2019<\/strong>, \u2018<strong>La ciudad silenciosa\u2019 <\/strong>y<strong> \u2018<\/strong><a href=\"https:\/\/www.rtve.es\/play\/audios\/fila-cero\/\" rel=\"nofollow noopener\" target=\"_blank\">Fila cero: Los conciertos de Radio Cl\u00e1sica<\/a><strong>\u2019<\/strong>) sobre las novedades de la temporada en conciertos de producci\u00f3n propia, grabados o transmitidos en directo desde diversos puntos de la geograf\u00eda espa\u00f1ola. Despu\u00e9s, recibir\u00e1n al gestor musical <strong>Antonio Moral<\/strong> (<strong>C\u00edrculo de C\u00e1mara<\/strong>) y al pianista noruego <strong>Leif Ove Andsnes<\/strong>, referencia mundial que interpretar\u00e1 una conocida obra de Debussy.<\/p>\n<p style=\"text-align:justify;\">El fin de fiesta llegar\u00e1 a las 21:00 de la mano de la voz, el coro y la participaci\u00f3n del p\u00fablico. <strong>Ana Cortijo<\/strong> y <strong>Fernando Bl\u00e1zquez<\/strong> (\u2018<a href=\"https:\/\/www.rtve.es\/play\/audios\/clasicos-populares\/\" rel=\"nofollow noopener\" target=\"_blank\">Cl\u00e1sicos populares<\/a><strong>\u2019<\/strong>) recibir\u00e1n al <strong>Coro Singerhood<\/strong> liderado por <strong>Marcos Cast\u00e1n<\/strong> y acompa\u00f1ado al piano por <strong>Dar\u00edo Meta<\/strong>. El Coro Singerhood surge a trav\u00e9s de la APP creada para la pr\u00e1ctica coral, amateur y profesional, e impulsada por RTVE: <a href=\"https:\/\/singerhood.com\/\" rel=\"nofollow noopener\" target=\"_blank\">The APP created for choir practice &#8211; SATB Choir<\/a>.La emisora invita a los oyentes a practicar en sus casas las voces de estas piezas que interpretar\u00e1 el coro: <\/p>\n<p style=\"text-align:justify;\">&#8211; \u200eGiuseppe Verdi: Nabucco; coro acto III \u2018Va, pensiero\u2019<\/p>\n<p style=\"text-align:justify;\">&#8211; \u200eAntonio Vivaldi: Gloria, RV 589; I. \u2018Gloria in excelsis Deo\u2019 <\/p>\n<p style=\"text-align:justify;\">&#8211; Carl Orff: \u200eCarmina Burana; X. \u2018Were diu Werlt alle min\u2019<\/p>\n<p style=\"text-align:justify;\">&#8211; \u200eTom\u00e1s Bret\u00f3n: La Dolores; acto I \u2018Jota\u2019<\/p>\n<p style=\"text-align:justify;\">&#8211; \u200eCancionero de Uppsala: Verbum caro <\/p>\n<p style=\"text-align:justify;\">El cumplea\u00f1os concluir\u00e1 con <strong>Pablo Sanz <\/strong>(<strong>Centro de Cultura Contempor\u00e1nea Conde Duque<\/strong>), que hablar\u00e1 sobre la nueva colaboraci\u00f3n entre Radio Cl\u00e1sica y su instituci\u00f3n. Cerrar\u00e1 la marat\u00f3n para agradecer el esfuerzo colectivo de RNE en este evento extraordinario <strong>Eva Sandoval<\/strong>. <\/p>\n","protected":false},"excerpt":{"rendered":"Radio Cl\u00e1sica celebra este s\u00e1bado, 22 de noviembre, el 60\u00ba aniversario del comienzo de sus emisiones. Coincidiendo con&hellip;\n","protected":false},"author":2,"featured_media":243694,"comment_status":"","ping_status":"","sticky":false,"template":"","format":"standard","meta":{"footnotes":""},"categories":[170],"tags":[146,147,25,24,184,185,23],"class_list":{"0":"post-243693","1":"post","2":"type-post","3":"status-publish","4":"format-standard","5":"has-post-thumbnail","7":"category-musica","8":"tag-entertainment","9":"tag-entretenimiento","10":"tag-es","11":"tag-espana","12":"tag-music","13":"tag-musica","14":"tag-spain"},"share_on_mastodon":{"url":"https:\/\/pubeurope.com\/@es\/115573630280378852","error":""},"_links":{"self":[{"href":"https:\/\/www.europesays.com\/es\/wp-json\/wp\/v2\/posts\/243693","targetHints":{"allow":["GET"]}}],"collection":[{"href":"https:\/\/www.europesays.com\/es\/wp-json\/wp\/v2\/posts"}],"about":[{"href":"https:\/\/www.europesays.com\/es\/wp-json\/wp\/v2\/types\/post"}],"author":[{"embeddable":true,"href":"https:\/\/www.europesays.com\/es\/wp-json\/wp\/v2\/users\/2"}],"replies":[{"embeddable":true,"href":"https:\/\/www.europesays.com\/es\/wp-json\/wp\/v2\/comments?post=243693"}],"version-history":[{"count":0,"href":"https:\/\/www.europesays.com\/es\/wp-json\/wp\/v2\/posts\/243693\/revisions"}],"wp:featuredmedia":[{"embeddable":true,"href":"https:\/\/www.europesays.com\/es\/wp-json\/wp\/v2\/media\/243694"}],"wp:attachment":[{"href":"https:\/\/www.europesays.com\/es\/wp-json\/wp\/v2\/media?parent=243693"}],"wp:term":[{"taxonomy":"category","embeddable":true,"href":"https:\/\/www.europesays.com\/es\/wp-json\/wp\/v2\/categories?post=243693"},{"taxonomy":"post_tag","embeddable":true,"href":"https:\/\/www.europesays.com\/es\/wp-json\/wp\/v2\/tags?post=243693"}],"curies":[{"name":"wp","href":"https:\/\/api.w.org\/{rel}","templated":true}]}}