{"id":243806,"date":"2025-11-19T02:23:08","date_gmt":"2025-11-19T02:23:08","guid":{"rendered":"https:\/\/www.europesays.com\/es\/243806\/"},"modified":"2025-11-19T02:23:08","modified_gmt":"2025-11-19T02:23:08","slug":"eran-cigarrillos-de-hierbas-estaban-asquerosos","status":"publish","type":"post","link":"https:\/\/www.europesays.com\/es\/243806\/","title":{"rendered":"Eran cigarrillos de hierbas, estaban asquerosos"},"content":{"rendered":"<p class=\"c-paragraph\"><a href=\"https:\/\/www.20minutos.es\/tags\/instituciones-empresas\/el-hormiguero.html\" title=\"El hormiguero\" rel=\"nofollow noopener\" target=\"_blank\">El Hormiguero<\/a> ha contado este martes con la visita de <a href=\"https:\/\/www.20minutos.es\/tags\/temas\/alvaro-morte.html\" title=\"\u00c1lvaro Morte\" rel=\"nofollow noopener\" target=\"_blank\">\u00c1lvaro Morte<\/a>. El actor ha acudido al programa de\u00a0<a href=\"https:\/\/www.20minutos.es\/tags\/personas\/pablo-motos.html\" title=\"Pablo Motos\" rel=\"nofollow noopener\" target=\"_blank\">Pablo Motos<\/a> para <b>presentar Anatom\u00eda de un instante,<\/b> serie en la que protagoniza a Adolfo Su\u00e1rez y que <a href=\"https:\/\/www.20minutos.es\/cinemania\/series\/anatomia-instante-miniserie-alvaro-morte-eduard-fernandez-movistar-plus_6663307_0.html\" title=\"&#039;Anatom\u00eda de un instante&#039;: la miniserie sobre el 23-F con \u00c1lvaro Morte y Eduard Fern\u00e1ndez que llega a Movistar Plus+\" rel=\"nofollow noopener\" target=\"_blank\">se estrena en Movistar +<\/a> este jueves 20 de noviembre.<\/p>\n<p class=\"c-paragraph\">Durante la entrevista, el int\u00e9rprete explic\u00f3 c\u00f3mo <b>ha afrontado y se ha preparado para este papel<\/b>, pero tambi\u00e9n aprovech\u00f3 para contar alguna que otra an\u00e9cdota ocurrida en el rodaje.<\/p>\n<p class=\"c-paragraph\">\u00abMe gustar\u00eda pensar que a la gente que no ha estudiado la Transici\u00f3n en el colegio le va a pasar un poco como a m\u00ed, que<b> he descubierto much\u00edsimas cosas de aquel periodo<\/b> y personajes, que hicieron aquella cosa tan tremenda que pasar del franquismo a la democracia&#8230; Me ha parecido muy interesante\u00bb, asegur\u00f3 en una primera instancia.<\/p>\n<p class=\"c-paragraph\">Tras este matiz y detallar c\u00f3mo se meti\u00f3 en el personaje, Pablo Motos le ha preguntado a su invitado por un tema que est\u00e1 presente en la serie: <b>el tabaco<\/b>. \u00abNo quiero dejarlo pasar\u00bb, le coment\u00f3 el presentador. \u00abYo si quiero\u00bb, le respondi\u00f3 Morte entre risas.<\/p>\n<p class=\"c-paragraph\">\u00abMe imagino que Eduard Fern\u00e1ndez estaba en Disneyland diciendo &#8216;por fin una serie en la que me puedo fumar un piti\u00bb, apunt\u00f3 el de Requena. \u00abEduard bromeaba y dec\u00eda &#8216;joe, ahora que lo hab\u00eda dejado&#8230;\u00bb, indic\u00f3 el actor. \u00ab<b>\u00bfY t\u00fa? Porque t\u00fa no fumas<\/b>\u00ab, quiso saber Motos sobre c\u00f3mo fue para \u00c1lvaro Morte el tener que grabar con este a\u00f1adido. \u00abFum\u00e9 hace much\u00edsimos a\u00f1os, hasta que entr\u00e9 en raz\u00f3n y hoy por hoy soy muy antitabaco porque se lo da\u00f1ino que es y no me gusta\u00bb, aleg\u00f3.<\/p>\n<p class=\"c-paragraph\">Sin embargo, no le qued\u00f3 m\u00e1s remedio que convivir con ello: \u00abEn aquella \u00e9poca se fumaba hasta en los aviones y bueno, nos daban dos opciones: unos cigarrillos que son los que menos nicotina tienen y <b>otros eran de hierbas, igualmente estaban asquerosos e infumables, <\/b>pero ten\u00edamos que fum\u00e1rnoslos y estuvimos meses\u00bb. \u00abPuaj\u00bb, expres\u00f3 el presentador ante la explicaci\u00f3n del int\u00e9rprete. \u00abAsqueroso\u00bb, zanj\u00f3 \u00e9l acerca del tema.<\/p>\n","protected":false},"excerpt":{"rendered":"El Hormiguero ha contado este martes con la visita de \u00c1lvaro Morte. El actor ha acudido al programa&hellip;\n","protected":false},"author":2,"featured_media":243807,"comment_status":"","ping_status":"","sticky":false,"template":"","format":"standard","meta":{"footnotes":""},"categories":[174],"tags":[29694,4040,255,5813,146,147,25,24,256,5812,23],"class_list":{"0":"post-243806","1":"post","2":"type-post","3":"status-publish","4":"format-standard","5":"has-post-thumbnail","7":"category-famosos","8":"tag-alvaro-morte","9":"tag-antena-3","10":"tag-celebrities","11":"tag-el-hormiguero","12":"tag-entertainment","13":"tag-entretenimiento","14":"tag-es","15":"tag-espana","16":"tag-famosos","17":"tag-pablo-motos","18":"tag-spain"},"share_on_mastodon":{"url":"https:\/\/pubeurope.com\/@es\/115573987976401283","error":""},"_links":{"self":[{"href":"https:\/\/www.europesays.com\/es\/wp-json\/wp\/v2\/posts\/243806","targetHints":{"allow":["GET"]}}],"collection":[{"href":"https:\/\/www.europesays.com\/es\/wp-json\/wp\/v2\/posts"}],"about":[{"href":"https:\/\/www.europesays.com\/es\/wp-json\/wp\/v2\/types\/post"}],"author":[{"embeddable":true,"href":"https:\/\/www.europesays.com\/es\/wp-json\/wp\/v2\/users\/2"}],"replies":[{"embeddable":true,"href":"https:\/\/www.europesays.com\/es\/wp-json\/wp\/v2\/comments?post=243806"}],"version-history":[{"count":0,"href":"https:\/\/www.europesays.com\/es\/wp-json\/wp\/v2\/posts\/243806\/revisions"}],"wp:featuredmedia":[{"embeddable":true,"href":"https:\/\/www.europesays.com\/es\/wp-json\/wp\/v2\/media\/243807"}],"wp:attachment":[{"href":"https:\/\/www.europesays.com\/es\/wp-json\/wp\/v2\/media?parent=243806"}],"wp:term":[{"taxonomy":"category","embeddable":true,"href":"https:\/\/www.europesays.com\/es\/wp-json\/wp\/v2\/categories?post=243806"},{"taxonomy":"post_tag","embeddable":true,"href":"https:\/\/www.europesays.com\/es\/wp-json\/wp\/v2\/tags?post=243806"}],"curies":[{"name":"wp","href":"https:\/\/api.w.org\/{rel}","templated":true}]}}