{"id":243808,"date":"2025-11-19T02:24:17","date_gmt":"2025-11-19T02:24:17","guid":{"rendered":"https:\/\/www.europesays.com\/es\/243808\/"},"modified":"2025-11-19T02:24:17","modified_gmt":"2025-11-19T02:24:17","slug":"cordoba-rinde-homenaje-a-juan-luis-seco-con-una-exposicion-sobre-los-patios","status":"publish","type":"post","link":"https:\/\/www.europesays.com\/es\/243808\/","title":{"rendered":"C\u00f3rdoba rinde homenaje a Juan Luis Seco con una exposici\u00f3n sobre los Patios"},"content":{"rendered":"<p class=\"article-text\">\n        La Delegaci\u00f3n del Centro Hist\u00f3rico del Ayuntamiento de C\u00f3rdoba presentar\u00e1 este fin de semana la exposici\u00f3n fotogr\u00e1fica &#8216;Inmortalizar el sue\u00f1o&#8217;, un homenaje al fot\u00f3grafo cordob\u00e9s Juan Luis Seco que falleci\u00f3 el pasado mes de julio. La muestra, que busca poner en valor el patrimonio local, abrir\u00e1 al p\u00fablico los d\u00edas 22 y 23 de noviembre en siete patios del Casco Hist\u00f3rico, declarado Patrimonio de la Humanidad.\n    <\/p>\n<p class=\"article-text\">\n        La exposici\u00f3n podr\u00e1 visitarse en horario de ma\u00f1ana, de 10:30 a 14:00, en los patios situados en Guzmanas 7, Guzmanas 4, Jes\u00fas del Calvario 16, Alba Rodr\u00edguez 11, San Juan de Palomares 11, San Juan de Palomares 8 y Pastora 2. En estos espacios se exhibir\u00e1n \u00fanicamente fotograf\u00edas de patios, una tem\u00e1tica a la que Seco dedic\u00f3 buena parte de su obra.\n    <\/p>\n<p class=\"article-text\">\n        Durante la presentaci\u00f3n, desde la Delegaci\u00f3n del Centro Hist\u00f3rico, comandada por Lourdes Morales, se ha destacado la capacidad del fot\u00f3grafo para \u201ccaptar la esencia de C\u00f3rdoba\u201d y su disposici\u00f3n habitual para compartir sus im\u00e1genes. La iniciativa se enmarca en la Agenda C\u00f3rdoba, que promueve la coordinaci\u00f3n de la oferta cultural y patrimonial de la ciudad.\n    <\/p>\n<p class=\"article-text\">\n        Seg\u00fan ha explicado la familia del artista, la exposici\u00f3n era un proyecto que Seco llevaba tiempo preparando. Su intenci\u00f3n era celebrarla en estas fechas, cuando los patios no muestran el esplendor floral de mayo, para que sus fotograf\u00edas reflejasen precisamente ese contraste con el momento del a\u00f1o en que fueron tomadas.\n    <\/p>\n<p class=\"article-text\">\n        El homenaje ha sido posible gracias a la colaboraci\u00f3n de la familia del fot\u00f3grafo y de los propietarios de los patios participantes. \u00d3scar Rubio, propietario del Patio Guzmana 7, ha agradecido la implicaci\u00f3n de los vecinos del barrio de San Lorenzo, que han cedido sus espacios \u201cde forma desinteresada\u201d para la ocasi\u00f3n. \u201cLo hacemos con todo nuestro amor y nuestro cari\u00f1o, aunque estoy seguro de que no alcanzar\u00e1 la calidad con la que \u00e9l habr\u00eda querido realizarlo\u201d, se\u00f1al\u00f3.\n    <\/p>\n","protected":false},"excerpt":{"rendered":"La Delegaci\u00f3n del Centro Hist\u00f3rico del Ayuntamiento de C\u00f3rdoba presentar\u00e1 este fin de semana la exposici\u00f3n fotogr\u00e1fica &#8216;Inmortalizar&hellip;\n","protected":false},"author":2,"featured_media":243809,"comment_status":"","ping_status":"","sticky":false,"template":"","format":"standard","meta":{"footnotes":""},"categories":[173],"tags":[229,233,231,230,2760,232,234,146,147,25,24,2003,6552,52903,409,7820,62509,3656,6059,23,3466],"class_list":{"0":"post-243808","1":"post","2":"type-post","3":"status-publish","4":"format-standard","5":"has-post-thumbnail","7":"category-arte-y-diseno","8":"tag-arte","9":"tag-arte-y-diseno","10":"tag-arts","11":"tag-arts-and-design","12":"tag-cordoba","13":"tag-design","14":"tag-diseno","15":"tag-entertainment","16":"tag-entretenimiento","17":"tag-es","18":"tag-espana","19":"tag-exposicion","20":"tag-homenaje","21":"tag-inmortalizar","22":"tag-juan","23":"tag-luis","24":"tag-patios","25":"tag-rinde","26":"tag-seco","27":"tag-spain","28":"tag-sueno"},"share_on_mastodon":{"url":"https:\/\/pubeurope.com\/@es\/115573991884066984","error":""},"_links":{"self":[{"href":"https:\/\/www.europesays.com\/es\/wp-json\/wp\/v2\/posts\/243808","targetHints":{"allow":["GET"]}}],"collection":[{"href":"https:\/\/www.europesays.com\/es\/wp-json\/wp\/v2\/posts"}],"about":[{"href":"https:\/\/www.europesays.com\/es\/wp-json\/wp\/v2\/types\/post"}],"author":[{"embeddable":true,"href":"https:\/\/www.europesays.com\/es\/wp-json\/wp\/v2\/users\/2"}],"replies":[{"embeddable":true,"href":"https:\/\/www.europesays.com\/es\/wp-json\/wp\/v2\/comments?post=243808"}],"version-history":[{"count":0,"href":"https:\/\/www.europesays.com\/es\/wp-json\/wp\/v2\/posts\/243808\/revisions"}],"wp:featuredmedia":[{"embeddable":true,"href":"https:\/\/www.europesays.com\/es\/wp-json\/wp\/v2\/media\/243809"}],"wp:attachment":[{"href":"https:\/\/www.europesays.com\/es\/wp-json\/wp\/v2\/media?parent=243808"}],"wp:term":[{"taxonomy":"category","embeddable":true,"href":"https:\/\/www.europesays.com\/es\/wp-json\/wp\/v2\/categories?post=243808"},{"taxonomy":"post_tag","embeddable":true,"href":"https:\/\/www.europesays.com\/es\/wp-json\/wp\/v2\/tags?post=243808"}],"curies":[{"name":"wp","href":"https:\/\/api.w.org\/{rel}","templated":true}]}}