{"id":243812,"date":"2025-11-19T02:27:17","date_gmt":"2025-11-19T02:27:17","guid":{"rendered":"https:\/\/www.europesays.com\/es\/243812\/"},"modified":"2025-11-19T02:27:17","modified_gmt":"2025-11-19T02:27:17","slug":"la-pianista-compostelana-isabel-dobarro-ganadora-del-latin-grammy-a-mejor-album-de-musica-clasica","status":"publish","type":"post","link":"https:\/\/www.europesays.com\/es\/243812\/","title":{"rendered":"La pianista compostelana Isabel Dobarro, ganadora del Latin Grammy a Mejor \u00c1lbum de M\u00fasica Cl\u00e1sica"},"content":{"rendered":"<p class=\"paragraph-atom &#10;        B-500-500-700-N B-600-500-700-N--md  \">La <strong>pianista <\/strong><a href=\"https:\/\/www.laregion.es\/temas\/santiago-de-compostela\/\" target=\"_blank\" rel=\"nofollow noopener\"><strong>compostelana<\/strong><\/a><strong> Isabel Dobarro<\/strong> fue una de las ganadoras de los <strong>Latin Grammy <\/strong>que se celebraron este jueves en <strong>Las Vegas<\/strong>. La gallega se alz\u00f3 con el premio a <strong>Mejor \u00c1lbum de M\u00fasica Cl\u00e1sica<\/strong> por su trabajo &#8216;<strong>Kaleidoscope&#8217; (Naxos-Grand Piano)<\/strong>.<\/p>\n<p class=\"paragraph-atom &#10;        B-500-500-700-N B-600-500-700-N--md  \">Con esta obra, Dobarro buscaba reivindicar el<strong> talento femenino<\/strong>, \u00abmuchas veces silenciado\u00bb en el \u00e1mbito de la m\u00fasica cl\u00e1sica. Para ello, ha reunido obras de algunas compositoras contempor\u00e1neas a las que admira de todo el mundo. Adem\u00e1s, el disco cierra con una pieza inspirada en el <strong>folclore gallego<\/strong>, &#8216;<strong>Alal\u00e1 das paisaxes verticais&#8217;<\/strong>, compuesta por la tambi\u00e9n gallega, <strong>Carme Rodr\u00edguez.<\/strong><\/p>\n<p class=\"paragraph-atom &#10;        B-500-500-700-N B-600-500-700-N--md  \">Dobarro ha aceptado el premio visiblemente emocionada y en su discurso ha querido dedic\u00e1rselo a toda su familia, especialmente a su marido, a su hermana y a su sobrino, y sobre todo a sus padres, de los que ha destacado su apoyo y su \u00e1nimo desde que la llevaron a sus primeros conciertos en el <strong>Auditorio de Galicia de Santiago<\/strong>.<\/p>\n<p class=\"paragraph-atom &#10;        B-500-500-700-N B-600-500-700-N--md  \">\u00abEs una emoci\u00f3n enorme. <strong>Mi primera nominaci\u00f3n y mi primer galard\u00f3n<\/strong>. Adem\u00e1s, he tenido la suerte de que mi familia viniera conmigo\u00bb, ha reconocido Isabel Dobarro al t\u00e9rmino de la gala, que ha agradecido el trabajo de sus colaboradores, entre ellos, su ingeniero y productor, <strong>Javier Monteverde; Manuel Garc\u00eda Orozco y Patricia Kleinman<\/strong>, que colaboraron con las notas al programa; el sello Naxos Grand Piano, que public\u00f3 el proyecto; o <strong>Mar\u00eda Victoria Montalvo<\/strong>, otra colaboradora.<\/p>\n<p class=\"paragraph-atom &#10;        B-500-500-700-N B-600-500-700-N--md  \">\u00abEste disco tiene como prop\u00f3sito la visibilizaci\u00f3n de la mujer en la m\u00fasica cl\u00e1sica y era muy importante que su trabajo se viese reflejado de la mejor manera posible. Poder colaborar con ellas ha sido un inmenso honor. Pienso en todas ellas, pero de manera particular en <strong>Claudia Montero<\/strong>, que ha fallecido muy joven. Hablamos en su d\u00eda de que grabar\u00eda su obra, de que la tocar\u00eda en el <strong>Teatro Col\u00f3n<\/strong> e igual alg\u00fan d\u00eda ganar\u00eda un Latin Grammy. Las tres cosas sucedieron, as\u00ed que obviamente dedicado a ella y dedicado a cada una de las compositoras del disco\u00bb, ha reflexionado la pianista espa\u00f1ola.<\/p>\n<p class=\"paragraph-atom &#10;        B-500-500-700-N B-600-500-700-N--md  \">Respecto al disco, destaca que el <strong>balance es \u00abextraordinario\u00bb<\/strong>, \u00abmuy por encima de cualquier expectativa inicial\u00bb. Y es que adem\u00e1s del Latin Grammy, el disco ha conseguido otros galardones, entre ellos el<strong> Premio Latino<\/strong>, dos medallas de plata en los <strong>Global Music Awards, y el Mel\u00f3mano de Oro<\/strong>.<\/p>\n<p>\n        Relacionado\n    <\/p>\n","protected":false},"excerpt":{"rendered":"La pianista compostelana Isabel Dobarro fue una de las ganadoras de los Latin Grammy que se celebraron este&hellip;\n","protected":false},"author":2,"featured_media":243813,"comment_status":"","ping_status":"","sticky":false,"template":"","format":"standard","meta":{"footnotes":""},"categories":[170],"tags":[40560,62510,146,147,25,24,5241,1729,184,185,40232,23],"class_list":{"0":"post-243812","1":"post","2":"type-post","3":"status-publish","4":"format-standard","5":"has-post-thumbnail","7":"category-musica","8":"tag-compostelana","9":"tag-dobarro","10":"tag-entertainment","11":"tag-entretenimiento","12":"tag-es","13":"tag-espana","14":"tag-ganadora","15":"tag-isabel","16":"tag-music","17":"tag-musica","18":"tag-pianista","19":"tag-spain"},"share_on_mastodon":{"url":"https:\/\/pubeurope.com\/@es\/115574003768040984","error":""},"_links":{"self":[{"href":"https:\/\/www.europesays.com\/es\/wp-json\/wp\/v2\/posts\/243812","targetHints":{"allow":["GET"]}}],"collection":[{"href":"https:\/\/www.europesays.com\/es\/wp-json\/wp\/v2\/posts"}],"about":[{"href":"https:\/\/www.europesays.com\/es\/wp-json\/wp\/v2\/types\/post"}],"author":[{"embeddable":true,"href":"https:\/\/www.europesays.com\/es\/wp-json\/wp\/v2\/users\/2"}],"replies":[{"embeddable":true,"href":"https:\/\/www.europesays.com\/es\/wp-json\/wp\/v2\/comments?post=243812"}],"version-history":[{"count":0,"href":"https:\/\/www.europesays.com\/es\/wp-json\/wp\/v2\/posts\/243812\/revisions"}],"wp:featuredmedia":[{"embeddable":true,"href":"https:\/\/www.europesays.com\/es\/wp-json\/wp\/v2\/media\/243813"}],"wp:attachment":[{"href":"https:\/\/www.europesays.com\/es\/wp-json\/wp\/v2\/media?parent=243812"}],"wp:term":[{"taxonomy":"category","embeddable":true,"href":"https:\/\/www.europesays.com\/es\/wp-json\/wp\/v2\/categories?post=243812"},{"taxonomy":"post_tag","embeddable":true,"href":"https:\/\/www.europesays.com\/es\/wp-json\/wp\/v2\/tags?post=243812"}],"curies":[{"name":"wp","href":"https:\/\/api.w.org\/{rel}","templated":true}]}}