{"id":243814,"date":"2025-11-19T02:28:12","date_gmt":"2025-11-19T02:28:12","guid":{"rendered":"https:\/\/www.europesays.com\/es\/243814\/"},"modified":"2025-11-19T02:28:12","modified_gmt":"2025-11-19T02:28:12","slug":"noise-trailer-espanol-de-la-cinta-coreana-que-se-estrenara-en-enero","status":"publish","type":"post","link":"https:\/\/www.europesays.com\/es\/243814\/","title":{"rendered":"Noise: Trailer espa\u00f1ol de la cinta coreana que se estrenar\u00e1 en enero"},"content":{"rendered":"<p>&#13;<br \/>\n\t\t\t\t\t&#13;<br \/>\n\t\t\t\t\tEl pr\u00f3ximo mes de enero llegar\u00e1 a los cines espa\u00f1oles <b>Noise<\/b>, la cinta de terror coreana dirigida por <b>Soo-jin Kim<\/b> que pudo verse en el pasado Festival de Sitges.<\/p>\n<p>Ju-young, una mujer con discapacidad auditiva, recibi\u00f3 la inquietante noticia de que su hermana menor, Ju-hee, hab\u00eda desaparecido sin dejar rastro del apartamento. Mientras preguntaba a los vecinos por su hermana, todos reaccionaron hist\u00e9ricamente, suplicando paz y tranquilidad. <\/p>\n<p>Los vecinos estaban extra\u00f1amente callados por la noche, y una presencia extra\u00f1a apareci\u00f3 ante Ju-young. Pronto, se ve acosada por sonidos inexplicables que atraen una presencia mal\u00e9vola relacionada con la desaparici\u00f3n de su hermana\u2026<\/p>\n<p>La pel\u00edcula se estren\u00f3 en Corea del Sur el pasado mes de junio <b>y alcanz\u00f3 el n\u00famero uno en taquilla y super\u00f3 1,7 millones de espectadores<\/b>.<\/p>\n<p>&#13;<br \/>\n\t\t\t\t\t&#13;<\/p>\n","protected":false},"excerpt":{"rendered":"&#13; &#13; El pr\u00f3ximo mes de enero llegar\u00e1 a los cines espa\u00f1oles Noise, la cinta de terror coreana&hellip;\n","protected":false},"author":2,"featured_media":243815,"comment_status":"","ping_status":"","sticky":false,"template":"","format":"standard","meta":{"footnotes":""},"categories":[169],"tags":[177,146,147,25,24,176,175,23],"class_list":{"0":"post-243814","1":"post","2":"type-post","3":"status-publish","4":"format-standard","5":"has-post-thumbnail","7":"category-cine","8":"tag-cine","9":"tag-entertainment","10":"tag-entretenimiento","11":"tag-es","12":"tag-espana","13":"tag-film","14":"tag-movies","15":"tag-spain"},"share_on_mastodon":{"url":"https:\/\/pubeurope.com\/@es\/115574007898921181","error":""},"_links":{"self":[{"href":"https:\/\/www.europesays.com\/es\/wp-json\/wp\/v2\/posts\/243814","targetHints":{"allow":["GET"]}}],"collection":[{"href":"https:\/\/www.europesays.com\/es\/wp-json\/wp\/v2\/posts"}],"about":[{"href":"https:\/\/www.europesays.com\/es\/wp-json\/wp\/v2\/types\/post"}],"author":[{"embeddable":true,"href":"https:\/\/www.europesays.com\/es\/wp-json\/wp\/v2\/users\/2"}],"replies":[{"embeddable":true,"href":"https:\/\/www.europesays.com\/es\/wp-json\/wp\/v2\/comments?post=243814"}],"version-history":[{"count":0,"href":"https:\/\/www.europesays.com\/es\/wp-json\/wp\/v2\/posts\/243814\/revisions"}],"wp:featuredmedia":[{"embeddable":true,"href":"https:\/\/www.europesays.com\/es\/wp-json\/wp\/v2\/media\/243815"}],"wp:attachment":[{"href":"https:\/\/www.europesays.com\/es\/wp-json\/wp\/v2\/media?parent=243814"}],"wp:term":[{"taxonomy":"category","embeddable":true,"href":"https:\/\/www.europesays.com\/es\/wp-json\/wp\/v2\/categories?post=243814"},{"taxonomy":"post_tag","embeddable":true,"href":"https:\/\/www.europesays.com\/es\/wp-json\/wp\/v2\/tags?post=243814"}],"curies":[{"name":"wp","href":"https:\/\/api.w.org\/{rel}","templated":true}]}}