{"id":243823,"date":"2025-11-19T02:34:09","date_gmt":"2025-11-19T02:34:09","guid":{"rendered":"https:\/\/www.europesays.com\/es\/243823\/"},"modified":"2025-11-19T02:34:09","modified_gmt":"2025-11-19T02:34:09","slug":"al-menos-13-muertos-por-un-bombardeo-israeli-contra-un-campamento-de-palestinos-en-el-libano","status":"publish","type":"post","link":"https:\/\/www.europesays.com\/es\/243823\/","title":{"rendered":"Al menos 13 muertos por un bombardeo israel\u00ed contra un campamento de palestinos en el L\u00edbano"},"content":{"rendered":"<p>18\/11\/2025<br \/>\n<br \/><strong><br \/>\nActualizado 19\/11\/2025 a las 03:15h.<br \/>\n<\/strong><\/p>\n<p class=\"voc-p\" style=\"\">El Ministerio de Salud de L\u00edbano afirm\u00f3 que al menos 13 personas murieron este martes en un <a href=\"https:\/\/www.abc.es\/internacional\/colonos-radicales-desafian-mandos-militares-quema-mezquita-20251113161631-nt.html\" title=\"www.abc.es\" data-voc-vtm-id=\"in-text-traffic\" data-mrf-link=\"www.abc.es\" rel=\"nofollow noopener\" target=\"_blank\">bombardeo israel\u00ed <\/a>contra un campamento de refugiados palestinos en las afueras de la ciudad de Sid\u00f3n.<\/p>\n<p class=\"voc-p\" style=\"\">El bombardeo golpe\u00f3 \u00abel campamento de Ain al Helweh\u00bb en las afueras  &#8230; de Sid\u00f3n, inform\u00f3 <strong>el ministerio liban\u00e9s, que report\u00f3 13 muertos<\/strong> y agreg\u00f3 que \u00ablas ambulancias siguen transportando heridos a los hospitales\u00bb.<\/p>\n<p class=\"voc-p\" style=\"\">La agencia nacional NNA se\u00f1al\u00f3 que un \u00abdron israel\u00ed atac\u00f3 un auto en un estacionamiento\u00bb de la mezquita Jalid bin al Walid.<\/p>\n<p class=\"voc-p\" style=\"\">El bombardeo tambi\u00e9n golpe\u00f3 la mezquita y un centro del mismo nombre, a\u00f1adi\u00f3 la NNA poco despu\u00e9s.<\/p>\n<p class=\"voc-p\" style=\"\">Israel sigue bombardeando L\u00edbano pese al cese el fuego acordado en noviembre de 2024 para <strong>poner fin a m\u00e1s de un a\u00f1o de hostilidades con Hezbol\u00e1.<\/strong><\/p>\n<p class=\"voc-p\" style=\"\">El grupo es aliado de Ham\u00e1s en Gaza y qued\u00f3 muy mermado por el enfrentamiento con Israel, que incluy\u00f3 dos meses de guerra total.<\/p>\n<p class=\"voc-p\" style=\"\">El ej\u00e9rcito israel\u00ed <strong>afirma que sus bombardeos en L\u00edbano tienen como objetivo posiciones de este movimiento chiita aliado de Ir\u00e1n,<\/strong> pero tambi\u00e9n ha atacado a efectivos de Ham\u00e1s<\/p>\n<p>\nArt\u00edculo solo para suscriptores\n<\/p>\n<p>Reportar un error<\/p>\n","protected":false},"excerpt":{"rendered":"18\/11\/2025 Actualizado 19\/11\/2025 a las 03:15h. El Ministerio de Salud de L\u00edbano afirm\u00f3 que al menos 13 personas&hellip;\n","protected":false},"author":2,"featured_media":243824,"comment_status":"","ping_status":"","sticky":false,"template":"","format":"standard","meta":{"footnotes":""},"categories":[42],"tags":[29972,17,18,2191,13,14,11,61,62,63,64,703,19,20,13831,5161,9,10,15,16,8801,12,21,22,65,66,67],"class_list":{"0":"post-243823","1":"post","2":"type-post","3":"status-publish","4":"format-standard","5":"has-post-thumbnail","7":"category-internacional","8":"tag-bombardeo","9":"tag-breaking-news","10":"tag-breakingnews","11":"tag-campamento","12":"tag-featured-news","13":"tag-featurednews","14":"tag-headlines","15":"tag-internacional","16":"tag-international","17":"tag-international-news","18":"tag-internationalnews","19":"tag-israeli","20":"tag-latest-news","21":"tag-latestnews","22":"tag-libano","23":"tag-muertos","24":"tag-news","25":"tag-noticias","26":"tag-noticias-destacadas","27":"tag-noticiasdestacadas","28":"tag-palestinos","29":"tag-titulares","30":"tag-ultimas-noticias","31":"tag-ultimasnoticias","32":"tag-world","33":"tag-world-news","34":"tag-worldnews"},"share_on_mastodon":{"url":"https:\/\/pubeurope.com\/@es\/115574031205506490","error":""},"_links":{"self":[{"href":"https:\/\/www.europesays.com\/es\/wp-json\/wp\/v2\/posts\/243823","targetHints":{"allow":["GET"]}}],"collection":[{"href":"https:\/\/www.europesays.com\/es\/wp-json\/wp\/v2\/posts"}],"about":[{"href":"https:\/\/www.europesays.com\/es\/wp-json\/wp\/v2\/types\/post"}],"author":[{"embeddable":true,"href":"https:\/\/www.europesays.com\/es\/wp-json\/wp\/v2\/users\/2"}],"replies":[{"embeddable":true,"href":"https:\/\/www.europesays.com\/es\/wp-json\/wp\/v2\/comments?post=243823"}],"version-history":[{"count":0,"href":"https:\/\/www.europesays.com\/es\/wp-json\/wp\/v2\/posts\/243823\/revisions"}],"wp:featuredmedia":[{"embeddable":true,"href":"https:\/\/www.europesays.com\/es\/wp-json\/wp\/v2\/media\/243824"}],"wp:attachment":[{"href":"https:\/\/www.europesays.com\/es\/wp-json\/wp\/v2\/media?parent=243823"}],"wp:term":[{"taxonomy":"category","embeddable":true,"href":"https:\/\/www.europesays.com\/es\/wp-json\/wp\/v2\/categories?post=243823"},{"taxonomy":"post_tag","embeddable":true,"href":"https:\/\/www.europesays.com\/es\/wp-json\/wp\/v2\/tags?post=243823"}],"curies":[{"name":"wp","href":"https:\/\/api.w.org\/{rel}","templated":true}]}}