{"id":24383,"date":"2025-08-04T06:02:07","date_gmt":"2025-08-04T06:02:07","guid":{"rendered":"https:\/\/www.europesays.com\/es\/24383\/"},"modified":"2025-08-04T06:02:07","modified_gmt":"2025-08-04T06:02:07","slug":"solo-se-quito-alguna-que-otra-arruguita","status":"publish","type":"post","link":"https:\/\/www.europesays.com\/es\/24383\/","title":{"rendered":"Solo se quit\u00f3 alguna que otra arruguita"},"content":{"rendered":"<p class=\"paragraph\"><a href=\"https:\/\/www.heraldo.es\/noticias\/ocio-y-cultura\/2025\/05\/08\/terelu-campos-y-sus-frentes-abiertos-en-el-terreno-personal-1821254.html\" title=\"Terelu Campos y sus frentes abiertos en el terreno personal\" rel=\"nofollow noopener\" target=\"_blank\">Terelu Campos<\/a> est\u00e1 disfrutando de un a\u00f1o excepcional. La llegada de su primer nieto, Carlo, y una serie de exitosos proyectos profesionales han marcado un antes y un despu\u00e9s en su vida. Tras su aclamado debut teatral a principios de 2025 bajo la direcci\u00f3n de <a href=\"https:\/\/www.heraldo.es\/noticias\/ocio-y-cultura\/2024\/04\/24\/lara-dibildos-estado-de-alarma-es-la-comedia-mas-divertida-en-la-que-he-trabajado-1728743.html\" title=\"Lara Dibildos: &quot;\u2018Estado de alarma\u2019 es la comedia m\u00e1s divertida en la que he trabajado&quot;\" rel=\"nofollow noopener\" target=\"_blank\">Lara Dibildos<\/a> y su sorprendente participaci\u00f3n en<b> &#8216;Supervivientes&#8217;<\/b> \u2013donde incluso regres\u00f3 para una segunda misi\u00f3n\u2013, Terelu ha posado en bikini para la tradicional entrevista de verano de la revista &#8216;Lecturas&#8217;, una imagen que ha generado gran revuelo.<\/p>\n<p class=\"paragraph\">La portada, que muestra a una <b>Terelu<\/b> m\u00e1s atrevida que nunca y en la que confiesa <b>\u00abEcho de menos los besos y los abrazos de un hombre\u00bb,<\/b> ha desatado rumores sobre posibles retoques fotogr\u00e1ficos. Ante las especulaciones, la colaboradora de &#8216;\u00a1De viernes!&#8217; ha respondido con franqueza desde el plat\u00f3 de &#8216;Fiesta&#8217;.<\/p>\n<p class=\"paragraph\">Terelu explic\u00f3 que, si bien buscaba naturalidad, se hicieron algunas modificaciones. \u00ab<b>Yo le dec\u00eda a Pedro que no pod\u00eda ense\u00f1ar la tripa porque la ten\u00eda blanca, llevaba las piernas y los brazos morenos de &#8216;Supervivientes&#8217;<\/b> y la tripa blanca, que por mucho potingue que se echara eso no se pon\u00eda del mismo color\u00bb, coment\u00f3, aludiendo a la disparidad de tono en su piel tras el \u2018reality\u2019.<\/p>\n<p class=\"paragraph\">La presentadora admiti\u00f3 que los editores de la revista s\u00ed uniformaron el color de su abdomen para que coincidiera con el resto de su cuerpo. Adem\u00e1s, confirm\u00f3 que se eliminaron<b> \u00abalguna que otra arruguita\u00bb. <\/b>\u00abYo quer\u00eda salir natural, porque la gente est\u00e1 harta de verme y si no sal\u00eda como soy se iban a re\u00edr. Lo que s\u00ed que les dije es que me quitaran las arruguitas de los brazos y de la tripa, que no me gustan nada\u00bb, sentenci\u00f3. Sin embargo, Terelu fue enf\u00e1tica al aclarar: \u00abLa cara no est\u00e1 retocada, yo en la cara no tengo arrugas, he heredado la buena gen\u00e9tica de mi madre\u00bb.<\/p>\n<p class=\"paragraph\">De esta forma, <b>Terelu Campos zanja la controversia, <\/b>reconociendo peque\u00f1os ajustes est\u00e9ticos en la imagen para lograr un resultado m\u00e1s arm\u00f3nico, pero desmintiendo rotundamente retoques faciales, atribuyendo la ausencia de arrugas a su gen\u00e9tica.<\/p>\n","protected":false},"excerpt":{"rendered":"Terelu Campos est\u00e1 disfrutando de un a\u00f1o excepcional. La llegada de su primer nieto, Carlo, y una serie&hellip;\n","protected":false},"author":2,"featured_media":24384,"comment_status":"","ping_status":"","sticky":false,"template":"","format":"standard","meta":{"footnotes":""},"categories":[174],"tags":[13853,8673,5615,255,146,147,25,24,256,338,23,5522],"class_list":{"0":"post-24383","1":"post","2":"type-post","3":"status-publish","4":"format-standard","5":"has-post-thumbnail","7":"category-famosos","8":"tag-arruguita","9":"tag-bikini","10":"tag-campos","11":"tag-celebrities","12":"tag-entertainment","13":"tag-entretenimiento","14":"tag-es","15":"tag-espana","16":"tag-famosos","17":"tag-portada","18":"tag-spain","19":"tag-terelu"},"share_on_mastodon":{"url":"","error":""},"_links":{"self":[{"href":"https:\/\/www.europesays.com\/es\/wp-json\/wp\/v2\/posts\/24383","targetHints":{"allow":["GET"]}}],"collection":[{"href":"https:\/\/www.europesays.com\/es\/wp-json\/wp\/v2\/posts"}],"about":[{"href":"https:\/\/www.europesays.com\/es\/wp-json\/wp\/v2\/types\/post"}],"author":[{"embeddable":true,"href":"https:\/\/www.europesays.com\/es\/wp-json\/wp\/v2\/users\/2"}],"replies":[{"embeddable":true,"href":"https:\/\/www.europesays.com\/es\/wp-json\/wp\/v2\/comments?post=24383"}],"version-history":[{"count":0,"href":"https:\/\/www.europesays.com\/es\/wp-json\/wp\/v2\/posts\/24383\/revisions"}],"wp:featuredmedia":[{"embeddable":true,"href":"https:\/\/www.europesays.com\/es\/wp-json\/wp\/v2\/media\/24384"}],"wp:attachment":[{"href":"https:\/\/www.europesays.com\/es\/wp-json\/wp\/v2\/media?parent=24383"}],"wp:term":[{"taxonomy":"category","embeddable":true,"href":"https:\/\/www.europesays.com\/es\/wp-json\/wp\/v2\/categories?post=24383"},{"taxonomy":"post_tag","embeddable":true,"href":"https:\/\/www.europesays.com\/es\/wp-json\/wp\/v2\/tags?post=24383"}],"curies":[{"name":"wp","href":"https:\/\/api.w.org\/{rel}","templated":true}]}}