{"id":243830,"date":"2025-11-19T02:49:12","date_gmt":"2025-11-19T02:49:12","guid":{"rendered":"https:\/\/www.europesays.com\/es\/243830\/"},"modified":"2025-11-19T02:49:12","modified_gmt":"2025-11-19T02:49:12","slug":"los-simpson-presentan-a-un-nuevo-miembro-de-la-familia-de-marge-despues-de-36-anos","status":"publish","type":"post","link":"https:\/\/www.europesays.com\/es\/243830\/","title":{"rendered":"Los Simpson presentan a un nuevo miembro de la familia de Marge despu\u00e9s de 36 a\u00f1os"},"content":{"rendered":"<p class=\"c-paragraph\">Despu\u00e9s de 36 a\u00f1os en antena, <a href=\"https:\/\/www.hobbyconsolas.com\/noticias\/simpson-tendra-importante-cambio-proximas-temporadas-no-gustara-fans-1467573\" title=\"Los Simpson tendr\u00e1 un importante cambio en las pr\u00f3ximas temporadas que ayudar\u00e1 a aliviar el exceso de cap\u00edtulos\" rel=\"nofollow noopener\" target=\"_blank\">Los Simpson<\/a> contin\u00faa siendo una de las <b>series<\/b> m\u00e1s exitosas, cuyos nuevos episodios pueden disfrutarse en primicia a trav\u00e9s de\u00a0<a href=\"https:\/\/www.hobbyconsolas.com\/reportajes\/disney-plus-espana-planes-precio-compartir-cuenta-catalogo-1163416\" title=\"Disney+ Espa\u00f1a: planes, precio, compartir cuenta, cat\u00e1logo y m\u00e1s\" rel=\"nofollow noopener\" target=\"_blank\">Disney+<\/a>.<\/p>\n<p class=\"c-paragraph\">Con tantos a\u00f1os a su espalda, <b>es normal que la serie cuente con diversos reinicios y modificaciones en las historias de sus personajes<\/b>, experimentando con todo tipo de nuevas din\u00e1micas entre ellos.<\/p>\n<p class=\"c-paragraph\">Ahora, la temporada 37 de la serie de <b>Matt Groening<\/b> ha introducido a un nuevo miembro dentro de la familia de <a href=\"https:\/\/www.hobbyconsolas.com\/hobbycine\/los-simpson-pelicula-2-se-topa-con-su-hombre-saco-taquilla-aunque-faltan-dos-anos-para-estreno_6883614_0.html\" title=\"Los Simpson: La pel\u00edcula 2 se topa con su hombre del saco en taquilla, aunque faltan dos a\u00f1os para el estreno\" rel=\"nofollow noopener\" target=\"_blank\">Marge<\/a> de quien no se ha sabido nada en m\u00e1s de tres d\u00e9cadas.<\/p>\n<p>Los Simpson temporada 37 presenta a Beatrice, la desconocida t\u00eda de Marge<\/p>\n<p class=\"c-paragraph\">En el nuevo episodio de la temporada 37 de Los Simpson (v\u00eda <a href=\"https:\/\/comicbook.com\/tv-shows\/feature\/the-simpsons-gives-marge-a-new-family-member-after-36-years-and-it-involves-a-heartbreaking-marriage\/\" rel=\"nofollow noreferrer noopener\" title=\"Comicbook\" target=\"_blank\">Comicbook<\/a>) explor\u00f3 una parte desconocida del pasado del alcalde Quimby en el que se explica por qu\u00e9 siempre parecen estar en la cima de la pir\u00e1mide social.<\/p>\n<p class=\"c-paragraph\">Sin embargo, tambi\u00e9n <b>se revela que Marge tiene una t\u00eda llamada Beatrice<\/b>, cuya existencia hab\u00eda mantenido en secreto todo este tiempo porque dicha t\u00eda le rompi\u00f3 el coraz\u00f3n cuando era ni\u00f1a.<\/p>\n<p class=\"c-paragraph\">El cap\u00edtulo cuenta c\u00f3mo el abuelo del alcalde Quimby lleg\u00f3 a Estados Unidos regentando una f\u00e1brica de barriles le permiti\u00f3 alcanzar el \u00e9xito econ\u00f3mico, pero tambi\u00e9n le impuls\u00f3 a forjar una nueva carrera pol\u00edtica para el resto de su linaje.<\/p>\n<p class=\"c-paragraph\">Cuando le toca a Joe Quimby III presentarse a las elecciones, conoce a <a href=\"https:\/\/www.hobbyconsolas.com\/noticias\/simpson-pelicula-2-realidad-esperada-secuela-lanza-primer-adelanto-confirma-fecha-estreno-1485651\" title=\"Los Simpson tendr\u00e1n otra pel\u00edcula y ya hay t\u00edtulo, un primer adelanto y fecha de estreno confirmada\" rel=\"nofollow noopener\" target=\"_blank\">Beatrice<\/a>, una joven que lo reprende por no preocuparse por los votantes y solo pensar en s\u00ed mismo. <b>Beatrice termina trabajando como asesora de Quimby y ambos se enamoran<\/b>.<\/p>\n<p class=\"c-paragraph\">Sin embargo, debido a la presi\u00f3n de su padre para que le fuera infiel p\u00fablicamente, Beatrice no pudo seguir casada con \u00e9l y decidieron terminar su relaci\u00f3n.<\/p>\n<p class=\"c-paragraph\">El episodio explica que Marge mantuvo en secreto la existencia de su t\u00eda debido a que, cuando ten\u00eda cuatro a\u00f1os,\u00a0Beatrice le rompi\u00f3 el coraz\u00f3n al decirle que no existen las princesas ni el amor debido a lo que vivi\u00f3 con Quimby.<\/p>\n<p class=\"c-paragraph\">La temporada 37 de Los Simpson llegar\u00e1 pr\u00f3ximamente al cat\u00e1logo de <b>Disney+<\/b> Espa\u00f1a. \u00bfQu\u00e9 te parece que\u00a0<a href=\"https:\/\/www.hobbyconsolas.com\/listas\/mejores-paginas-votar-criticar-recordar-peliculas-series-has-visto-1388179\" title=\"Las mejores p\u00e1ginas para votar, criticar y recordar las pel\u00edculas y series que has visto\" rel=\"nofollow noopener\" target=\"_blank\">serie<\/a>\u00a0haya revelado la existencia de un nuevo miembro de la familia de Marge?<\/p>\n","protected":false},"excerpt":{"rendered":"Despu\u00e9s de 36 a\u00f1os en antena, Los Simpson contin\u00faa siendo una de las series m\u00e1s exitosas, cuyos nuevos&hellip;\n","protected":false},"author":2,"featured_media":243831,"comment_status":"","ping_status":"","sticky":false,"template":"","format":"standard","meta":{"footnotes":""},"categories":[171],"tags":[146,147,25,24,4417,524,11021,23249,23,214,16743],"class_list":{"0":"post-243830","1":"post","2":"type-post","3":"status-publish","4":"format-standard","5":"has-post-thumbnail","7":"category-tv","8":"tag-entertainment","9":"tag-entretenimiento","10":"tag-es","11":"tag-espana","12":"tag-los","13":"tag-nuevo","14":"tag-presentan","15":"tag-simpson","16":"tag-spain","17":"tag-tv","18":"tag-un"},"share_on_mastodon":{"url":"https:\/\/pubeurope.com\/@es\/115574090138397618","error":""},"_links":{"self":[{"href":"https:\/\/www.europesays.com\/es\/wp-json\/wp\/v2\/posts\/243830","targetHints":{"allow":["GET"]}}],"collection":[{"href":"https:\/\/www.europesays.com\/es\/wp-json\/wp\/v2\/posts"}],"about":[{"href":"https:\/\/www.europesays.com\/es\/wp-json\/wp\/v2\/types\/post"}],"author":[{"embeddable":true,"href":"https:\/\/www.europesays.com\/es\/wp-json\/wp\/v2\/users\/2"}],"replies":[{"embeddable":true,"href":"https:\/\/www.europesays.com\/es\/wp-json\/wp\/v2\/comments?post=243830"}],"version-history":[{"count":0,"href":"https:\/\/www.europesays.com\/es\/wp-json\/wp\/v2\/posts\/243830\/revisions"}],"wp:featuredmedia":[{"embeddable":true,"href":"https:\/\/www.europesays.com\/es\/wp-json\/wp\/v2\/media\/243831"}],"wp:attachment":[{"href":"https:\/\/www.europesays.com\/es\/wp-json\/wp\/v2\/media?parent=243830"}],"wp:term":[{"taxonomy":"category","embeddable":true,"href":"https:\/\/www.europesays.com\/es\/wp-json\/wp\/v2\/categories?post=243830"},{"taxonomy":"post_tag","embeddable":true,"href":"https:\/\/www.europesays.com\/es\/wp-json\/wp\/v2\/tags?post=243830"}],"curies":[{"name":"wp","href":"https:\/\/api.w.org\/{rel}","templated":true}]}}