{"id":243846,"date":"2025-11-19T03:09:17","date_gmt":"2025-11-19T03:09:17","guid":{"rendered":"https:\/\/www.europesays.com\/es\/243846\/"},"modified":"2025-11-19T03:09:17","modified_gmt":"2025-11-19T03:09:17","slug":"alejandra-silva-abre-las-puertas-de-su-casa-familiar-en-estados-unidos","status":"publish","type":"post","link":"https:\/\/www.europesays.com\/es\/243846\/","title":{"rendered":"Alejandra Silva abre las puertas de su casa familiar en Estados Unidos"},"content":{"rendered":"<p>El pasado mes de octubre, <a href=\"https:\/\/okdiario.com\/look\/actualidad\/richard-gere-regresa-estados-unidos-cargar-duramente-contra-trump-destruido-nuestro-pais-2411886\" rel=\"nofollow noopener\" target=\"_blank\"><strong>Richard Gere<\/strong><\/a> sorprendi\u00f3 al anunciar que regresaba de manera definitiva a Estados Unidos <a href=\"https:\/\/okdiario.com\/look\/actualidad\/mansion-suenos-richard-gere-reducida-escombros-regreso-espana-2303682\" rel=\"nofollow noopener\" target=\"_blank\">tras un a\u00f1o de residencia en Espa\u00f1a<\/a>. Pese a la promesa del actor a su mujer, Alejandra Silva, de permanecer al menos seis a\u00f1os en su pa\u00eds natal, finalmente decidieron hacer de nuevo sus maletas y regresar a <strong>su hogar en Am\u00e9rica del Norte<\/strong>, del que ahora la empresaria gallega ha compartido im\u00e1genes por primera vez.<\/p>\n<p>Alejandra Gere comparte su vida woke americana<\/p>\n<p>Tras unos meses viviendo en la exclusiva urbanizaci\u00f3n de La Moraleja, en Madrid, Alejandra y Richard decid\u00edan volver a su vida woke a los Estados Unidos. \u00ab<strong>Ahora hemos vuelto aqu\u00ed, pero\u2026 nuestra familia estuvo en Espa\u00f1a durante un a\u00f1o<\/strong>. Y lo m\u00e1s importante que puedo decir es que Alejandra era muy feliz gracias a su familia, sus amigos, su cultura, su ciudad y su comida\u2026 Todas esas cosas culturales maravillosas, as\u00ed que fue fabuloso\u00bb, dijo el protagonista de Pretty Woman.<\/p>\n<p>\n<img decoding=\"async\" loading=\"lazy\" class=\"size-medium wp-image-2375614\" alt=\"Richard y Alejandra Gere en un evento. (Foto: Gtres)\" width=\"620\" height=\"349\"  src=\"https:\/\/www.europesays.com\/es\/wp-content\/uploads\/2025\/10\/placeholder.jpg\"  bad-src=\"https:\/\/www.europesays.com\/es\/wp-content\/uploads\/2025\/10\/placeholder.jpg\"\/><\/p>\n<p><img decoding=\"async\" loading=\"lazy\" class=\"size-medium wp-image-2375614\" src=\"https:\/\/www.europesays.com\/es\/wp-content\/uploads\/2025\/11\/u569308_078-1-620x349.jpg\" alt=\"Richard y Alejandra Gere en un evento. (Foto: Gtres)\" width=\"620\" height=\"349\"  \/><\/p>\n<p> Richard y Alejandra Gere en un evento. (Foto: Gtres)\n<\/p>\n<p>Sabido es que Silva, por amor, decidi\u00f3 mudarse a Estados Unidos tras conocer al actor, donde han vivido gran parte de su historia de amor. Sin embargo, y aunque el coraz\u00f3n de la empresaria est\u00e1 en Espa\u00f1a, <strong>Alejandra parece haber encontrado su nidito y su hogar<\/strong> en Nueva York.<\/p>\n<p>Aunque el matrimonio siempre ha sido muy cuidadoso a la hora de mostrar su vida personal -y familiar-, <strong>Silva ha roto con la excepci\u00f3n y ha compartido un v\u00eddeo de su casa americana y<\/strong>, concretamente de la zona exterior de la mansi\u00f3n nada woke en la que vive con Gere.<\/p>\n<p>\u00ab<strong>A veces los cambios no se anuncian\u2026 Se ven<\/strong>. Estas dos fotos son de la misma semana: un d\u00eda, nieve. Al siguiente, luz de primavera- Dos estaciones superpuestas. Dos se\u00f1ales claras. La naturaleza nos est\u00e1 hablando. No para asustarnos, sino para despertarnos. Es una invitaci\u00f3n a mirar de verdad, a estar presentes, a recordar que este planeta -nuestro \u00fanico hogar- nos env\u00eda mensajes as\u00ed todos los d\u00edas. Ojal\u00e1 aprendamos a escucharlos para poder cuidarlo un poquito mejor\u00bb, ha escrito como pie de foto de un v\u00eddeo en el que aparece gran parte del jard\u00edn de <strong>su domicilio en Estados Unidos, donde predomina la vegetaci\u00f3n.<\/strong><\/p>\n<blockquote class=\"instagram-media\" style=\"background: #FFF; border: 0; border-radius: 3px; box-shadow: 0 0 1px 0 rgba(0,0,0,0.5),0 1px 10px 0 rgba(0,0,0,0.15); margin: 1px; max-width: 540px; min-width: 326px; padding: 0; width: calc(100% - 2px);\" data-instgrm-captioned=\"\" data-instgrm-permalink=\"https:\/\/www.instagram.com\/reel\/DRKojacgt2R\/?utm_source=ig_embed&amp;utm_campaign=loading\" data-instgrm-version=\"14\">\n<\/blockquote>\n<p>La promesa incumplida de Gere<\/p>\n<p>Esta publicaci\u00f3n de la de Galicia llega un mes despu\u00e9s de que su marido anunciara su regreso in extremis a Estados Unidos. Una noticia que sorprendi\u00f3 mucho, puesto que el actor dijo en sus primeros d\u00edas en Espa\u00f1a que<strong> su intenci\u00f3n era pasar una larga temporada en nuestras fronteras<\/strong> -donde ha sido tambi\u00e9n reconocido por la industria del cine-.<\/p>\n<p>\u00ab<strong>Ella fue muy generosa al permitirme vivir seis a\u00f1os en mi mundo<\/strong>, as\u00ed que es justo que ahora yo le dedique al menos otros seis viviendo en el suyo. Viviremos en Espa\u00f1a durante unos a\u00f1os y luego volveremos\u00bb, dijo. Unas palabras que han quedado en agua de borrajas, puesto que ahora su intenci\u00f3n es volver a Espa\u00f1a, pero da manera puntual y temporal.<\/p>\n<p>\t\t\t\t\t\t\t<script async src=\"\/\/www.instagram.com\/embed.js\"><\/script><\/p>\n","protected":false},"excerpt":{"rendered":"El pasado mes de octubre, Richard Gere sorprendi\u00f3 al anunciar que regresaba de manera definitiva a Estados Unidos&hellip;\n","protected":false},"author":2,"featured_media":243847,"comment_status":"","ping_status":"","sticky":false,"template":"","format":"standard","meta":{"footnotes":""},"categories":[174],"tags":[55815,255,146,147,25,24,256,23],"class_list":{"0":"post-243846","1":"post","2":"type-post","3":"status-publish","4":"format-standard","5":"has-post-thumbnail","7":"category-famosos","8":"tag-alejandra-silva","9":"tag-celebrities","10":"tag-entertainment","11":"tag-entretenimiento","12":"tag-es","13":"tag-espana","14":"tag-famosos","15":"tag-spain"},"share_on_mastodon":{"url":"https:\/\/pubeurope.com\/@es\/115574168963121566","error":""},"_links":{"self":[{"href":"https:\/\/www.europesays.com\/es\/wp-json\/wp\/v2\/posts\/243846","targetHints":{"allow":["GET"]}}],"collection":[{"href":"https:\/\/www.europesays.com\/es\/wp-json\/wp\/v2\/posts"}],"about":[{"href":"https:\/\/www.europesays.com\/es\/wp-json\/wp\/v2\/types\/post"}],"author":[{"embeddable":true,"href":"https:\/\/www.europesays.com\/es\/wp-json\/wp\/v2\/users\/2"}],"replies":[{"embeddable":true,"href":"https:\/\/www.europesays.com\/es\/wp-json\/wp\/v2\/comments?post=243846"}],"version-history":[{"count":0,"href":"https:\/\/www.europesays.com\/es\/wp-json\/wp\/v2\/posts\/243846\/revisions"}],"wp:featuredmedia":[{"embeddable":true,"href":"https:\/\/www.europesays.com\/es\/wp-json\/wp\/v2\/media\/243847"}],"wp:attachment":[{"href":"https:\/\/www.europesays.com\/es\/wp-json\/wp\/v2\/media?parent=243846"}],"wp:term":[{"taxonomy":"category","embeddable":true,"href":"https:\/\/www.europesays.com\/es\/wp-json\/wp\/v2\/categories?post=243846"},{"taxonomy":"post_tag","embeddable":true,"href":"https:\/\/www.europesays.com\/es\/wp-json\/wp\/v2\/tags?post=243846"}],"curies":[{"name":"wp","href":"https:\/\/api.w.org\/{rel}","templated":true}]}}