{"id":243848,"date":"2025-11-19T03:12:32","date_gmt":"2025-11-19T03:12:32","guid":{"rendered":"https:\/\/www.europesays.com\/es\/243848\/"},"modified":"2025-11-19T03:12:32","modified_gmt":"2025-11-19T03:12:32","slug":"popular-por-su-barrio-judio-y-su-espectacular-entorno-natural","status":"publish","type":"post","link":"https:\/\/www.europesays.com\/es\/243848\/","title":{"rendered":"popular por su barrio jud\u00edo y su espectacular entorno natural"},"content":{"rendered":"<p style=\"\"><strong>Netflix <\/strong>ha vuelto a llevar a la pantalla una de las novelas m\u00e1s exitosas de <a href=\"https:\/\/www.abc.es\/cultura\/javier-castillo-hombre-susurraba-best-sellers-amor-20250928100108-nt.html\" title=\"www.abc.es\" data-voc-vtm-id=\"in-text-traffic\" data-mrf-link=\"www.abc.es\" rel=\"nofollow noopener\" target=\"_blank\">Javier Castillo<\/a>. Tras &#8216;La chica de nieve&#8217; y &#8216;El juego del alma&#8217;, el pasado viernes, 14 de noviembre, la plataforma estren\u00f3 <strong>&#8216;El cuco de cristal&#8217;<\/strong>, una adaptaci\u00f3n  &#8230; del sexto libro del autor malague\u00f1o, que vendi\u00f3 m\u00e1s de 2,5 millones de ejemplares.<\/p>\n<p class=\"voc-p\" style=\"\">La nueve miniserie de Netflix, de un total de <strong>6 episodios<\/strong>, est\u00e1 creada por Jes\u00fas Mesas y Javier Andr\u00e9s Roig, detr\u00e1s tambi\u00e9n de &#8216;La chica de nieve, y dirigida por <strong>Laura Alvea <\/strong>y <strong>Juan Miguel del Castillo.<\/strong><\/p>\n<p class=\"voc-p\" style=\"\">Protagonizada por <strong>Catalina Sopelana <\/strong>y <strong>\u00c1lex Garc\u00eda<\/strong>, &#8216;El cuco de cristal&#8217; sigue la historia de Clara Merlo, una m\u00e9dico residente que, tras sufrir un infarto fulminante, recibe un trasplante de coraz\u00f3n. Entonces, la joven emprende una b\u00fasqueda para conocer a su donante que le lleva hasta un peque\u00f1o y enigm\u00e1tico pueblo. <\/p>\n<p>\nEl pueblo de C\u00e1ceres donde se rod\u00f3 &#8216;El cuco de cristal&#8217;\n<\/p>\n<p class=\"voc-p\" style=\"\">El rodaje de &#8216;El cuco de cristal&#8217; se llev\u00f3 a cabo entre la Comunidad de Madrid, Castilla y Le\u00f3n y <strong>Extremadura<\/strong>. En concreto, el equipo de la serie hizo parada en distintos puntos de la comarca cacere\u00f1a del Valle del Ambroz.<\/p>\n<p class=\"voc-p\" style=\"\">Este es el caso de un bonito pueblo de la provincia de C\u00e1ceres, situado en la frontera con Salamanca. Se trata de <strong>Herv\u00e1s<\/strong>, centro administrativo y comercial de la comarca del <strong>Valle del Ambroz<\/strong>. Hist\u00f3ricamente, perteneci\u00f3 a la localidad salmantina de B\u00e9jar \u2014donde tambi\u00e9n se ha rodado la serie\u2014 hasta 1816, cuando se le concedi\u00f3 el t\u00edtulo de villa. <\/p>\n<p><img decoding=\"async\" loading=\"lazy\" src=\"https:\/\/www.europesays.com\/es\/wp-content\/uploads\/2025\/11\/hervas-pueblo-kEYB--760x427@diario_abc.jpg\" class=\"voc-img\" width=\"760\" height=\"427\" alt=\"Herv\u00e1s\" data-voc-vtm-id=\"in-text-traffic\"\/><\/p>\n<p>Herv\u00e1s<\/p>\n<p>AYUNTAMIENTO HERV\u00c1S<\/p>\n<p class=\"voc-p\" style=\"\">Durante meses, Herv\u00e1s se convirti\u00f3 en el set de rodaje de &#8216;El cuco de cristal&#8217;, contando con la participaci\u00f3n de vecinos del municipio. \u00abAlojamientos, restaurantes, comercios y servicios locales vieron <strong>incrementada su actividad<\/strong>\u00bb, aseguran desde Turismo Herv\u00e1s.<\/p>\n<p>\nUno de los barrios jud\u00edos mejor conservados\n<\/p>\n<p class=\"voc-p\" style=\"\">Enclavado en el <strong>Valle del Ambroz<\/strong>, y entre las sierras de B\u00e9jar y Francia, Herv\u00e1s es uno de los municipios m\u00e1s bonitos de la provincia de C\u00e1ceres. Uno de los rasgos que caracterizan m\u00e1s al pueblo es su <strong>barrio jud\u00edo<\/strong>. Y es que, durante los siglos XIV y XV, alrededor de 45 familias viv\u00edan all\u00ed, conformando una de las juder\u00edas de Espa\u00f1a mejor conservadas.<\/p>\n<p class=\"voc-p\" style=\"\">El barrio jud\u00edo, declarado <strong>Conjunto Hist\u00f3rico Art\u00edstico <\/strong>en 1969, est\u00e1 situado en las afueras del n\u00facleo urbano y se caracteriza por un entramado de <strong>sinuosas y estrechas calles<\/strong>, llenas de encanto. Sus casas, de dos y tres plantas, est\u00e1n construidas con materiales como la madera, el ladrillo y el tapial. <\/p>\n<p><img decoding=\"async\" loading=\"lazy\" src=\"https:\/\/www.europesays.com\/es\/wp-content\/uploads\/2025\/11\/hervas-kEYB--760x427@diario_abc.jpg\" class=\"voc-img\" width=\"760\" height=\"427\" alt=\"El barrio jud\u00edo de Herv\u00e1s\" data-voc-vtm-id=\"in-text-traffic\"\/><\/p>\n<p>El barrio jud\u00edo de Herv\u00e1s<\/p>\n<p>ABC<\/p>\n<p class=\"voc-p\" style=\"\">No obstante, Herv\u00e1s ofrece aut\u00e9nticas joyas como la <strong>iglesia de Santa Mar\u00eda de Aguas Vivas<\/strong>, construida entre los siglos XII y XIII, y situada en la parte alta del pueblo. La parroquia ofrece unas vistas impresionantes del valle, del r\u00edo Ambroz, y del propio casco antiguo.<\/p>\n<p class=\"voc-p\" style=\"\">Adem\u00e1s, otro de los puntos imprescindibles de visita es el<strong> Museo P\u00e9rez Comendador-Leroux<\/strong>, dedicado a este escultor local y a su esposa, la pintora francesa Magdalena Leroux, que conserva una muestra de esculturas y pinturas del matrimonio. Por otro lado, debe visitar el <strong>convento de San Juan Bautista<\/strong>, construido por los trinitarios en el siglo XVII.<\/p>\n<p>\nImpresionante entorno natural\n<\/p>\n<p class=\"voc-p\" style=\"\">No obstante, Herv\u00e1s tambi\u00e9n destaca por su impresionante entorno natural, rodeado de monta\u00f1as. El r\u00edo Ambroz y el puente de la<strong> Fuente Chiquita<\/strong> ofrecen a pocos minutos del centro uno de los rincones m\u00e1s pintorescos para pasear.<\/p>\n<p><img decoding=\"async\" loading=\"lazy\" src=\"https:\/\/www.europesays.com\/es\/wp-content\/uploads\/2025\/11\/puente-fuente-kEYB--760x427@diario_abc.jpg\" class=\"voc-img\" width=\"760\" height=\"427\" alt=\"Puente de la Fuente Chiquita\" data-voc-vtm-id=\"in-text-traffic\"\/><\/p>\n<p>Puente de la Fuente Chiquita<\/p>\n<p>AYUNTAMIENTO HERV\u00c1S<\/p>\n<p class=\"voc-p\" style=\"\">La antigua <strong>V\u00eda de la Plata<\/strong>, reconvertida hoy en senda verde, permite recorrer el valle a pie o en bicicleta entre paisajes de monta\u00f1a, robledales y prados. En el recorrido, puedes encontrar la famosa cascada de <strong>La Chorrera<\/strong>. <\/p>\n<p class=\"voc-p\" style=\"\">Adem\u00e1s, a las afueras de la ciudad se extiende el<strong> Casta\u00f1ar Gallego<\/strong>, declarado Paisaje Protegido por la Junta de Extremadura. Este bosque de m\u00e1s de 300 hect\u00e1reas fue afectado por el incendio forestal de Jarilla en agosto de 2025, aunque logr\u00f3 resistir gracias a la humedad del terreno y a la labor de los bomberos.<\/p>\n","protected":false},"excerpt":{"rendered":"Netflix ha vuelto a llevar a la pantalla una de las novelas m\u00e1s exitosas de Javier Castillo. Tras&hellip;\n","protected":false},"author":2,"featured_media":243849,"comment_status":"","ping_status":"","sticky":false,"template":"","format":"standard","meta":{"footnotes":""},"categories":[171],"tags":[3975,39100,40452,146,147,25,24,152,4899,12030,156,23,214,6989,5151],"class_list":{"0":"post-243848","1":"post","2":"type-post","3":"status-publish","4":"format-standard","5":"has-post-thumbnail","7":"category-tv","8":"tag-caceres","9":"tag-cristal","10":"tag-cuco","11":"tag-entertainment","12":"tag-entretenimiento","13":"tag-es","14":"tag-espana","15":"tag-netflix","16":"tag-pueblo","17":"tag-rodo","18":"tag-serie","19":"tag-spain","20":"tag-tv","21":"tag-vista","22":"tag-xxx"},"share_on_mastodon":{"url":"https:\/\/pubeurope.com\/@es\/115574181056805909","error":""},"_links":{"self":[{"href":"https:\/\/www.europesays.com\/es\/wp-json\/wp\/v2\/posts\/243848","targetHints":{"allow":["GET"]}}],"collection":[{"href":"https:\/\/www.europesays.com\/es\/wp-json\/wp\/v2\/posts"}],"about":[{"href":"https:\/\/www.europesays.com\/es\/wp-json\/wp\/v2\/types\/post"}],"author":[{"embeddable":true,"href":"https:\/\/www.europesays.com\/es\/wp-json\/wp\/v2\/users\/2"}],"replies":[{"embeddable":true,"href":"https:\/\/www.europesays.com\/es\/wp-json\/wp\/v2\/comments?post=243848"}],"version-history":[{"count":0,"href":"https:\/\/www.europesays.com\/es\/wp-json\/wp\/v2\/posts\/243848\/revisions"}],"wp:featuredmedia":[{"embeddable":true,"href":"https:\/\/www.europesays.com\/es\/wp-json\/wp\/v2\/media\/243849"}],"wp:attachment":[{"href":"https:\/\/www.europesays.com\/es\/wp-json\/wp\/v2\/media?parent=243848"}],"wp:term":[{"taxonomy":"category","embeddable":true,"href":"https:\/\/www.europesays.com\/es\/wp-json\/wp\/v2\/categories?post=243848"},{"taxonomy":"post_tag","embeddable":true,"href":"https:\/\/www.europesays.com\/es\/wp-json\/wp\/v2\/tags?post=243848"}],"curies":[{"name":"wp","href":"https:\/\/api.w.org\/{rel}","templated":true}]}}