{"id":243859,"date":"2025-11-19T03:20:15","date_gmt":"2025-11-19T03:20:15","guid":{"rendered":"https:\/\/www.europesays.com\/es\/243859\/"},"modified":"2025-11-19T03:20:15","modified_gmt":"2025-11-19T03:20:15","slug":"dimite-pascal-donohoe-el-presidente-del-eurogrupo-que-derroto-a-carlos-cuerpo-en-la-carrera-por-el-cargo","status":"publish","type":"post","link":"https:\/\/www.europesays.com\/es\/243859\/","title":{"rendered":"Dimite Pascal Donohoe, el presidente del Eurogrupo que derrot\u00f3 a Carlos Cuerpo en la carrera por el cargo"},"content":{"rendered":"<p class=\"c-paragraph\">El ministro de Finanzas de Irlanda y presidente en ejercicio del<b> Eurogrupo<\/b>, <b>Paschal Donohoe<\/b>, ha abandonado sus responsabilidades, as\u00ed como su esca\u00f1o como diputado, para asumir un puesto de alta responsabilidad en el <b>Banco Mundial<\/b>, lo que ha implicado tambi\u00e9n su salida de\u00a0 la presidencia del Eurogrupo, seg\u00fan ha informado la televisi\u00f3n p\u00fablica de Irlanda (RTE).<\/p>\n<p class=\"c-paragraph\">Donohoe ha hecho balance de su paso por la presidencia del Eurogrupo, donde aterrizo en julio de 2020 tras derrotar a la exvicepresidenta primera y ministra de Econom\u00eda espa\u00f1ola <b>Nadia Calvi\u00f1o<\/b>.\u00a0 Donohoe ha destacado que en estos a\u00f1os \u00abhan hecho frente a muchos retos, incluyendo la pandemia del Covid, los efectos de la <b>ola inflacionista <\/b>y la injustificada guerra en Ucarania y las consecuencias para Europa de un r\u00e1pido cambio en el orden internacional\u00bb.\u00a0<\/p>\n<p class=\"c-paragraph\">El hasta hoy minsitro de finanzas irland\u00e9s ha a\u00f1adido que durante los \u00faltimos a\u00f1os<b> \u00abhemos fortalecido el euro a trav\u00e9s de nuestra colaboraci\u00f3n<\/b>, cooperaci\u00f3n y voluntad de trabajar juntos\u00bb. En concreto, ha destacado la mayor coordinaci\u00f3n de los presupuestos, la ampliaci\u00f3n del euro a Croacia y Bulgaria, as\u00ed como \u00abnuestro trabajo en la <b>Uni\u00f3n de Mercados de Capital<\/b>, el euro digital y la Uni\u00f3n Bancaria\u00bb.\u00a0 Ahora espera poder contribuir a la cooperaci\u00f3n internacional desde su nuevo cargoe ne l Banco Mundial.\u00a0\u00a0<\/p>\n<p class=\"c-paragraph\">RTE ha informado de que Donohoe ha anunciado\u00a0<b>su renuncia este mismo martes y abandonar\u00e1 su esca\u00f1o<\/b> como diputado en unos d\u00edas para convertirse en director gerente y responsable de Conocimiento del Banco Mundial, el segundo puesto en la instituci\u00f3n internacional liderada por el indio Ajay Banga.<\/p>\n<p>Ministro desde 2013 y del Eurogrupo desde 2020<\/p>\n<p class=\"c-paragraph\">Donohoe, de 51 a\u00f1os, era hasta la actualidad <b>el ministro m\u00e1s veterano del Gobierno irland\u00e9s<\/b>, ya que su carrera ministerial comenz\u00f3 en 2013 como ministro de Estado y en 2014 fue nombrado ministro de Transportes, Turismo y Deporte, tras lo que en 2016 asumi\u00f3 el cargo de ministro de Gasto P\u00fablico y Reforma, y en 2017 fue nombrado ministro de Finanzas.\u00a0<\/p>\n<p class=\"c-paragraph\">El pol\u00edtico\u00a0 irland\u00e9s<b> se convirti\u00f3 en julio de 2020 en presidente del Eurogrupo<\/b>, cargo que dejar\u00eda vacante tambi\u00e9n en caso de confirmarse su dimisi\u00f3n, tras imponerse entonces a la espa\u00f1ola <b>Nadia Calvi\u00f1o <\/b>y ser reelegido hace unos meses al frente de esta instituci\u00f3n europea por la que tambi\u00e9n ha pugnado el actual ministro de\u00a0 Econom\u00eda, Comercio y Empresa, Carlos Cuerpo.<\/p>\n","protected":false},"excerpt":{"rendered":"El ministro de Finanzas de Irlanda y presidente en ejercicio del Eurogrupo, Paschal Donohoe, ha abandonado sus responsabilidades,&hellip;\n","protected":false},"author":2,"featured_media":243860,"comment_status":"","ping_status":"","sticky":false,"template":"","format":"standard","meta":{"footnotes":""},"categories":[42],"tags":[17,18,13643,13,14,2731,11,61,62,63,64,20505,19,20,7459,9,10,15,16,15913,12,21,22,65,66,67],"class_list":{"0":"post-243859","1":"post","2":"type-post","3":"status-publish","4":"format-standard","5":"has-post-thumbnail","7":"category-internacional","8":"tag-breaking-news","9":"tag-breakingnews","10":"tag-dejara","11":"tag-featured-news","12":"tag-featurednews","13":"tag-finanzas","14":"tag-headlines","15":"tag-internacional","16":"tag-international","17":"tag-international-news","18":"tag-internationalnews","19":"tag-irlandes","20":"tag-latest-news","21":"tag-latestnews","22":"tag-ministro","23":"tag-news","24":"tag-noticias","25":"tag-noticias-destacadas","26":"tag-noticiasdestacadas","27":"tag-presidencia","28":"tag-titulares","29":"tag-ultimas-noticias","30":"tag-ultimasnoticias","31":"tag-world","32":"tag-world-news","33":"tag-worldnews"},"share_on_mastodon":{"url":"https:\/\/pubeurope.com\/@es\/115574212044962479","error":""},"_links":{"self":[{"href":"https:\/\/www.europesays.com\/es\/wp-json\/wp\/v2\/posts\/243859","targetHints":{"allow":["GET"]}}],"collection":[{"href":"https:\/\/www.europesays.com\/es\/wp-json\/wp\/v2\/posts"}],"about":[{"href":"https:\/\/www.europesays.com\/es\/wp-json\/wp\/v2\/types\/post"}],"author":[{"embeddable":true,"href":"https:\/\/www.europesays.com\/es\/wp-json\/wp\/v2\/users\/2"}],"replies":[{"embeddable":true,"href":"https:\/\/www.europesays.com\/es\/wp-json\/wp\/v2\/comments?post=243859"}],"version-history":[{"count":0,"href":"https:\/\/www.europesays.com\/es\/wp-json\/wp\/v2\/posts\/243859\/revisions"}],"wp:featuredmedia":[{"embeddable":true,"href":"https:\/\/www.europesays.com\/es\/wp-json\/wp\/v2\/media\/243860"}],"wp:attachment":[{"href":"https:\/\/www.europesays.com\/es\/wp-json\/wp\/v2\/media?parent=243859"}],"wp:term":[{"taxonomy":"category","embeddable":true,"href":"https:\/\/www.europesays.com\/es\/wp-json\/wp\/v2\/categories?post=243859"},{"taxonomy":"post_tag","embeddable":true,"href":"https:\/\/www.europesays.com\/es\/wp-json\/wp\/v2\/tags?post=243859"}],"curies":[{"name":"wp","href":"https:\/\/api.w.org\/{rel}","templated":true}]}}