{"id":243868,"date":"2025-11-19T03:36:13","date_gmt":"2025-11-19T03:36:13","guid":{"rendered":"https:\/\/www.europesays.com\/es\/243868\/"},"modified":"2025-11-19T03:36:13","modified_gmt":"2025-11-19T03:36:13","slug":"lisa-luce-despampanante-en-la-portada-de-vogue-korea-para-bulgari","status":"publish","type":"post","link":"https:\/\/www.europesays.com\/es\/243868\/","title":{"rendered":"Lisa luce despampanante en la portada de Vogue Korea para Bulgari"},"content":{"rendered":"<p>La estrella mundial del K-Pop, actriz e icono de la moda, <a target=\"_blank\" href=\"https:\/\/exitoina.perfil.com\/noticias\/mundo\/lisa-blackpink-deslumbra-rompe-internet-con-disfraz-sirena-dorada-love-death-robots-para-halloween.phtml\" rel=\"nofollow noopener\"><strong>Lisa<\/strong><\/a> volvi\u00f3 a\u00a0captar la atenci\u00f3n con una serie de portadas para la revista Vogue en su edici\u00f3n Corea, dedicada a <a target=\"_blank\" href=\"https:\/\/exitoina.perfil.com\/noticias\/destacada\/lisa-deslumbro-con-un-look-de-alta-costura-en-un-evento-de-bvlgari-en-sicilia.phtml\" rel=\"nofollow noopener\"><strong>Bvgari<\/strong><\/a>, marca que representa como embajadora global.<\/p>\n<p>La artista de talla internacional\u00a0desaf\u00eda el tiempo en una secuencia de fotos que hizo recordar a su \u00e9poca de rockie, tras debutar en BLACKPINK, en 2016.<\/p>\n<p><img decoding=\"async\" style=\"max-width: 100%; width: 100%;\" alt=\"Lisa para Vogue Korea\" src=\"https:\/\/www.europesays.com\/es\/wp-content\/uploads\/2025\/11\/lisa-para-vogue-korea-2139339.jpg\" loading=\"lazy\"\/>&#13;<br \/>\nLisa para Vogue Korea&#13;<\/p>\n<p>La superestrella tailandesa acapar\u00f3 todas las miradas con un maquillaje ligero y un peinado ondulado, luciendo deslumbrante y et\u00e9rea, exudando carisma con su aura incomparable en una sesi\u00f3n de fotos para la portada del n\u00famero especial de diciembre de 2025 de Vogue Corea.<\/p>\n<p><img decoding=\"async\" style=\"max-width: 100%; width: 100%;\" alt=\"Lisa para Vogue Korea\" src=\"https:\/\/www.europesays.com\/es\/wp-content\/uploads\/2025\/11\/lisa-para-vogue-korea-2139341.jpg\" loading=\"lazy\"\/>&#13;<br \/>\nLisa para Vogue Korea&#13;<\/p>\n<p><strong>BLINKs <\/strong>-fandom de BLACKPINK- y <strong>Lilies<\/strong> -fandom personal de Lisa- elogiaron las incre\u00edbles im\u00e1genes que irradian la innegable y potente presencia y el carisma de <strong>Lisa<\/strong>, donde cada fotograf\u00eda muestra una confianza inquebrantable y una clase que derrocha elegancia y porte.<\/p>\n<p>El estilo de Lisa para la publicaci\u00f3n impecable consolida a\u00fan m\u00e1s su estatus como \u00edcono de la moda global y musa de la alta costura, brillando con luz propia en cada nuevo proyecto.<\/p>\n<p><img decoding=\"async\" style=\"max-width: 100%; width: 100%;\" alt=\"Lisa para Vogue Korea\" src=\"https:\/\/www.europesays.com\/es\/wp-content\/uploads\/2025\/11\/lisa-para-vogue-korea-2139340.jpg\" loading=\"lazy\"\/>&#13;<br \/>\nLisa para Vogue Korea&#13;<\/p>\n<p>\u00a0<\/p>\n","protected":false},"excerpt":{"rendered":"La estrella mundial del K-Pop, actriz e icono de la moda, Lisa volvi\u00f3 a\u00a0captar la atenci\u00f3n con una&hellip;\n","protected":false},"author":2,"featured_media":243869,"comment_status":"","ping_status":"","sticky":false,"template":"","format":"standard","meta":{"footnotes":""},"categories":[170],"tags":[146,147,25,24,184,185,23],"class_list":{"0":"post-243868","1":"post","2":"type-post","3":"status-publish","4":"format-standard","5":"has-post-thumbnail","7":"category-musica","8":"tag-entertainment","9":"tag-entretenimiento","10":"tag-es","11":"tag-espana","12":"tag-music","13":"tag-musica","14":"tag-spain"},"share_on_mastodon":{"url":"https:\/\/pubeurope.com\/@es\/115574275357289581","error":""},"_links":{"self":[{"href":"https:\/\/www.europesays.com\/es\/wp-json\/wp\/v2\/posts\/243868","targetHints":{"allow":["GET"]}}],"collection":[{"href":"https:\/\/www.europesays.com\/es\/wp-json\/wp\/v2\/posts"}],"about":[{"href":"https:\/\/www.europesays.com\/es\/wp-json\/wp\/v2\/types\/post"}],"author":[{"embeddable":true,"href":"https:\/\/www.europesays.com\/es\/wp-json\/wp\/v2\/users\/2"}],"replies":[{"embeddable":true,"href":"https:\/\/www.europesays.com\/es\/wp-json\/wp\/v2\/comments?post=243868"}],"version-history":[{"count":0,"href":"https:\/\/www.europesays.com\/es\/wp-json\/wp\/v2\/posts\/243868\/revisions"}],"wp:featuredmedia":[{"embeddable":true,"href":"https:\/\/www.europesays.com\/es\/wp-json\/wp\/v2\/media\/243869"}],"wp:attachment":[{"href":"https:\/\/www.europesays.com\/es\/wp-json\/wp\/v2\/media?parent=243868"}],"wp:term":[{"taxonomy":"category","embeddable":true,"href":"https:\/\/www.europesays.com\/es\/wp-json\/wp\/v2\/categories?post=243868"},{"taxonomy":"post_tag","embeddable":true,"href":"https:\/\/www.europesays.com\/es\/wp-json\/wp\/v2\/tags?post=243868"}],"curies":[{"name":"wp","href":"https:\/\/api.w.org\/{rel}","templated":true}]}}