{"id":243870,"date":"2025-11-19T03:37:12","date_gmt":"2025-11-19T03:37:12","guid":{"rendered":"https:\/\/www.europesays.com\/es\/243870\/"},"modified":"2025-11-19T03:37:12","modified_gmt":"2025-11-19T03:37:12","slug":"five-nights-at-freddys-2-la-marioneta-en-el-nuevo-video-de-la-pelicula","status":"publish","type":"post","link":"https:\/\/www.europesays.com\/es\/243870\/","title":{"rendered":"Five Nights at Freddys 2: La Marioneta en el nuevo v\u00eddeo de la pel\u00edcula"},"content":{"rendered":"<p>&#13;<br \/>\n\t\t\t\t\t&#13;<br \/>\n\t\t\t\t\tEl pr\u00f3ximo 5 de diciembre llegar\u00e1 a los cines espa\u00f1oles <b>Five Nights at Freddy\u00b4s 2<\/b>, la continuaci\u00f3n del exitoso t\u00edtulo de Blumhouse que adapta la popular franquicia de videojuegos.<\/p>\n<p>Hoy ha visto la luz un <b>nuevo v\u00eddeo de la pel\u00edcula<\/b> centrado en <b>La Marioneta<\/b>, uno de los animatr\u00f3nicos que servir\u00e1n de antagonistas en esta entrega que ha vuelto a dirigir <b>Emma Tammi<\/b>.<\/p>\n<p>Ha transcurrido un a\u00f1o desde que fuimos testigo de la pesadilla sobrenatural en la pizzer\u00eda de Freddy Fazbear. La historia de lo que ocurri\u00f3 all\u00ed ha ido adquiriendo la talla de leyenda local, e incluso ha dado pie al primer \u201cFaszfest\u201d.<\/p>\n<p>El exguarda de seguridad Mike (Josh Hutcherson) y la agente de polic\u00eda Vanessa (Elizabeth Lail) han ocultado la verdad a Abby (Piper Rubio), la hermana de 11 a\u00f1os de Mike, acerca del destino de sus amigos animatr\u00f3nicos.<\/p>\n<p>Pero cuando Abby decide reconectar con Freddy, Bonnie, Chica y Foxy, desatar\u00e1 una serie de acontecimientos aterradores que revelar\u00e1n oscuros secretos sobre el verdadero origen de Freddy\u2019s, desencadenando un horror que llevaba d\u00e9cadas escondido y olvidado.<\/p>\n<p>Todo apunta a que la pel\u00edcula arrasar\u00e1 en taquilla despu\u00e9s de que la primera parte lograse 291 millones de d\u00f3lares en todo el mundo estren\u00e1ndose adem\u00e1s de forma simult\u00e1nea en Estados Unidos en cines y en la plataforma Peacock.<\/p>\n<p>&#13;<br \/>\n\t\t\t\t\t&#13;<\/p>\n","protected":false},"excerpt":{"rendered":"&#13; &#13; El pr\u00f3ximo 5 de diciembre llegar\u00e1 a los cines espa\u00f1oles Five Nights at Freddy\u00b4s 2, la&hellip;\n","protected":false},"author":2,"featured_media":243871,"comment_status":"","ping_status":"","sticky":false,"template":"","format":"standard","meta":{"footnotes":""},"categories":[169],"tags":[177,146,147,25,24,176,175,23],"class_list":{"0":"post-243870","1":"post","2":"type-post","3":"status-publish","4":"format-standard","5":"has-post-thumbnail","7":"category-cine","8":"tag-cine","9":"tag-entertainment","10":"tag-entretenimiento","11":"tag-es","12":"tag-espana","13":"tag-film","14":"tag-movies","15":"tag-spain"},"share_on_mastodon":{"url":"https:\/\/pubeurope.com\/@es\/115574279128831912","error":""},"_links":{"self":[{"href":"https:\/\/www.europesays.com\/es\/wp-json\/wp\/v2\/posts\/243870","targetHints":{"allow":["GET"]}}],"collection":[{"href":"https:\/\/www.europesays.com\/es\/wp-json\/wp\/v2\/posts"}],"about":[{"href":"https:\/\/www.europesays.com\/es\/wp-json\/wp\/v2\/types\/post"}],"author":[{"embeddable":true,"href":"https:\/\/www.europesays.com\/es\/wp-json\/wp\/v2\/users\/2"}],"replies":[{"embeddable":true,"href":"https:\/\/www.europesays.com\/es\/wp-json\/wp\/v2\/comments?post=243870"}],"version-history":[{"count":0,"href":"https:\/\/www.europesays.com\/es\/wp-json\/wp\/v2\/posts\/243870\/revisions"}],"wp:featuredmedia":[{"embeddable":true,"href":"https:\/\/www.europesays.com\/es\/wp-json\/wp\/v2\/media\/243871"}],"wp:attachment":[{"href":"https:\/\/www.europesays.com\/es\/wp-json\/wp\/v2\/media?parent=243870"}],"wp:term":[{"taxonomy":"category","embeddable":true,"href":"https:\/\/www.europesays.com\/es\/wp-json\/wp\/v2\/categories?post=243870"},{"taxonomy":"post_tag","embeddable":true,"href":"https:\/\/www.europesays.com\/es\/wp-json\/wp\/v2\/tags?post=243870"}],"curies":[{"name":"wp","href":"https:\/\/api.w.org\/{rel}","templated":true}]}}