{"id":243878,"date":"2025-11-19T03:42:08","date_gmt":"2025-11-19T03:42:08","guid":{"rendered":"https:\/\/www.europesays.com\/es\/243878\/"},"modified":"2025-11-19T03:42:08","modified_gmt":"2025-11-19T03:42:08","slug":"el-oro-blanco-que-equilibra-la-microbiota-y-mejora-la-salud-digestiva","status":"publish","type":"post","link":"https:\/\/www.europesays.com\/es\/243878\/","title":{"rendered":"El \u201coro blanco\u201d que equilibra la microbiota y mejora la salud digestiva"},"content":{"rendered":"<p class=\"com-paragraph  --capital --s\">Originario de las monta\u00f1as del C\u00e1ucaso, este fermento ancestral ha comenzado a ser objeto de an\u00e1lisis cient\u00edficos rigurosos. <a href=\"https:\/\/pubmed.ncbi.nlm.nih.gov\/35913411\/\" rel=\"nofollow noopener\" target=\"_blank\" title=\"https:\/\/pubmed.ncbi.nlm.nih.gov\/35913411\/\" class=\"com-link break-word\" data-mrf-recirculation=\"n_link_parrafo\">Publicaciones en bases como PubMed y BMC <\/a>lo describen como una matriz simbi\u00f3tica viva, compuesta por una diversidad de entre 30 y 60 microorganismos que interact\u00faan con distintas funciones del organismo. Aunque los estudios en humanos a\u00fan son acotados y variados, los primeros resultados sugieren un <strong>posible rol en la regulaci\u00f3n digestiva, la modulaci\u00f3n inmunitaria y la <\/strong><a href=\"https:\/\/www.lanacion.com.ar\/salud\/nutricion\/microbiota-el-organo-invisible-que-regula-casi-todo-nid30092025\/\" target=\"_self\" title=\"https:\/\/www.lanacion.com.ar\/salud\/nutricion\/microbiota-el-organo-invisible-que-regula-casi-todo-nid30092025\/\" class=\"com-link break-word\" data-mrf-recirculation=\"n_link_parrafo\" rel=\"nofollow noopener\"><strong>recuperaci\u00f3n del equilibrio microbiano<\/strong><\/a><strong>. <\/strong><\/p>\n<p class=\"com-paragraph   --s\"><strong>El k\u00e9fir se obtiene a partir de gr\u00e1nulos blancos, gelatinosos, que concentran una comunidad de bacterias l\u00e1cticas y levaduras. <\/strong>Durante el proceso de fermentaci\u00f3n de az\u00facares, estos gr\u00e1nulos producen compuestos como \u00e1cido l\u00e1ctico, di\u00f3xido de carbono, etanol y otros metabolitos activos que modifican la estructura del l\u00edquido original, generando una bebida rica en <a href=\"https:\/\/www.lanacion.com.ar\/salud\/nutricion\/microbiota-el-organo-invisible-que-regula-casi-todo-nid30092025\/\" target=\"_self\" title=\"https:\/\/www.lanacion.com.ar\/salud\/nutricion\/microbiota-el-organo-invisible-que-regula-casi-todo-nid30092025\/\" class=\"com-link break-word\" data-mrf-recirculation=\"n_link_parrafo\" rel=\"nofollow noopener\">microorganismos vivos.<\/a> <\/p>\n<p class=\"com-paragraph   --s\"><strong>\u201cEs una simbiosis natural entre levaduras y bacterias que se potencia en ese entorno compartido<\/strong>\u201d, explica C\u00e9sar Casavola, presidente de la Sociedad Argentina de M\u00e9dicos Nutricionistas (SAMENUT).<\/p>\n<p class=\"com-paragraph   --s\">Su origen se remonta a pr\u00e1cticas tradicionales del C\u00e1ucaso, donde se dejaba fermentar leche en recipientes de piel de cabra sin lavar. As\u00ed se descubri\u00f3 que la pel\u00edcula blanca generaba una bebida nueva, \u00e1cida, de sabor particular y m\u00e1s duradera. La llamaron k\u00e9fir, del turco keyif, que alude a la sensaci\u00f3n de bienestar.<\/p>\n<p>Dos variedades principalesAl reforzar la barrera intestinal, se reduce la entrada de toxinas o pat\u00f3genos al sistemaLA NACION<\/p>\n<p class=\"com-paragraph   --s\">La mayor\u00eda de los estudios realizados hasta hoy son in vitro o en modelos animales, pero sugieren que el consumo habitual de k\u00e9fir se asocia con mejoras en diversos indicadores:<\/p>\n<p>Entre otros, se le atribuye un efecto antihipertensivo y antiinflamatorioShutterstock1. Promueve la diversidad microbiana<\/p>\n<p class=\"com-paragraph   --s\">Bacterias como Lactobacillus kefiranofaciens, L. plantarum, L. acidophilus y levaduras como Saccharomyces cerevisiae o Kluyveromyces marxianus ayudan a generar \u00e1cidos org\u00e1nicos, enzimas y kefiran, un polisac\u00e1rido clave. Estos elementos modifican el entorno intestinal, reduciendo el pH, desplazando bacterias oportunistas y actuando como sustrato prebi\u00f3tico.<\/p>\n<p class=\"com-paragraph   --s\">Ambas variantes, tanto de leche como de agua,<strong> pueden aumentar la diversidad bacteriana.<\/strong> Beneficiosa, especialmente tras tratamientos con antibi\u00f3ticos o situaciones de estr\u00e9s.<\/p>\n<p class=\"com-paragraph   --s\">\u201cFavorece el desarrollo de Lactobacillus y Bifidobacterium, mientras suprime microorganismos da\u00f1inos, lo cual <strong>colabora en restablecer un entorno intestinal saludable<\/strong>\u201d, indica Casavola.<\/p>\n<p class=\"com-paragraph   --s\">Adem\u00e1s, una microbiota en equilibrio mejora la absorci\u00f3n de nutrientes como calcio y magnesio. \u201c<strong>Eso potencia la biodisponibilidad de vitaminas y minerales esenciales\u201d<\/strong>, suma la nutricionista Milagros Sympson (M.N. 12067).<\/p>\n<p class=\"com-paragraph   --s\">Un estudio en BMC Medicine mostr\u00f3 que en pacientes cr\u00edticos, el k\u00e9fir ayud\u00f3 a disminuir la disbiosis intestinal, un desbalance com\u00fan en contextos de salud comprometida.<\/p>\n<p>2. Alivia s\u00edntomas digestivos<\/p>\n<p class=\"com-paragraph   --s\">El k\u00e9fir mejora la digesti\u00f3n al normalizar el tr\u00e1nsito intestinal, y puede ser \u00fatil en casos de constipaci\u00f3n, diarreas o colon irritable. \u201c<strong>Su capacidad probi\u00f3tica y la reducci\u00f3n del pH col\u00f3nico favorecen estos efectos<\/strong>\u201d, afirma Casavola.<\/p>\n<p class=\"com-paragraph   --s\">Tambi\u00e9n produce enzimas que degradan la lactosa, facilitando la digesti\u00f3n en personas con intolerancia. Los p\u00e9ptidos y \u00e1cidos que genera act\u00faan a nivel local reduciendo la inflamaci\u00f3n: \u201cEso fortalece la barrera intestinal, lo que impide el ingreso de toxinas o pat\u00f3genos\u201d, detalla Sympson.<\/p>\n<p>3. Refuerza las defensas<\/p>\n<p class=\"com-paragraph   --s\"><strong>\u201cSus efectos inmunomoduladores provienen tanto de las bacterias como de los compuestos que se sintetizan durante la fermentaci\u00f3n<\/strong>\u201d, comenta Casavola. Entre ellos, p\u00e9ptidos que activan respuestas inmunes espec\u00edficas contra infecciones.<\/p>\n<p>Sus efectos inmunomoduladores provienen tanto de las bacterias como de los compuestos que se sintetizan durante la fermentaci\u00f3nShutterstock<\/p>\n<p class=\"com-paragraph   --s\">Sympson subraya que <strong>una parte clave del sistema inmune reside en el intestino<\/strong>, por lo que mantener su equilibrio favorece una mejor respuesta general.<\/p>\n<p>C\u00f3mo prepararlo<\/p>\n<p class=\"com-paragraph   --s\">El k\u00e9fir puede elaborarse de forma casera<strong> colocando los gr\u00e1nulos en un frasco con leche (animal o vegetal) o agua con az\u00facar<\/strong>. La fermentaci\u00f3n dura entre 24 y 48 horas a temperatura ambiente. Luego se cuela, se reutilizan los gr\u00e1nulos y se conserva refrigerado. Casavola recomienda:<\/p>\n<p class=\"com-paragraph   --s\">En cuanto a la cantidad, con <strong>100 a 200 ml diarios<\/strong> es suficiente para obtener beneficios comprobados. \u201cLo m\u00e1s importante es la constancia, que el k\u00e9fir sea de buena calidad y est\u00e9 acompa\u00f1ado de una alimentaci\u00f3n equilibrada\u201d, concluye Sympson. <\/p>\n","protected":false},"excerpt":{"rendered":"Originario de las monta\u00f1as del C\u00e1ucaso, este fermento ancestral ha comenzado a ser objeto de an\u00e1lisis cient\u00edficos rigurosos.&hellip;\n","protected":false},"author":2,"featured_media":243879,"comment_status":"","ping_status":"","sticky":false,"template":"","format":"standard","meta":{"footnotes":""},"categories":[80],"tags":[82,95,94,25,24,23],"class_list":{"0":"post-243878","1":"post","2":"type-post","3":"status-publish","4":"format-standard","5":"has-post-thumbnail","7":"category-economia","8":"tag-business","9":"tag-economia","10":"tag-economy","11":"tag-es","12":"tag-espana","13":"tag-spain"},"share_on_mastodon":{"url":"https:\/\/pubeurope.com\/@es\/115574298729028057","error":""},"_links":{"self":[{"href":"https:\/\/www.europesays.com\/es\/wp-json\/wp\/v2\/posts\/243878","targetHints":{"allow":["GET"]}}],"collection":[{"href":"https:\/\/www.europesays.com\/es\/wp-json\/wp\/v2\/posts"}],"about":[{"href":"https:\/\/www.europesays.com\/es\/wp-json\/wp\/v2\/types\/post"}],"author":[{"embeddable":true,"href":"https:\/\/www.europesays.com\/es\/wp-json\/wp\/v2\/users\/2"}],"replies":[{"embeddable":true,"href":"https:\/\/www.europesays.com\/es\/wp-json\/wp\/v2\/comments?post=243878"}],"version-history":[{"count":0,"href":"https:\/\/www.europesays.com\/es\/wp-json\/wp\/v2\/posts\/243878\/revisions"}],"wp:featuredmedia":[{"embeddable":true,"href":"https:\/\/www.europesays.com\/es\/wp-json\/wp\/v2\/media\/243879"}],"wp:attachment":[{"href":"https:\/\/www.europesays.com\/es\/wp-json\/wp\/v2\/media?parent=243878"}],"wp:term":[{"taxonomy":"category","embeddable":true,"href":"https:\/\/www.europesays.com\/es\/wp-json\/wp\/v2\/categories?post=243878"},{"taxonomy":"post_tag","embeddable":true,"href":"https:\/\/www.europesays.com\/es\/wp-json\/wp\/v2\/tags?post=243878"}],"curies":[{"name":"wp","href":"https:\/\/api.w.org\/{rel}","templated":true}]}}