{"id":243895,"date":"2025-11-19T04:04:13","date_gmt":"2025-11-19T04:04:13","guid":{"rendered":"https:\/\/www.europesays.com\/es\/243895\/"},"modified":"2025-11-19T04:04:13","modified_gmt":"2025-11-19T04:04:13","slug":"radio-clasica-conde-duque-ocho-horas-de-musica-en-vivo-en-conde-duque-para-conmemorar-los-60-anos-de-radio-clasica","status":"publish","type":"post","link":"https:\/\/www.europesays.com\/es\/243895\/","title":{"rendered":"RADIO CL\u00c1SICA CONDE DUQUE | Ocho horas de m\u00fasica en vivo en Conde Duque para conmemorar los 60 a\u00f1os de Radio Cl\u00e1sica"},"content":{"rendered":"<p class=\"ft-text\">Radio Cl\u00e1sica celebra este s\u00e1bado <strong>22 de noviembre<\/strong> sus <strong>60 a\u00f1os de emisiones<\/strong> con una marat\u00f3n musical en directo en el <strong>Auditorio del <\/strong><a class=\"ft-link ft-link--decoration\" href=\"https:\/\/www.condeduquemadrid.es\/conde-duque\/espacios\/auditorio\" target=\"_blank\" rel=\"nofollow noopener\">Centro de Cultura Contempor\u00e1nea Conde Duque<\/a>. El evento coincide con el <strong>D\u00eda de Santa Cecilia<\/strong>, patrona de los m\u00fasicos, y reunir\u00e1 a m\u00e1s de 20 artistas en una jornada abierta al p\u00fablico hasta completar aforo. La programaci\u00f3n podr\u00e1 seguirse tambi\u00e9n en Radio Cl\u00e1sica y en streaming a trav\u00e9s de <a class=\"ft-link ft-link--decoration\" href=\"https:\/\/www.epe.es\/es\/politica\/20241212\/jose-pablo-lopez-nombra-director-112561076\" target=\"_blank\" rel=\"nofollow noopener\">RNE<\/a> Audio.<\/p>\n<p class=\"ft-text\">Adem\u00e1s de m\u00fasica en vivo, la emisora promete una jornada para recordar su papel en la difusi\u00f3n cultural en Espa\u00f1a, desde la recuperaci\u00f3n del patrimonio musical hasta el impulso a nuevas generaciones de int\u00e9rpretes. La celebraci\u00f3n servir\u00e1 tambi\u00e9n para repasar algunos de los hitos que la han convertido en un referente nacional e internacional de la m\u00fasica cl\u00e1sica.<\/p>\n<p>Ocho horas de m\u00fasica en vivo <\/p>\n<p class=\"ft-text\">La celebraci\u00f3n arranca a las <strong>14:00<\/strong> con <strong>Mart\u00edn Llade<\/strong> y <strong>Clara Corrales<\/strong>, acompa\u00f1ados al piano por <strong>Dar\u00edo Meta<\/strong>, en un homenaje al nacimiento del Segundo Programa en 1965. Conversar\u00e1n con <strong>Juan Bauluz<\/strong>, <strong>Nacho Rem\u00f3n Valea<\/strong> (Warner Classics Spain) y <strong>Eva Sandoval<\/strong>, directora de Radio Cl\u00e1sica, sobre el \u00e1lbum conmemorativo Radio Cl\u00e1sica 60 aniversario: Mucho m\u00e1s que m\u00fasica. Durante la tarde se sortear\u00e1n varios ejemplares entre el p\u00fablico.<\/p>\n<p class=\"ft-text\">A las <strong>15:00<\/strong>, los presentadores de M\u00fasica a la carta, <strong>Amaya Prieto<\/strong> y <strong>Carlos Hern\u00e1ndez S\u00e1nchez<\/strong>, recibir\u00e1n al tenor <strong>Pablo Garc\u00eda-L\u00f3pez<\/strong> y a la arpista <strong>Sara \u00c1gueda<\/strong>, que interpretar\u00e1n obras de <strong>Frescobaldi, Hidalgo y Monteverdi<\/strong>. Con ellos charlar\u00e1 <strong>Andr\u00e9s Lacasa<\/strong> (Iberm\u00fasica) sobre la nueva colaboraci\u00f3n entre Radio Cl\u00e1sica y el <strong>Ciclo Km0<\/strong>.<\/p>\n<p>Jazz, m\u00fasica antigua y j\u00f3venes talentos<\/p>\n<p class=\"ft-text\">A las <strong>15:50<\/strong>, <strong>Julio Valverde<\/strong> (Rubato) y <strong>Nacho Arbalejo<\/strong> (Radar cl\u00e1sico) presentar\u00e1n fragmentos de Satie for two con <strong>Chema Saiz<\/strong> y <strong>Federico Lechner<\/strong>, en homenaje al v\u00ednculo hist\u00f3rico entre la emisora y el <a class=\"ft-link ft-link--decoration\" href=\"https:\/\/www.epe.es\/es\/cultura\/20251118\/pere-navarro-musico-compositor-jazz-123841983\" target=\"_blank\" rel=\"nofollow noopener\">jazz<\/a>. Tambi\u00e9n participar\u00e1 <strong>Miguel \u00c1ngel Mar\u00edn<\/strong> (Fundaci\u00f3n Juan March).<\/p>\n<p class=\"ft-text\">La programaci\u00f3n continuar\u00e1 a las <strong>16:40<\/strong> con una franja dedicada a la <strong>Orquesta y Coro Nacionales de Espa\u00f1a<\/strong>. <strong>Irene de Juan<\/strong> y <strong>David Herv\u00e1s<\/strong> entrevistar\u00e1n a <strong>F\u00e9lix Palomero<\/strong>, su director t\u00e9cnico. El violinista <strong>Miguel Colom<\/strong> y el violonchelista <strong>Fernando Arias<\/strong> ofrecer\u00e1n piezas de <strong>Bach, Cassad\u00f3 y Haendel-Halvorsen<\/strong>.<\/p>\n<p class=\"ft-text\">A las 17:30, Mikaela Vergara y Germ\u00e1n Garc\u00eda Tom\u00e1s dialogar\u00e1n con Gustavo N\u00fa\u00f1ez y \u00d3scar Colomina, de la Escuela Superior de M\u00fasica Reina Sof\u00eda, sobre el ciclo Solistas del siglo XXI. Actuar\u00e1n los j\u00f3venes fagotistas Juan Carlos Paredes Guti\u00e9rrez y Jos\u00e9 Manuel L\u00f3pez Agarrado.<\/p>\n<p class=\"ft-text\">A las <strong>18:20<\/strong>, <strong>Yolanda Criado<\/strong> y <strong>Gracia Terr\u00e9n<\/strong> entrevistar\u00e1n a <strong>Maider M\u00fagica<\/strong> (CNDM). El clarinetista <strong>Pablo Barrag\u00e1n<\/strong> y la pianista <strong>Noelia Rodiles<\/strong> interpretar\u00e1n obras de <strong>Falla<\/strong>, <strong>Bart\u00f3k<\/strong> y el estreno absoluto de Canci\u00f3n de Amor n\u00ba 7: Sara, de <strong>Jes\u00fas Rueda<\/strong>.<\/p>\n<p>Un final coral<\/p>\n<p class=\"ft-text\">A las <strong>19:10<\/strong>, <strong>Diego Requena<\/strong> presentar\u00e1 al quinteto de metales de la <strong>Orquesta Sinf\u00f3nica RTVE<\/strong>, con obras festivas de <strong>Crespo, MacDonald, Johnson<\/strong> y <strong>Smith<\/strong>, seguido de una conversaci\u00f3n con representantes de RTVE sobre la alianza entre orquesta, televisi\u00f3n y radio.<\/p>\n<p class=\"ft-text\">Uno de los momentos m\u00e1s esperados llegar\u00e1 a las <strong>20:00<\/strong> con <strong>Clara S\u00e1nchez<\/strong> y <strong>Elena Horta<\/strong>, que entrevistar\u00e1n a <strong>Mar\u00eda del Ser<\/strong> sobre los nuevos ciclos de conciertos. Acto seguido, el gestor musical <strong>Antonio Moral<\/strong> conversar\u00e1 con el pianista <strong>Leif Ove Andsnes<\/strong>, que interpretar\u00e1 una obra de <strong>Debussy<\/strong>.<\/p>\n<p class=\"ft-text\">El fin de fiesta comenzar\u00e1 a las 21:00 con Ana Cortijo y Fernando Bl\u00e1zquez (Cl\u00e1sicos populares), y la actuaci\u00f3n del Coro Singerhood, dirigido por Marcos Cast\u00e1n y acompa\u00f1ado por Dar\u00edo Meta. Sonar\u00e1n piezas de<strong> Verdi, <\/strong><a class=\"ft-link ft-link--decoration\" href=\"https:\/\/www.epe.es\/es\/madrid\/20250509\/opera-attila-verdi-teatro-real-conexion-madrilena-libretista-temistocle-solera-117159434\" target=\"_blank\" rel=\"nofollow noopener\"><strong>Vivaldi<\/strong><\/a><strong>, Carl Orff, Tom\u00e1s Bret\u00f3n y el Cancionero de Uppsala<\/strong>, con participaci\u00f3n activa del p\u00fablico gracias a la app coral promovida por RTVE.<\/p>\n<p class=\"ft-text\">La jornada se cerrar\u00e1 con <strong>Pablo Sanz<\/strong> (Conde Duque), que destacar\u00e1 la nueva alianza entre la instituci\u00f3n y Radio Cl\u00e1sica. Finalmente, <strong>Eva Sandoval<\/strong> despedir\u00e1 el encuentro agradeciendo el esfuerzo colectivo que ha hecho posible este aniversario hist\u00f3rico para la radio p\u00fablica espa\u00f1ola.<\/p>\n","protected":false},"excerpt":{"rendered":"Radio Cl\u00e1sica celebra este s\u00e1bado 22 de noviembre sus 60 a\u00f1os de emisiones con una marat\u00f3n musical en&hellip;\n","protected":false},"author":2,"featured_media":243896,"comment_status":"","ping_status":"","sticky":false,"template":"","format":"standard","meta":{"footnotes":""},"categories":[91],"tags":[6438,988,2683,208,6637,27665,4482,146,147,25,24,297,205,185,27487,2799,8677,1448,518,23,1852],"class_list":{"0":"post-243895","1":"post","2":"type-post","3":"status-publish","4":"format-standard","5":"has-post-thumbnail","7":"category-entretenimiento","8":"tag-6438","9":"tag-anos","10":"tag-clasica","11":"tag-conciertos","12":"tag-conde","13":"tag-duque","14":"tag-dv","15":"tag-entertainment","16":"tag-entretenimiento","17":"tag-es","18":"tag-espana","19":"tag-horas","20":"tag-madrid","21":"tag-musica","22":"tag-musica-clasica","23":"tag-ocho","24":"tag-planes","25":"tag-radio","26":"tag-rtve","27":"tag-spain","28":"tag-vivo"},"share_on_mastodon":{"url":"https:\/\/pubeurope.com\/@es\/115574385220906715","error":""},"_links":{"self":[{"href":"https:\/\/www.europesays.com\/es\/wp-json\/wp\/v2\/posts\/243895","targetHints":{"allow":["GET"]}}],"collection":[{"href":"https:\/\/www.europesays.com\/es\/wp-json\/wp\/v2\/posts"}],"about":[{"href":"https:\/\/www.europesays.com\/es\/wp-json\/wp\/v2\/types\/post"}],"author":[{"embeddable":true,"href":"https:\/\/www.europesays.com\/es\/wp-json\/wp\/v2\/users\/2"}],"replies":[{"embeddable":true,"href":"https:\/\/www.europesays.com\/es\/wp-json\/wp\/v2\/comments?post=243895"}],"version-history":[{"count":0,"href":"https:\/\/www.europesays.com\/es\/wp-json\/wp\/v2\/posts\/243895\/revisions"}],"wp:featuredmedia":[{"embeddable":true,"href":"https:\/\/www.europesays.com\/es\/wp-json\/wp\/v2\/media\/243896"}],"wp:attachment":[{"href":"https:\/\/www.europesays.com\/es\/wp-json\/wp\/v2\/media?parent=243895"}],"wp:term":[{"taxonomy":"category","embeddable":true,"href":"https:\/\/www.europesays.com\/es\/wp-json\/wp\/v2\/categories?post=243895"},{"taxonomy":"post_tag","embeddable":true,"href":"https:\/\/www.europesays.com\/es\/wp-json\/wp\/v2\/tags?post=243895"}],"curies":[{"name":"wp","href":"https:\/\/api.w.org\/{rel}","templated":true}]}}