{"id":243903,"date":"2025-11-19T04:17:10","date_gmt":"2025-11-19T04:17:10","guid":{"rendered":"https:\/\/www.europesays.com\/es\/243903\/"},"modified":"2025-11-19T04:17:10","modified_gmt":"2025-11-19T04:17:10","slug":"la-nba-se-prepara-para-el-regreso-de-lebron-james","status":"publish","type":"post","link":"https:\/\/www.europesays.com\/es\/243903\/","title":{"rendered":"La NBA se prepara para el regreso de LeBron James"},"content":{"rendered":"<p class=\"ft-text\"><strong>La NBA empez\u00f3 hace pr\u00e1cticamente un mes<\/strong> pero los aficionados a la mejor liga del mundo echan de menos la presencia del &#8216;Rey&#8217;. <strong>LeBron James podr\u00eda volver a tener minutos en el partido que juegan Los Angeles Lakers esta madrugada (4:30 h) ante Utah Jazz<\/strong>.<\/p>\n<p class=\"ft-text\">El alero estadounidense<strong> lleva apartado de las canchas desde que empez\u00f3 la presente temporada por una ci\u00e1tica en la pierna derecha<\/strong>. No juega un partido desde el \u00faltimo choque de primera ronda de Play-Offs del curso pasado, en el que los Lakers cayeron eliminados por 4-1 ante los Minnesota Timberwolves.<\/p>\n<p class=\"ft-text\">Durante las \u00faltimas fechas <strong>se ha estado ejercitando con los South Bay Lakers<\/strong>, filial de los Lakers en la G League, completando sesiones de preparaci\u00f3n y cinco contra cinco para ir cogiendo el ritmo poco a poco. El pasado lunes complet\u00f3 el entrenamiento junto al resto de sus compa\u00f1eros y podr\u00eda volver contra los Jazz.<\/p>\n<p class=\"ft-text\">La leyenda de la franquicia angelina <strong>coment\u00f3 recientemente en una rueda de prensa las dificultades de su lesi\u00f3n<\/strong>: \u201cSi lo has tenido, sabes de qu\u00e9 se trata. Si nunca lo has tenido, la gente bromea al respecto; espero que nunca lo padezcas. No es nada divertido\u201d, asegur\u00f3 el cuatro veces campe\u00f3n de la NBA.<\/p>\n<p>Un nuevo r\u00e9cord para LeBron<\/p>\n<p class=\"ft-text\"><strong>En el caso de que el &#8217;23&#8217; de los Lakers reaparezca esta madrugada<\/strong>, lograr\u00eda una nueva haza\u00f1a en su dilatada trayectoria. <strong>Se convertir\u00eda en el primer jugador en toda la historia de la NBA en disputar 23 temporadas<\/strong>, un hito que lo coloca una vez m\u00e1s entre los mejores jugadores que ha habido nunca.<\/p>\n<p class=\"ft-text\"><a class=\"ft-link ft-link--decoration\" href=\"https:\/\/www.sport.es\/es\/noticias\/baloncesto\/nba\/decision-lebron-james-resulto-anuncio-122377012\" rel=\"nofollow noopener\" target=\"_blank\"><strong>En una temporada en la que LeBron llego a tener en vilo a todos los aficionados de la NBA por una posible retirada<\/strong><\/a>, el retorno del &#8216;Rey&#8217; significar\u00e1 una gran noticia para <strong>JJ Redick<\/strong>, entrenador de unos Lakers que han empezado con buen pie: diez victorias y cuatro derrotas que les permiten ocupar la cuarta posici\u00f3n de la tabla en el Oeste.<\/p>\n","protected":false},"excerpt":{"rendered":"La NBA empez\u00f3 hace pr\u00e1cticamente un mes pero los aficionados a la mejor liga del mundo echan de&hellip;\n","protected":false},"author":2,"featured_media":230535,"comment_status":"","ping_status":"","sticky":false,"template":"","format":"standard","meta":{"footnotes":""},"categories":[269],"tags":[299,298,168,25,24,5678,5679,1725,23,167],"class_list":{"0":"post-243903","1":"post","2":"type-post","3":"status-publish","4":"format-standard","5":"has-post-thumbnail","7":"category-baloncesto","8":"tag-baloncesto","9":"tag-basketball","10":"tag-deportes","11":"tag-es","12":"tag-espana","13":"tag-lebron-james","14":"tag-los-angeles-lakers","15":"tag-nba","16":"tag-spain","17":"tag-sports"},"share_on_mastodon":{"url":"https:\/\/pubeurope.com\/@es\/115574436304738384","error":""},"_links":{"self":[{"href":"https:\/\/www.europesays.com\/es\/wp-json\/wp\/v2\/posts\/243903","targetHints":{"allow":["GET"]}}],"collection":[{"href":"https:\/\/www.europesays.com\/es\/wp-json\/wp\/v2\/posts"}],"about":[{"href":"https:\/\/www.europesays.com\/es\/wp-json\/wp\/v2\/types\/post"}],"author":[{"embeddable":true,"href":"https:\/\/www.europesays.com\/es\/wp-json\/wp\/v2\/users\/2"}],"replies":[{"embeddable":true,"href":"https:\/\/www.europesays.com\/es\/wp-json\/wp\/v2\/comments?post=243903"}],"version-history":[{"count":0,"href":"https:\/\/www.europesays.com\/es\/wp-json\/wp\/v2\/posts\/243903\/revisions"}],"wp:featuredmedia":[{"embeddable":true,"href":"https:\/\/www.europesays.com\/es\/wp-json\/wp\/v2\/media\/230535"}],"wp:attachment":[{"href":"https:\/\/www.europesays.com\/es\/wp-json\/wp\/v2\/media?parent=243903"}],"wp:term":[{"taxonomy":"category","embeddable":true,"href":"https:\/\/www.europesays.com\/es\/wp-json\/wp\/v2\/categories?post=243903"},{"taxonomy":"post_tag","embeddable":true,"href":"https:\/\/www.europesays.com\/es\/wp-json\/wp\/v2\/tags?post=243903"}],"curies":[{"name":"wp","href":"https:\/\/api.w.org\/{rel}","templated":true}]}}