{"id":243912,"date":"2025-11-19T04:24:30","date_gmt":"2025-11-19T04:24:30","guid":{"rendered":"https:\/\/www.europesays.com\/es\/243912\/"},"modified":"2025-11-19T04:24:30","modified_gmt":"2025-11-19T04:24:30","slug":"bridget-jones-inaugura-su-estatua-con-el-abrigo-menos-bridget-y-mas-tendencia","status":"publish","type":"post","link":"https:\/\/www.europesays.com\/es\/243912\/","title":{"rendered":"Bridget Jones inaugura su estatua con el abrigo menos Bridget y m\u00e1s tendencia"},"content":{"rendered":"<p><a href=\"https:\/\/www.glamour.es\/articulos\/bridget-jones-loca-por-el\" rel=\"nofollow noopener\" target=\"_blank\"><strong>Bridget Jones<\/strong><\/a> deber\u00eda ser patrimonio de la humanidad, deber\u00eda tener su propio d\u00eda nacional, su propia fiesta y su propia entrada en el diccionario. Vale, estamos exagerando, pero la importancia que este personaje ha tenido y tiene en la cultura contempor\u00e1nea es un hecho. Es m\u00e1s, hoy mismo se ha desvelado <strong>la estatua dedicada a Jones<\/strong> en el ic\u00f3nico enclave londinense de <strong>Leicester Square<\/strong>, donde a partir de ahora los fans de las peripecias de Bridget podr\u00e1n \u201cperegrinar\u201d y agradecerle manera f\u00edsica todos los buenos momentos que nos ha regalado (bajada por la barra de bomberos incluida).<\/p>\n<p><img decoding=\"async\" alt=\"Rene Zellweger en la inauguraci\u00f3n de la estatua dedicada a Bridget Jones en Londres. \u00a9 GettyImages.\" loading=\"lazy\" class=\"ResponsiveImageContainer-eNxvmU cfBbTk responsive-image__image\"   src=\"https:\/\/www.europesays.com\/es\/wp-content\/uploads\/2025\/11\/GettyImages-2246569593.jpg\"\/><\/p>\n<p><strong>Ren\u00e9e Zellweger en la inauguraci\u00f3n de la estatua dedicada a Bridget Jones en Londres. \u00a9 GettyImages.<\/strong><\/p>\n<p>Dave Benett\/Getty Images<\/p>\n<p><strong>Ren\u00e9e Zellweger, la actriz que ha interpretado a Bridget Jones hasta en cuatro ocasiones<\/strong>, no ha querido perderse el evento destinado a inaugurar la estatua, y se ha personado en Leicester Square lista y preparada para rendir su homenaje a un personaje que le dado mucho tanto profesional como personalmente. Para la ocasi\u00f3n, Ren\u00e9e ha lucido <strong>un precioso abrigo negro<\/strong> de corte s\u00faper sencillo y largo hasta los tobillos, es decir, la prenda que Bridget nunca escoger\u00eda en la primera pel\u00edcula, pero a\u00f1os despu\u00e9s, con muchos acontecimientos vitales que pueden cambiar un armario a sus espaldas, de repente se convierte en una suerte de vestido perfecto para una renovada y mucho m\u00e1s cl\u00e1sica Bridget.<\/p>\n<p>Para completar el estilismo, Ren\u00e9e apenas ha incluido <strong>unos zapatos de tac\u00f3n de color blanco<\/strong>. La \u00fanica nota de color en un look dominado por la sobriedad y en el que tanto el maquillaje como el peinado escogidos por la actriz tambi\u00e9n han remado a favor de esa simplicidad. No es una nueva Bridget, y ni siquiera es una nueva Ren\u00e9e, son ambas mujeres unidas en 2025 por algo que trasciende modas y tendencias. El peso de la historia de una mujer.<\/p>\n","protected":false},"excerpt":{"rendered":"Bridget Jones deber\u00eda ser patrimonio de la humanidad, deber\u00eda tener su propio d\u00eda nacional, su propia fiesta y&hellip;\n","protected":false},"author":2,"featured_media":243913,"comment_status":"","ping_status":"","sticky":false,"template":"","format":"standard","meta":{"footnotes":""},"categories":[169],"tags":[177,146,147,25,24,176,175,35994,23],"class_list":{"0":"post-243912","1":"post","2":"type-post","3":"status-publish","4":"format-standard","5":"has-post-thumbnail","7":"category-cine","8":"tag-cine","9":"tag-entertainment","10":"tag-entretenimiento","11":"tag-es","12":"tag-espana","13":"tag-film","14":"tag-movies","15":"tag-renee-zellweger","16":"tag-spain"},"share_on_mastodon":{"url":"https:\/\/pubeurope.com\/@es\/115574463836908046","error":""},"_links":{"self":[{"href":"https:\/\/www.europesays.com\/es\/wp-json\/wp\/v2\/posts\/243912","targetHints":{"allow":["GET"]}}],"collection":[{"href":"https:\/\/www.europesays.com\/es\/wp-json\/wp\/v2\/posts"}],"about":[{"href":"https:\/\/www.europesays.com\/es\/wp-json\/wp\/v2\/types\/post"}],"author":[{"embeddable":true,"href":"https:\/\/www.europesays.com\/es\/wp-json\/wp\/v2\/users\/2"}],"replies":[{"embeddable":true,"href":"https:\/\/www.europesays.com\/es\/wp-json\/wp\/v2\/comments?post=243912"}],"version-history":[{"count":0,"href":"https:\/\/www.europesays.com\/es\/wp-json\/wp\/v2\/posts\/243912\/revisions"}],"wp:featuredmedia":[{"embeddable":true,"href":"https:\/\/www.europesays.com\/es\/wp-json\/wp\/v2\/media\/243913"}],"wp:attachment":[{"href":"https:\/\/www.europesays.com\/es\/wp-json\/wp\/v2\/media?parent=243912"}],"wp:term":[{"taxonomy":"category","embeddable":true,"href":"https:\/\/www.europesays.com\/es\/wp-json\/wp\/v2\/categories?post=243912"},{"taxonomy":"post_tag","embeddable":true,"href":"https:\/\/www.europesays.com\/es\/wp-json\/wp\/v2\/tags?post=243912"}],"curies":[{"name":"wp","href":"https:\/\/api.w.org\/{rel}","templated":true}]}}