{"id":243916,"date":"2025-11-19T04:27:08","date_gmt":"2025-11-19T04:27:08","guid":{"rendered":"https:\/\/www.europesays.com\/es\/243916\/"},"modified":"2025-11-19T04:27:08","modified_gmt":"2025-11-19T04:27:08","slug":"se-lo-tienen-que-hacer-mirar","status":"publish","type":"post","link":"https:\/\/www.europesays.com\/es\/243916\/","title":{"rendered":"\u00abSe lo tienen que hacer mirar\u00bb"},"content":{"rendered":"<p style=\"\">El 20 de noviembre se cumple medio siglo de la muerte de <strong>Franco<\/strong>, una fecha cuya efem\u00e9ride va a aprovechar <strong>Movistar Plus<\/strong>+ para estrenar <a href=\"https:\/\/www.abc.es\/historia\/anatomia-instante-historia-real-tras-protagonistas-golpe-20251002042404-nt.html\" target=\"_self\" data-voc-vtm-id=\"in-text-traffic\" title=\"&#039;Anatom\u00eda de un instante\" data-mrf-link=\"www.abc.es\" rel=\"nofollow noopener\">&#8216;Anatom\u00eda de un instante<\/a>&#8216;. <strong>Alberto Rodr\u00edguez<\/strong> dirige la adaptaci\u00f3n a la peque\u00f1a pantalla de la novela hom\u00f3nima  &#8230; de<strong> Javier Cercas<\/strong> que disecciona uno de los momentos cruciales de la historia reciente espa\u00f1ola: el intento de golpe de Estado del 23F. <\/p>\n<p class=\"voc-p\" style=\"\"><a href=\"https:\/\/www.abc.es\/cultura\/alvaro-morte-pais-relacion-extrana-heroes-20251118200527-nt_amp.html\" target=\"_self\" data-voc-vtm-id=\"in-text-traffic\" title=\"\u00c1lvaro Morte, quien en la miniserie interpreta a Adolfo Su\u00e1rez\" data-mrf-link=\"www.abc.es\" rel=\"nofollow noopener\">\u00c1lvaro Morte, quien en la miniserie interpreta a Adolfo Su\u00e1rez<\/a>, fue el encargado de presentarla en <strong>&#8216;El Hormiguero&#8217;<\/strong> este martes 18 de noviembre, \u00aben representaci\u00f3n de un elenco incre\u00edble\u00bb encabezado tambi\u00e9n por <strong>Eduard Fern\u00e1ndez<\/strong> (<strong>Santiago Carrillo<\/strong>), <strong>Manolo Solo<\/strong> (<strong>Guti\u00e9rrez Mellado<\/strong>) y <strong>David Lorente<\/strong> (<strong>Antonio Tejero<\/strong>).<\/p>\n<p class=\"voc-p\" style=\"\">\u00abCuenta desde diferentes puntos de vista todo lo que sucede en Espa\u00f1a en esa \u00e9poca tan convulsa y tan tremenda que fue la Transici\u00f3n, hasta que Tejero entra en el Congreso y hace aquel intento de golpe de Estado\u00bb, arranc\u00f3 explicando el invitado. Adem\u00e1s, se trata de una \u00e9poca poco estudiada, seg\u00fan su experiencia. \u00abYo no la di en el colegio, ni he llegado a conocer a nadie. Entonces, me gustar\u00eda pensar que cuando la gente la vea le va a pasar como a m\u00ed\u2026 Yo he descubierto much\u00edsimas cosas de aquel periodo, de aquellos personajes que hicieron aquella cosa tan tremenda de pasar al franquismo a la democracia. Y a m\u00ed me ha parecido muy interesante\u00bb.<\/p>\n<p>\nEl Su\u00e1rez m\u00e1s desconocido\n<\/p>\n<p class=\"voc-p\" style=\"\">Motos la recomend\u00f3 tanto a los que vivieron el 23F, pero especialmente a la gente m\u00e1s joven, \u00abporque es muy entretenida, vais a pasar miedo, tensi\u00f3n\u2026\u00bb Pero adem\u00e1s, hizo hincapi\u00e9 en que todo sucedi\u00f3 de verdad. \u00abY esto es importante tambi\u00e9n, sobre todo para la gente que a lo mejor tiene una idea de lo que fue la dictadura\u00bb. <\/p>\n<p class=\"voc-p\" style=\"\">El int\u00e9rprete gaditano record\u00f3 tambi\u00e9n c\u00f3mo se sinti\u00f3 al recibir la propuesta de dar vida a <strong>Adolfo Su\u00e1rez<\/strong>. En ese momento trabajaba en Londres y lo llam\u00f3 su representante por petici\u00f3n de las directoras de casting, <strong>Eva Leira<\/strong> y Y<strong>olanda Serrano.<\/strong> \u00abMe pareci\u00f3 que hab\u00edan perdido la cabeza\u00bb, admiti\u00f3. Finalmente se acabaron trasladando a la capital inglesa para hacerle la prueba en persona. \u00abEllas me convencieron, porque tienen esa capacidad maravillosa de ver mucho m\u00e1s all\u00e1 de lo que t\u00fa puedas ver sobre ti mismo. Les estoy tremendamente agradecido por ponerle sobre la mesa este proyecto, que desde luego me lo he tomado con much\u00edsima responsabilidad, respeto y con un v\u00e9rtigo tremendo\u00bb.<\/p>\n<p class=\"voc-p\" style=\"\">Aparte de la caracterizaci\u00f3n f\u00edsica, Morte relat\u00f3 que su intenci\u00f3n al meterse en la piel del presidente no era imitar. \u00abEstos personajes los tenemos en nuestras retinas, pero los conocemos delante de las c\u00e1maras. Su\u00e1rez fue director de <strong>TVE<\/strong>, sab\u00eda controlar perfectamente el lenguaje cinematogr\u00e1fico. Sab\u00eda c\u00f3mo encontrar su mejor perfil y dem\u00e1s. Era un Su\u00e1rez impostado, el pol\u00edtico que est\u00e1 transmitiendo un mensaje y un poco elevado en sus intervenciones\u00bb, especific\u00f3. <\/p>\n<p class=\"voc-p\" style=\"\">El protagonista de <strong>\u2018La casa de papel<\/strong>\u2019 se ha esforzado por descubrir a la persona detr\u00e1s del pol\u00edtico, asegur\u00f3. \u00abA m\u00ed lo que me interesaba es conocer qui\u00e9n era el tipo que consigui\u00f3 hacer estas cosas tan tremendamente importantes. Cercas le define en el libro como \u2018el vendedor de neveras\u2019 porque dec\u00eda que ten\u00eda la capacidad de venderte hielo en el Polo Norte. Pero a m\u00ed lo que me interesaba era depurar un poco todo eso para quedarme con lo humano\u00bb. <\/p>\n<p class=\"voc-p\" style=\"\">El primer d\u00eda de rodaje no solo pudo verse caracterizado por primera vez como Su\u00e1rez, sino que tambi\u00e9n se estren\u00f3 visitando el Congreso, una experiencia que vivi\u00f3 como un viaje en el tiempo. \u00abEntr\u00e9 en el Hemiciclo transformado en el de 1981, on esa responsabilidad, vestido y maquillado como Su\u00e1rez\u2026 Sentarme en aquel esca\u00f1o y ver esos tiros pegados en la pared y en el techo que afortunadamente nunca han reparado y espero que nunca reparen para que nunca se olvide esto, pues fue verdaderamente emocionante\u00bb.<\/p>\n<p>\nLos tres grandes traidores: Carrillo, Su\u00e1rez y Guti\u00e9rrez Mellado\n<\/p>\n<p class=\"voc-p\" style=\"\">El presentador confes\u00f3 que la serie le provoc\u00f3 sensaci\u00f3n de tristeza al ver \u00abaquellos pol\u00edticos de verdad\u00bb, enfrentados ideol\u00f3gicamente como Carrillo y Su\u00e1rez, \u00aby sin embargo lo importante era mejorar el pa\u00eds, ir hacia la libertad. Me llama la atenci\u00f3n de que en aquel momento pudiese ser y que ahora da la sensaci\u00f3n de que es imposible que se pongan de acuerdo en nada, exclusivamente porque uno es de un partido y otro de otro\u00bb, reflexion\u00f3.<\/p>\n<p class=\"voc-p\" style=\"\">\u00abYo no soy polit\u00f3logo, ni nadie con las suficientes herramientas para poder desmenuzar esto\u00bb, apostill\u00f3 el actor antes de dar su punto de vista con mucha cautela de sus palabras. \u00abEs posible que estemos en esta cultura del y t\u00fa m\u00e1s. Lo que s\u00ed es verdad que los pol\u00edticos de aquella \u00e9poca, que no digo ni mejores ni peores porque habr\u00eda de todo y yo por ejemplo a la hora de interpretar a Su\u00e1rez he descubierto claroscuros, ten\u00edan algo muy importante que resolver. A lo mejor por eso se dejaron de nimiedades\u00bb. <\/p>\n<p class=\"voc-p\" style=\"\">Y, de hecho, record\u00f3 el invitado, Cercas habla de ellos como &#8216;los tres grandes traidores&#8217;, \u00abpues gracias a la heroicidad de su traici\u00f3n nosotros hoy por hoy podemos disfrutar de una democracia\u00bb. \u00abEllos mismos renunciaron a parte de sus ideolog\u00edas. Guti\u00e9rrez Mellado, que era militar ten\u00eda a todos los militares en contra porque pensaban que les traicion\u00f3. <strong>Santiago Carrillo<\/strong>, el m\u00e1ximo exponente del comunismo en este pa\u00eds, tambi\u00e9n se puso su partido en contra. Y <strong>Adolfo Su\u00e1rez<\/strong> ven\u00eda de ser secretario general del movimiento, y tambi\u00e9n se puso a toda esta gente en contra debido a las decisiones que tuvieron que tomar para que nosotros hoy por hoy disfrut\u00e1ramos de algo que tenemos tan asumido como lo que es la democracia\u00bb.<\/p>\n<p class=\"voc-p\" style=\"\">Gracias a la serie ha descubierto hasta qu\u00e9 punto fue tit\u00e1nico el proceso. Reconoci\u00f3 que igual no fue la transici\u00f3n perfecta, \u00abpero tambi\u00e9n he entendido que era la transici\u00f3n que se pod\u00eda hacer. Es muy f\u00e1cil criticar desde la distancia. Y tambi\u00e9n he aprendido hasta qu\u00e9 punto es fr\u00e1gil la democracia\u00bb.<\/p>\n<p class=\"voc-p\" style=\"\"> Morte se refiri\u00f3 directamente a quienes piensan que se viven mejor en otros sistemas pol\u00edticos. En concreto, sac\u00f3 a relucir<a href=\"https:\/\/www.abc.es\/espana\/juventud-confia-democracia-gobierno-autoritario-nacido-crisis-20240701202126-nt.html\" target=\"_self\" data-voc-vtm-id=\"in-text-traffic\" title=\" la encuesta reciente del CIS\" data-mrf-link=\"www.abc.es\" rel=\"nofollow noopener\"> la encuesta reciente del CIS<\/a> que revela que el 17% de los j\u00f3venes cree que la democracia actual es peor que la dictadura franquista. \u00abMe cuesta hasta decirlo&#8230; Sinceramente, eso a m\u00ed me hace pensar que a lo mejor no tienen toda la informaci\u00f3n necesaria. No lo digo de ninguna forma peyorativa, yo creo que se puede ser ignorante\u2026 Y ojo, yo soy el primer ignorante en much\u00edsimas cosas. Pero creo que se puede ser ignorante por dos motivos: que t\u00fa no tengas acceso a una informaci\u00f3n, o que t\u00fa no quieras acceder a una informaci\u00f3n. Y hoy por hoy lo que s\u00ed que creo que es necesario es que encontremos o filtremos las fuentes de informaci\u00f3n\u00bb.<\/p>\n<p class=\"voc-p\" style=\"\">Citando al propio Cercas, el actor se\u00f1al\u00f3 que \u00abahora cada uno tiene su verdad y cada uno te la vende como quiere para buscar su propio beneficio\u00bb. \u00abYo a toda esta gente les animar\u00eda a que intentaran encontrar otras fuentes y piensen que si prefieren un sistema pol\u00edtico en el que los partidos pol\u00edticos est\u00e1n prohibidos, la mujer est\u00e1 por debajo del hombre y necesita un permiso marital para poder sacarse un carnet de conducir o estudiar una carrera, est\u00e1 perseguida la diversidad cultural, ling\u00fc\u00edstica, religiosa, sexual, creo que se lo tienen que hacer mirar\u00bb, sentenci\u00f3.<\/p>\n","protected":false},"excerpt":{"rendered":"El 20 de noviembre se cumple medio siglo de la muerte de Franco, una fecha cuya efem\u00e9ride va&hellip;\n","protected":false},"author":2,"featured_media":243917,"comment_status":"","ping_status":"","sticky":false,"template":"","format":"standard","meta":{"footnotes":""},"categories":[91],"tags":[2607,146,147,25,24,31104,23],"class_list":{"0":"post-243916","1":"post","2":"type-post","3":"status-publish","4":"format-standard","5":"has-post-thumbnail","7":"category-entretenimiento","8":"tag-alvaro","9":"tag-entertainment","10":"tag-entretenimiento","11":"tag-es","12":"tag-espana","13":"tag-morte","14":"tag-spain"},"share_on_mastodon":{"url":"https:\/\/pubeurope.com\/@es\/115574475760851796","error":""},"_links":{"self":[{"href":"https:\/\/www.europesays.com\/es\/wp-json\/wp\/v2\/posts\/243916","targetHints":{"allow":["GET"]}}],"collection":[{"href":"https:\/\/www.europesays.com\/es\/wp-json\/wp\/v2\/posts"}],"about":[{"href":"https:\/\/www.europesays.com\/es\/wp-json\/wp\/v2\/types\/post"}],"author":[{"embeddable":true,"href":"https:\/\/www.europesays.com\/es\/wp-json\/wp\/v2\/users\/2"}],"replies":[{"embeddable":true,"href":"https:\/\/www.europesays.com\/es\/wp-json\/wp\/v2\/comments?post=243916"}],"version-history":[{"count":0,"href":"https:\/\/www.europesays.com\/es\/wp-json\/wp\/v2\/posts\/243916\/revisions"}],"wp:featuredmedia":[{"embeddable":true,"href":"https:\/\/www.europesays.com\/es\/wp-json\/wp\/v2\/media\/243917"}],"wp:attachment":[{"href":"https:\/\/www.europesays.com\/es\/wp-json\/wp\/v2\/media?parent=243916"}],"wp:term":[{"taxonomy":"category","embeddable":true,"href":"https:\/\/www.europesays.com\/es\/wp-json\/wp\/v2\/categories?post=243916"},{"taxonomy":"post_tag","embeddable":true,"href":"https:\/\/www.europesays.com\/es\/wp-json\/wp\/v2\/tags?post=243916"}],"curies":[{"name":"wp","href":"https:\/\/api.w.org\/{rel}","templated":true}]}}