{"id":243920,"date":"2025-11-19T04:29:11","date_gmt":"2025-11-19T04:29:11","guid":{"rendered":"https:\/\/www.europesays.com\/es\/243920\/"},"modified":"2025-11-19T04:29:11","modified_gmt":"2025-11-19T04:29:11","slug":"la-audiencia-acuerda-reabrir-la-causa-contra-laporta-por-una-presunta-estafa-a-una-inversora","status":"publish","type":"post","link":"https:\/\/www.europesays.com\/es\/243920\/","title":{"rendered":"La Audiencia acuerda reabrir la causa contra Laporta por una presunta estafa a una inversora"},"content":{"rendered":"<p><strong>La Audiencia de Barcelona ha ordenado investigar al presidente del Bar\u00e7a, Joan Laporta, y al vicepresidente, Rafael Yuste<\/strong>, a ra\u00edz de la querella por estafa que present\u00f3 una mujer tras haber perdido los 100.000 euros que invirti\u00f3 en sociedades vinculadas a ellos.<\/p>\n<p>En un auto, al que ha tenido acceso EFE, <strong>la Audiencia ordena reabrir la causa, que archiv\u00f3 en su d\u00eda el juzgado de instrucci\u00f3n n\u00famero 22 de Barcelona,<\/strong> y practicar las diligencias necesarias para determinar si la inversora fue v\u00edctima de un \u00abnegocio criminalizado\u00bb.<\/p>\n<p><strong>La mujer<\/strong>, representada por el abogado Pepe Oriola,<strong> se querell\u00f3 adem\u00e1s por estafa contra el economista Xavier Sala i Mart\u00edn, exdirectivo del club<\/strong>, y el exdirector de TV3 y expropietario del CF Reus Deportiu, adem\u00e1s de contra las empresas en las que invirti\u00f3 el capital que asegura ha perdido.<\/p>\n<p>Se trata de la cuarta querella presentada en los juzgados de Barcelona por <strong>supuestas estafas en inversiones en la sociedad con sede en Hong Kong CSSB Limited<\/strong>, lo que motiv\u00f3 la declaraci\u00f3n de Laporta como investigado el pasado mes de enero ante otro juez de la capital catalana.<\/p>\n<p>La querella que ahora se reabre <strong>fue archivada el pasado mes de junio, despu\u00e9s de que la Fiscal\u00eda descartara que hubiera \u00abenga\u00f1o\u00bb en la inversi\u00f3n fallida<\/strong> y limitara el caso a una \u00abuna gesti\u00f3n desafortunada y un incumplimiento de las obligaciones contractuales\u00bb.<\/p>\n<p>En su auto,<strong> la secci\u00f3n sexta de la Audiencia recuerda que esta no es la primera querella presentada en Barcelona por hechos similares<\/strong> y que ya en esos otros casos los tribunales han resuelto que el archivo de la causa, sin practicar diligencias, constitu\u00eda una \u00abdecisi\u00f3n prematura\u00bb.<\/p>\n<p><strong>\u00abLos argumentos no pueden basarse en intuiciones o en calificar sin m\u00e1s la inversi\u00f3n en arriesgada o especulativa en una suerte de mala gesti\u00f3n empresarial aceptada por la querellante a cambio de una presunta elevada rentabilidad\u00bb<\/strong>, concluye la sala, que insta a llevar a cabo las diligencias necesarias para aclarar esas cuestiones.<\/p>\n<p>Para el tribunal, en la querella <strong>se relatan varios hechos que podr\u00edan tener \u00abtrascendencia delictiva\u00bb, como la falta de \u00abinformaci\u00f3n completa y veraz\u00bb<\/strong> sobre el destino de las inversiones, su \u00abinstrumentalizaci\u00f3n\u00bb a trav\u00e9s de sociedades que ya presentaban \u00abgraves problemas de liquidez\u00bb o la \u00abcaptaci\u00f3n de capital apoyada casi en exclusiva en el prestigio social de los part\u00edcipes\u00bb.<\/p>\n<p>El auto <strong>hace tambi\u00e9n hincapi\u00e9 en el \u00abofrecimiento de una solvencia empresarial y econ\u00f3mica que no se compadec\u00eda con la realidad\u00bb,<\/strong> as\u00ed como en \u00abla suscripci\u00f3n como pr\u00e9stamo participativo o el compromiso de adquisici\u00f3n de acciones de una compa\u00f1\u00eda extranjera cuando en realidad se trataba de pr\u00e9stamos sin m\u00e1s\u00bb.<\/p>\n<p>Para la sala,<strong> estos hechos sugieren \u00abla existencia de elementos que cuestionan el mero incumplimiento civil<\/strong> y podr\u00edan dirigirse hacia el negocio criminalizado\u00bb.\u00a0<\/p>\n","protected":false},"excerpt":{"rendered":"La Audiencia de Barcelona ha ordenado investigar al presidente del Bar\u00e7a, Joan Laporta, y al vicepresidente, Rafael Yuste,&hellip;\n","protected":false},"author":2,"featured_media":243921,"comment_status":"","ping_status":"","sticky":false,"template":"","format":"standard","meta":{"footnotes":""},"categories":[80],"tags":[62517,82,95,94,25,24,9701,62518,4467,1737,38,21649,62519,23],"class_list":{"0":"post-243920","1":"post","2":"type-post","3":"status-publish","4":"format-standard","5":"has-post-thumbnail","7":"category-economia","8":"tag-audiencia-de-barcelona","9":"tag-business","10":"tag-economia","11":"tag-economy","12":"tag-es","13":"tag-espana","14":"tag-estafa","15":"tag-inversiones-fallidas","16":"tag-joan-laporta","17":"tag-laporta","18":"tag-querella","19":"tag-rafael-yuste","20":"tag-sociedad-cssb-limited","21":"tag-spain"},"share_on_mastodon":{"url":"https:\/\/pubeurope.com\/@es\/115574483514488390","error":""},"_links":{"self":[{"href":"https:\/\/www.europesays.com\/es\/wp-json\/wp\/v2\/posts\/243920","targetHints":{"allow":["GET"]}}],"collection":[{"href":"https:\/\/www.europesays.com\/es\/wp-json\/wp\/v2\/posts"}],"about":[{"href":"https:\/\/www.europesays.com\/es\/wp-json\/wp\/v2\/types\/post"}],"author":[{"embeddable":true,"href":"https:\/\/www.europesays.com\/es\/wp-json\/wp\/v2\/users\/2"}],"replies":[{"embeddable":true,"href":"https:\/\/www.europesays.com\/es\/wp-json\/wp\/v2\/comments?post=243920"}],"version-history":[{"count":0,"href":"https:\/\/www.europesays.com\/es\/wp-json\/wp\/v2\/posts\/243920\/revisions"}],"wp:featuredmedia":[{"embeddable":true,"href":"https:\/\/www.europesays.com\/es\/wp-json\/wp\/v2\/media\/243921"}],"wp:attachment":[{"href":"https:\/\/www.europesays.com\/es\/wp-json\/wp\/v2\/media?parent=243920"}],"wp:term":[{"taxonomy":"category","embeddable":true,"href":"https:\/\/www.europesays.com\/es\/wp-json\/wp\/v2\/categories?post=243920"},{"taxonomy":"post_tag","embeddable":true,"href":"https:\/\/www.europesays.com\/es\/wp-json\/wp\/v2\/tags?post=243920"}],"curies":[{"name":"wp","href":"https:\/\/api.w.org\/{rel}","templated":true}]}}