{"id":243924,"date":"2025-11-19T04:40:14","date_gmt":"2025-11-19T04:40:14","guid":{"rendered":"https:\/\/www.europesays.com\/es\/243924\/"},"modified":"2025-11-19T04:40:14","modified_gmt":"2025-11-19T04:40:14","slug":"la-plantilla-de-georgia-en-las-ventanas-fiba-de-noviembre-jugadores-y-entrenador","status":"publish","type":"post","link":"https:\/\/www.europesays.com\/es\/243924\/","title":{"rendered":"La plantilla de Georgia en las Ventanas FIBA de noviembre: Jugadores y entrenador"},"content":{"rendered":"<p><strong>Aleksandar D\u017eiki\u0107<\/strong> ha anunciado la lista de jugadores que participar\u00e1n en la preparaci\u00f3n y disputa de las Ventanas FIBA de noviembre por la clasificaci\u00f3n para el Mundial 2027.<\/p>\n<p>El seleccionador georgiano, en vista de sus partidos ante Ucrania (27 de noviembre) y posteriormente Espa\u00f1a (30 de noviembre), ha convocado una lista de <strong>24 jugadores<\/strong>, condicionada por el calendario Euroliga -al menos la primera de las jornadas- y la incompatibilidad con la temporada NBA.<\/p>\n<p>La lista de Georgia para las Ventanas FIBA de noviembre 2025<\/p>\n<ul>\n<li>Luka Alavidze (Kutaisi)<\/li>\n<li>Rati Andronikashvili<\/li>\n<li>Beqa Burjanadze (Coviran Granada)<\/li>\n<li>Nikoloz Gaprindashvili (Kavkasia)<\/li>\n<li>Kakhaber Jintcharadze (Mega Tbilisi)<\/li>\n<li>Luka Kalatozishvili (Viktor Sanikidze Academy)<\/li>\n<li>Mate Khatiashvili (Baskonia, canterano)<\/li>\n<li>Giorgi Kobakhidze (Mega Tbilisi)<\/li>\n<li>George Korsanita (Gipuzkoa Basket)<\/li>\n<li>Luka Liklikadze (Viktor Sanikidze Academy)<\/li>\n<li>Ilia Londaridze (Ilia Londaridze)<\/li>\n<li>Luka Maziashvili (Kavkasia)<\/li>\n<li>Thad McFadden (Hestia Menorca)<\/li>\n<li>Aleksandre Merkviladz (Aris BC)<\/li>\n<li>Giorgi Ochkhikidze (Batumi)<\/li>\n<li>Guga Patashuri (Rustavi)<\/li>\n<li>Aleksandre Phevadze\u00a0(TSU Tbilisi)<\/li>\n<li>Duda Sanadze (Palmer Basquet Mallorca)<\/li>\n<li>Sandro Sanadze (Mega Tbilisi)<\/li>\n<li>Tornike Shengelia (FC Barcelona)<\/li>\n<li>Giorgi Shermadini (La Laguna Tenerife)<\/li>\n<li>Giorgi Sulaberidze (Kutaisi)<\/li>\n<li>Roman Tchintcharauli<\/li>\n<li>Giorgi Turdziladze (TSU Tbilisi)<\/li>\n<\/ul>\n<p>Tres nombres que representan la Liga Endesa han sido incluidos: Beqa Burjanadze (Coviran Granada), Giorgi Shermadini (La Laguna Tenerife) y Tornike Shengelia (Bar\u00e7a). Por comprobar estar\u00e1 la disponibilidad del \u00faltimo de estos tres, con el compromiso continental del Bar\u00e7a el jueves 26 ante el ASVEL.<\/p>\n<p>Tambi\u00e9n es especial el caso de Shermadini, quien confirm\u00f3 su retiro de la selecci\u00f3n tras la eliminaci\u00f3n del Eurobasket y quien espera al partido en La Laguna, localidad de su club, para poner fin a su trayectoria internacional.<\/p>\n<blockquote class=\"twitter-tweet\">\n<p dir=\"ltr\" lang=\"es\">\ud83c\uddec\ud83c\uddeaGio Shermadini hab\u00eda anunciado su retirada de la selecci\u00f3n georgiana despu\u00e9s del <a href=\"https:\/\/twitter.com\/hashtag\/EuroBasket?src=hash&amp;ref_src=twsrc%5Etfw\" rel=\"nofollow noopener\" target=\"_blank\">#EuroBasket<\/a>, pero esta decisi\u00f3n se pospuso dos partidos m\u00e1s.<\/p>\n<p>Lo har\u00e1 tras la primera ventana de clasificaci\u00f3n para el Mundial de 2027. Su \u00faltimo partido ser\u00e1 ante Espa\u00f1a en Tenerife \ud83d\udc9b\ud83d\udda4<\/p>\n<p>\ud83d\udcf8FIBA <a href=\"https:\/\/t.co\/ojLWykD78E\" rel=\"nofollow\">pic.twitter.com\/ojLWykD78E<\/a><\/p>\n<p>\u2014 Gigantes del Basket (@GIGANTESbasket) <a href=\"https:\/\/twitter.com\/GIGANTESbasket\/status\/1963528356529426617?ref_src=twsrc%5Etfw\" rel=\"nofollow noopener\" target=\"_blank\">September 4, 2025<\/a><\/p>\n<\/blockquote>\n<p style=\"text-align: right;\">Foto: FIBA<\/p>\n<p><img decoding=\"async\" src=\"https:\/\/www.europesays.com\/es\/wp-content\/uploads\/2025\/11\/1763527211_290_mtracking.gif\" alt=\"Etiquetas de Mautic\" style=\"display:none;\"\/><\/p>\n<p><a href=\"https:\/\/www.gigantes.com\/tienda\/hemeroteca\/especial-40-aniversario-gigantes-del-basket-no-1-562-noviembre-2025\/\" rel=\"nofollow noopener\" target=\"_blank\"><img loading=\"lazy\" decoding=\"async\" class=\"aligncenter wp-image-767872 size-large\" src=\"https:\/\/www.europesays.com\/es\/wp-content\/uploads\/2025\/10\/INSTAGRAM-2-2-1024x1024.jpg.webp.webp\" alt=\"\" width=\"680\" height=\"680\"  \/><\/a><\/p>\n<p>\t\t\t\t\t<img loading=\"lazy\" decoding=\"async\" src=\"https:\/\/www.europesays.com\/es\/wp-content\/uploads\/2025\/10\/mano.png\" width=\"60\" height=\"60\" alt=\"Deliza hacia abajo\"\/>Sigue deslizando hacia abajo para ver m\u00e1s contenidos<\/p>\n<p>                <script async src=\"https:\/\/platform.twitter.com\/widgets.js\" charset=\"utf-8\"><\/script><\/p>\n","protected":false},"excerpt":{"rendered":"Aleksandar D\u017eiki\u0107 ha anunciado la lista de jugadores que participar\u00e1n en la preparaci\u00f3n y disputa de las Ventanas&hellip;\n","protected":false},"author":2,"featured_media":243925,"comment_status":"","ping_status":"","sticky":false,"template":"","format":"standard","meta":{"footnotes":""},"categories":[269],"tags":[299,298,168,25,24,11560,23,167,62163],"class_list":{"0":"post-243924","1":"post","2":"type-post","3":"status-publish","4":"format-standard","5":"has-post-thumbnail","7":"category-baloncesto","8":"tag-baloncesto","9":"tag-basketball","10":"tag-deportes","11":"tag-es","12":"tag-espana","13":"tag-georgia","14":"tag-spain","15":"tag-sports","16":"tag-ventanas-fiba"},"share_on_mastodon":{"url":"https:\/\/pubeurope.com\/@es\/115574526970188275","error":""},"_links":{"self":[{"href":"https:\/\/www.europesays.com\/es\/wp-json\/wp\/v2\/posts\/243924","targetHints":{"allow":["GET"]}}],"collection":[{"href":"https:\/\/www.europesays.com\/es\/wp-json\/wp\/v2\/posts"}],"about":[{"href":"https:\/\/www.europesays.com\/es\/wp-json\/wp\/v2\/types\/post"}],"author":[{"embeddable":true,"href":"https:\/\/www.europesays.com\/es\/wp-json\/wp\/v2\/users\/2"}],"replies":[{"embeddable":true,"href":"https:\/\/www.europesays.com\/es\/wp-json\/wp\/v2\/comments?post=243924"}],"version-history":[{"count":0,"href":"https:\/\/www.europesays.com\/es\/wp-json\/wp\/v2\/posts\/243924\/revisions"}],"wp:featuredmedia":[{"embeddable":true,"href":"https:\/\/www.europesays.com\/es\/wp-json\/wp\/v2\/media\/243925"}],"wp:attachment":[{"href":"https:\/\/www.europesays.com\/es\/wp-json\/wp\/v2\/media?parent=243924"}],"wp:term":[{"taxonomy":"category","embeddable":true,"href":"https:\/\/www.europesays.com\/es\/wp-json\/wp\/v2\/categories?post=243924"},{"taxonomy":"post_tag","embeddable":true,"href":"https:\/\/www.europesays.com\/es\/wp-json\/wp\/v2\/tags?post=243924"}],"curies":[{"name":"wp","href":"https:\/\/api.w.org\/{rel}","templated":true}]}}