{"id":243926,"date":"2025-11-19T04:41:10","date_gmt":"2025-11-19T04:41:10","guid":{"rendered":"https:\/\/www.europesays.com\/es\/243926\/"},"modified":"2025-11-19T04:41:10","modified_gmt":"2025-11-19T04:41:10","slug":"la-directiva-del-racing-no-estara-en-el-palco-de-el-plantio-en-la-visita-al-burgos-cf","status":"publish","type":"post","link":"https:\/\/www.europesays.com\/es\/243926\/","title":{"rendered":"La directiva del Racing no estar\u00e1 en el palco de El Plant\u00edo en la visita al Burgos CF"},"content":{"rendered":"<p>Los precios de las entradas que el Burgos CF envi\u00f3 a Santander para el partido que el domingo disputar\u00e1n el cuadro blanquinegro y el Racing -18:30 horas, El Plant\u00edo- siguen dado que hablar. Si la Asociaci\u00f3n de Pe\u00f1as Racinguistas decidi\u00f3 hace d\u00edas \u00a0no acudir al partido, ayer el club c\u00e1ntabro tambi\u00e9n inform\u00f3 de que sus dirigentes no estar\u00e1n en el palco del estadio burgalesista y que ver\u00e1n el choque en la grada junto a sus seguidores.\u00a0<\/p>\n<p>La entidad de la ribera del Arlanz\u00f3n mand\u00f3 1.005 entradas a su hom\u00f3nimo. Estaban divididas en tres paquetes, 432 de la \u00a0grada visitante a 30 euros, 270 \u00a0de Fondo Norte a 35 euros y 303 entradas de Tribuna Baja a 40 euros.<\/p>\n<p>A la masa social racinguista le parecieron exagerados los precios y nada m\u00e1s darse a conocer llegaron las cr\u00edticas. Pese a todo, el Racing de Santander sac\u00f3 algunas a la venta de forma directa y con el resto realiz\u00f3 un sorteo para repartirlas entre los abonados que estuvieran interesados en comprarlas. Hubo m\u00e1s de un millar de peticiones y ayer las 667 disponibles fueron adjudicadas.<\/p>\n<p>Despu\u00e9s de que se hiciera p\u00fablico el resultado de ese sorteo, los dirigentes del Racing de Santander publicaron en sus redes sociales un comunicado en el que se\u00f1alaban que no estar\u00edan junto a los mandatarios del Burgos CF durante el partido.\u00a0<\/p>\n<p>\u00abNo podemos menos que solidarizarnos con nuestros aficionados que, en su inmensa mayor\u00eda, han considerado excesivos los precios fijados para este encuentro. Comparativamente, son, de lejos, los m\u00e1s caros de los que nos han ofrecido el resto de los equipos a los que hemos ido visitando. Por eso, sin acritud y con el m\u00e1ximo respeto para con el Burgos CF y su afici\u00f3n, y con la convicci\u00f3n de que mantendremos la magn\u00edfica relaci\u00f3n institucional que caracteriza a ambos clubes, los directivos del Racing veremos el partido del domingo junto a la afici\u00f3n racinguista, en una de las gradas habilitadas a tal efecto por el club local\u00bb, se\u00f1ala el escrito del Racing (&#8230;).<\/p>\n<p><strong>(M\u00e1s informaci\u00f3n, en la edici\u00f3n impresa de Diario de Burgos de este mi\u00e9rcoles)<\/strong><\/p>\n","protected":false},"excerpt":{"rendered":"Los precios de las entradas que el Burgos CF envi\u00f3 a Santander para el partido que el domingo&hellip;\n","protected":false},"author":2,"featured_media":243927,"comment_status":"","ping_status":"","sticky":false,"template":"","format":"standard","meta":{"footnotes":""},"categories":[268],"tags":[10221,2770,168,1564,25,24,280,282,8038,14371,62522,964,281,23,167],"class_list":{"0":"post-243926","1":"post","2":"type-post","3":"status-publish","4":"format-standard","5":"has-post-thumbnail","7":"category-futbol","8":"tag-burgos-cf","9":"tag-complejo-deportivo-el-plantio","10":"tag-deportes","11":"tag-directivos","12":"tag-es","13":"tag-espana","14":"tag-football","15":"tag-futbol","16":"tag-precios","17":"tag-racing-de-santander","18":"tag-rio-arlanzon","19":"tag-santander","20":"tag-soccer","21":"tag-spain","22":"tag-sports"},"share_on_mastodon":{"url":"https:\/\/pubeurope.com\/@es\/115574530646502562","error":""},"_links":{"self":[{"href":"https:\/\/www.europesays.com\/es\/wp-json\/wp\/v2\/posts\/243926","targetHints":{"allow":["GET"]}}],"collection":[{"href":"https:\/\/www.europesays.com\/es\/wp-json\/wp\/v2\/posts"}],"about":[{"href":"https:\/\/www.europesays.com\/es\/wp-json\/wp\/v2\/types\/post"}],"author":[{"embeddable":true,"href":"https:\/\/www.europesays.com\/es\/wp-json\/wp\/v2\/users\/2"}],"replies":[{"embeddable":true,"href":"https:\/\/www.europesays.com\/es\/wp-json\/wp\/v2\/comments?post=243926"}],"version-history":[{"count":0,"href":"https:\/\/www.europesays.com\/es\/wp-json\/wp\/v2\/posts\/243926\/revisions"}],"wp:featuredmedia":[{"embeddable":true,"href":"https:\/\/www.europesays.com\/es\/wp-json\/wp\/v2\/media\/243927"}],"wp:attachment":[{"href":"https:\/\/www.europesays.com\/es\/wp-json\/wp\/v2\/media?parent=243926"}],"wp:term":[{"taxonomy":"category","embeddable":true,"href":"https:\/\/www.europesays.com\/es\/wp-json\/wp\/v2\/categories?post=243926"},{"taxonomy":"post_tag","embeddable":true,"href":"https:\/\/www.europesays.com\/es\/wp-json\/wp\/v2\/tags?post=243926"}],"curies":[{"name":"wp","href":"https:\/\/api.w.org\/{rel}","templated":true}]}}