{"id":243930,"date":"2025-11-19T04:45:13","date_gmt":"2025-11-19T04:45:13","guid":{"rendered":"https:\/\/www.europesays.com\/es\/243930\/"},"modified":"2025-11-19T04:45:13","modified_gmt":"2025-11-19T04:45:13","slug":"la-revuelta-estallo-en-aplausos-con-los-protagonistas-palestinos-de-la-voz-de-hind-que-arraso-en-san-sebastian","status":"publish","type":"post","link":"https:\/\/www.europesays.com\/es\/243930\/","title":{"rendered":"&#8216;La Revuelta&#8217; estall\u00f3 en aplausos con los protagonistas palestinos de &#8216;La voz de Hind&#8217;, que arras\u00f3 en San Sebasti\u00e1n"},"content":{"rendered":"<p class=\"article-text\">\n        Durante la entrega de <strong>La Revuelta<\/strong> de este martes, <strong>David Broncano<\/strong> advirti\u00f3 que ten\u00edan una segunda entrevista muy especial, tras la de <strong>Lolita Flores. <\/strong>\n    <\/p>\n<p>    <a href=\"https:\/\/www.eldiario.es\/vertele\/noticias\/paula-badosa-la-revuelta-cumplio-sueno-conocer-candela-pena-vacilo-broncano-dinero-videos_1_12776111.html\" data-mrf-recirculation=\"saber-mas\" data-dl-event=\"saber-mas\" rel=\"nofollow noopener\" target=\"_blank\"><\/p>\n<p class=\"know-more__title\">Paula Badosa cumpli\u00f3 su sue\u00f1o de conocer a Candela Pe\u00f1a, y vacil\u00f3 a Broncano por el dinero: \u00abM\u00e1s que t\u00fa\u00bb<\/p>\n<p>            <img decoding=\"async\" class=\"lazy\" loading=\"lazy\" data-src=\"https:\/\/static.eldiario.es\/clip\/be2db126-1823-45cf-be50-418da45c96ee_16-9-aspect-ratio_default_0.jpg\" src=\"data:image\/svg+xml,%3Csvg xmlns=\" http:=\"\" viewbox=\"0 0 880 495\" alt=\"Paula Badosa cumpli\u00f3 su sue\u00f1o de conocer a Candela Pe\u00f1a, y vacil\u00f3 a Broncano por el dinero: &quot;M\u00e1s que t\u00fa&quot;\"\/><\/p>\n<p>                        <\/a><\/p>\n<p class=\"article-text\">\n        Con la actriz y presentadora habl\u00f3 de sus proyectos y hasta del dinero que hab\u00eda tenido, pero ya no: \u201c<strong>El patrimonio lo ten\u00eda y Crist\u00f3bal Montoro se lo llev\u00f3. Me hizo dos inspecciones y tuve que vender mi casa. <\/strong>A m\u00ed y a muchos compa\u00f1eros de la profesi\u00f3n porque fue como una caza de brujas. Espero que alg\u00fan d\u00eda lo pague de alguna manera, pero no me va a devolver los 2 millones de euros que me quit\u00f3\u201d, lament\u00f3 la artista.\n    <\/p>\n<p class=\"article-text\">\n        Al marcharse, el presentador explic\u00f3 que iba a dar paso a<strong> Saja Kilani y Motaz Malhees<\/strong>, los actores palestinos que protagonizan <strong>La voz de Hind Rajab,<\/strong> la pel\u00edcula que ha recibido la <a href=\"https:\/\/www.eldiario.es\/cultura\/cine\/motaz-malhees-protagonista-voz-hind-espana-valiente-si-paises-actuaran-genocidio-acabaria_1_12632428.html\" target=\"_blank\" data-mrf-recirculation=\"links-noticia\" class=\"link\" rel=\"nofollow noopener\">mayor puntuaci\u00f3n<\/a> de la historia del <strong>Festival de San Sebasti\u00e1n<\/strong>.\n    <\/p>\n<p class=\"article-text\">\n        Para recibirles, Broncano se puso el pa\u00f1uelo palestino, ante los aplausos del p\u00fablico. Al entrar, Saja corrigi\u00f3 la forma de pon\u00e9rselo y hasta le regalaron otro aut\u00e9ntico, entre bromas. \u201c<strong>Pablo Motos se lo habr\u00eda puesto mejor\u201d<\/strong> dijo Motaz mostrando su humor y lo informado que estaba sobre el programa.\n    <\/p>\n<p class=\"article-text\">\n        Y es que ambos actores aseguraron que se hab\u00edan sentido muy bien acogidos en nuestro pa\u00eds: \u201cEst\u00e1n empatizando con la historia en muchas partes del mundo, pero Espa\u00f1a es un pa\u00eds especial. <strong>En Palestina se percibe que Espa\u00f1a es el pa\u00eds m\u00e1s valiente de Occidente\u201d<\/strong>, llegaron a expresar.\n    <\/p>\n<blockquote class=\"twitter-tweet\" data-lang=\"es\"><p><a href=\"https:\/\/twitter.com\/X\/status\/1990923976508362768?ref_src=twsrc%5Etfw\" rel=\"nofollow noopener\" target=\"_blank\"><\/p><\/blockquote>\n<p class=\"article-text\">\n        Sobre la pel\u00edcula, que trata la<strong> ag\u00f3nica muerte de una ni\u00f1a palestina en manos del ej\u00e9rcito israel\u00ed,<\/strong> y que recibi\u00f3 una ovaci\u00f3n de casi media hora tambi\u00e9n en el <a href=\"https:\/\/www.eldiario.es\/cultura\/cine\/pelicula-asesinato-nina-palestina-sacude-festival-venecia-silencio-protege-genocidio_1_12575711.html\" target=\"_blank\" data-mrf-recirculation=\"links-noticia\" class=\"link\" rel=\"nofollow noopener\">Festival de Venecia<\/a>, pusieron el tr\u00e1iler. Tras acabarlo, el p\u00fablico del programa se puso en pie aplaudiendo.\n    <\/p>\n<p>    <a href=\"https:\/\/www.eldiario.es\/vertele\/noticias\/marilo-montero-gana-masterchef-celebrity-10-criticar-ideologia-izquierdas-parrilla-rtve_1_12773399.html\" data-mrf-recirculation=\"saber-mas-abajo\" data-dl-event=\"saber-mas-abajo\" rel=\"nofollow noopener\" target=\"_blank\"><\/p>\n<p class=\"know-more__title\">Maril\u00f3 Montero gana &#8216;MasterChef Celebrity 10&#8217; tras criticar la \u201cideolog\u00eda de izquierdas en toda la parrilla de RTVE\u201d<\/p>\n<p>            <img decoding=\"async\" class=\"lazy\" loading=\"lazy\" data-src=\"https:\/\/static.eldiario.es\/clip\/f828def9-191a-441e-9ab2-510cd0443be7_16-9-aspect-ratio_default_0.jpg\" src=\"data:image\/svg+xml,%3Csvg xmlns=\" http:=\"\" viewbox=\"0 0 880 495\" alt=\"Maril\u00f3 Montero gana 'MasterChef Celebrity 10' tras criticar la &quot;ideolog\u00eda de izquierdas en toda la parrilla de RTVE&quot;\"\/><\/p>\n<p>                        <\/a><\/p>\n<p class=\"article-text\">\n        Los actores agradecieron el gesto emocionados y aseguraron que les sigue sorprendiendo la reacci\u00f3n: \u201cEstamos conectando con un mundo muy diverso, con la pel\u00edcula, las personas conectan con la historia, a pesar de ser tan distintos\u201d, agradecieron.\n    <\/p>\n<p>                                    <script async src=\"https:\/\/platform.twitter.com\/widgets.js\" charset=\"utf-8\"><\/script><\/p>\n","protected":false},"excerpt":{"rendered":"Durante la entrega de La Revuelta de este martes, David Broncano advirti\u00f3 que ten\u00edan una segunda entrevista muy&hellip;\n","protected":false},"author":2,"featured_media":243931,"comment_status":"","ping_status":"","sticky":false,"template":"","format":"standard","meta":{"footnotes":""},"categories":[171],"tags":[62524,50500,146,147,25,24,62523,33647,8801,6874,528,2228,11678,23,214,1447],"class_list":{"0":"post-243930","1":"post","2":"type-post","3":"status-publish","4":"format-standard","5":"has-post-thumbnail","7":"category-tv","8":"tag-aplausos","9":"tag-arraso","10":"tag-entertainment","11":"tag-entretenimiento","12":"tag-es","13":"tag-espana","14":"tag-estallo","15":"tag-hind","16":"tag-palestinos","17":"tag-protagonistas","18":"tag-revuelta","19":"tag-san","20":"tag-sebastian","21":"tag-spain","22":"tag-tv","23":"tag-voz"},"share_on_mastodon":{"url":"https:\/\/pubeurope.com\/@es\/115574546336648736","error":""},"_links":{"self":[{"href":"https:\/\/www.europesays.com\/es\/wp-json\/wp\/v2\/posts\/243930","targetHints":{"allow":["GET"]}}],"collection":[{"href":"https:\/\/www.europesays.com\/es\/wp-json\/wp\/v2\/posts"}],"about":[{"href":"https:\/\/www.europesays.com\/es\/wp-json\/wp\/v2\/types\/post"}],"author":[{"embeddable":true,"href":"https:\/\/www.europesays.com\/es\/wp-json\/wp\/v2\/users\/2"}],"replies":[{"embeddable":true,"href":"https:\/\/www.europesays.com\/es\/wp-json\/wp\/v2\/comments?post=243930"}],"version-history":[{"count":0,"href":"https:\/\/www.europesays.com\/es\/wp-json\/wp\/v2\/posts\/243930\/revisions"}],"wp:featuredmedia":[{"embeddable":true,"href":"https:\/\/www.europesays.com\/es\/wp-json\/wp\/v2\/media\/243931"}],"wp:attachment":[{"href":"https:\/\/www.europesays.com\/es\/wp-json\/wp\/v2\/media?parent=243930"}],"wp:term":[{"taxonomy":"category","embeddable":true,"href":"https:\/\/www.europesays.com\/es\/wp-json\/wp\/v2\/categories?post=243930"},{"taxonomy":"post_tag","embeddable":true,"href":"https:\/\/www.europesays.com\/es\/wp-json\/wp\/v2\/tags?post=243930"}],"curies":[{"name":"wp","href":"https:\/\/api.w.org\/{rel}","templated":true}]}}