{"id":24395,"date":"2025-08-04T06:10:08","date_gmt":"2025-08-04T06:10:08","guid":{"rendered":"https:\/\/www.europesays.com\/es\/24395\/"},"modified":"2025-08-04T06:10:08","modified_gmt":"2025-08-04T06:10:08","slug":"los-actores-establecen-zonas-rojas-en-su-cuerpo-en-las-que-no-quieren-que-haya-contacto","status":"publish","type":"post","link":"https:\/\/www.europesays.com\/es\/24395\/","title":{"rendered":"\u00abLos actores establecen zonas rojas en su cuerpo en las que no quieren que haya contacto\u00bb"},"content":{"rendered":"<p>\t\t\t\t\t\tLa profesional media en el rodaje de escenas \u00edntimas en la segunda temporada de la serie \u00abEl inmortal\u00bb.\u00a0En los dos \u00faltimos a\u00f1os ha trabajado en m\u00e1s de 30 proyectos.\u00a0\u00abNo vamos a censurar la creatividad de ning\u00fan director, no somos polic\u00edas\u00bb<br \/>\n\t\t\t\t\t\t<strong>04 ago 2025<\/strong> . Actualizado a las 05:00 h.\t\t\t\t\t\t<\/p>\n<p class=\"txt first-paragraph\">&#13;<br \/>\n    \t Los ministerios de Trabajo y Cultura anunciaron la semana pasada que no habr\u00e1 rodaje sin coordinador de intimidad. Son muchas las producciones que, tanto en ensayos como en el propio set, ya integran una figura&#13;\n\t<\/p>\n<p>&#13;<br \/>\n\t\t\t\t\tContenido exclusivo para suscriptores&#13;\n\t\t\t\t<\/p>\n<p>\t\t\t\t\tContin\u00faa leyendo con tu suscripci\u00f3n PDF<\/p>\n<p>\t\t\t\t\t\t6 meses por solo<br \/>\n\t\t\t\t\t\t\t\t\t\t\t\t2\u20ac\/mes<br \/>\n\t\t\t\t\t\tPeri\u00f3dico en PDF + WEB sin l\u00edmites\t\t\t\t\t\t<\/p>\n<p>\t\t\t\t\t\t<a href=\"https:\/\/elquiosco.lavozdegalicia.es\/suscripciones\/9-3-suscripcion-version-pdf.html?dllvdg=0003_202508G4P23991&amp;urlData=https:\/\/www.lavozdegalicia.es\/noticia\/cultura\/2025\/08\/04\/actores-establecen-zonas-rojas-quieren-haya-contacto\/0003_202508G4P23991.htm\" class=\"btn-brand btn sz-t-s no-brd t-sserif pd-h-2 btnAddToCart\" data-analytics-event=\"addToCart\" data-product-name=\"Suscripci\u00f3n VERSI\u00d3N PDF\" data-product-price=\"2.00 \" data-product-coupon=\"2025_JULIO_2E6M_PDF_MES\" data-product-periodicity=\"Mensual\" rel=\"nofollow noopener\" target=\"_blank\">Subscr\u00edbete <\/a>\t\t\t\t\t\t<\/p>\n<p>\t\t\t\t\t&#13;<br \/>\n\t\t\t\t\t\u00bfYa eres subscriptor? <a href=\"https:\/\/miperfil.lavozdegalicia.es\/login.jsp?url=https:\/\/www.lavozdegalicia.es\/noticia\/cultura\/2025\/08\/04\/actores-establecen-zonas-rojas-quieren-haya-contacto\/0003_202508G4P23991.htm\" class=\"c-white\" rel=\"nofollow noopener\" target=\"_blank\">Inicia sesi\u00f3n<\/a>&#13;<\/p>\n","protected":false},"excerpt":{"rendered":"La profesional media en el rodaje de escenas \u00edntimas en la segunda temporada de la serie \u00abEl inmortal\u00bb.\u00a0En&hellip;\n","protected":false},"author":2,"featured_media":24396,"comment_status":"","ping_status":"","sticky":false,"template":"","format":"standard","meta":{"footnotes":""},"categories":[91],"tags":[177,146,147,25,24,805,23],"class_list":{"0":"post-24395","1":"post","2":"type-post","3":"status-publish","4":"format-standard","5":"has-post-thumbnail","7":"category-entretenimiento","8":"tag-cine","9":"tag-entertainment","10":"tag-entretenimiento","11":"tag-es","12":"tag-espana","13":"tag-series","14":"tag-spain"},"share_on_mastodon":{"url":"","error":""},"_links":{"self":[{"href":"https:\/\/www.europesays.com\/es\/wp-json\/wp\/v2\/posts\/24395","targetHints":{"allow":["GET"]}}],"collection":[{"href":"https:\/\/www.europesays.com\/es\/wp-json\/wp\/v2\/posts"}],"about":[{"href":"https:\/\/www.europesays.com\/es\/wp-json\/wp\/v2\/types\/post"}],"author":[{"embeddable":true,"href":"https:\/\/www.europesays.com\/es\/wp-json\/wp\/v2\/users\/2"}],"replies":[{"embeddable":true,"href":"https:\/\/www.europesays.com\/es\/wp-json\/wp\/v2\/comments?post=24395"}],"version-history":[{"count":0,"href":"https:\/\/www.europesays.com\/es\/wp-json\/wp\/v2\/posts\/24395\/revisions"}],"wp:featuredmedia":[{"embeddable":true,"href":"https:\/\/www.europesays.com\/es\/wp-json\/wp\/v2\/media\/24396"}],"wp:attachment":[{"href":"https:\/\/www.europesays.com\/es\/wp-json\/wp\/v2\/media?parent=24395"}],"wp:term":[{"taxonomy":"category","embeddable":true,"href":"https:\/\/www.europesays.com\/es\/wp-json\/wp\/v2\/categories?post=24395"},{"taxonomy":"post_tag","embeddable":true,"href":"https:\/\/www.europesays.com\/es\/wp-json\/wp\/v2\/tags?post=24395"}],"curies":[{"name":"wp","href":"https:\/\/api.w.org\/{rel}","templated":true}]}}