{"id":243950,"date":"2025-11-19T05:05:07","date_gmt":"2025-11-19T05:05:07","guid":{"rendered":"https:\/\/www.europesays.com\/es\/243950\/"},"modified":"2025-11-19T05:05:07","modified_gmt":"2025-11-19T05:05:07","slug":"angels-barcelo-reacciona-en-directo-al-villancico-de-leticia-sabater-hasta-aqui-podemos-leer-hoy-por-hoy","status":"publish","type":"post","link":"https:\/\/www.europesays.com\/es\/243950\/","title":{"rendered":"\u00c0ngels Barcel\u00f3 reacciona en directo al villancico de Leticia Sabater: \u00abHasta aqu\u00ed podemos leer\u00bb | Hoy por Hoy"},"content":{"rendered":"<p class=\"loc\">Madrid<\/p>\n<p>Tras la inauguraci\u00f3n \u00aboficial\u00bb de la temporada navide\u00f1a por parte de Mariah Carey con su anual \u00abit&#8217;s time\u00bb y el encendido de las luces en la ciudad de Vigo, tampoco se ha hecho esperar el <a href=\"https:\/\/cadenaser.com\/nacional\/2023\/11\/27\/leticia-sabater-da-la-bienvenida-a-la-navidad-con-su-villancico-mas-terrorifico-asi-suena-esta-navidad-me-comere-un-pibon-cadena-ser\/\" target=\"_blank\" rel=\"nofollow noopener\" title=\"https:\/\/cadenaser.com\/nacional\/2023\/11\/27\/leticia-sabater-da-la-bienvenida-a-la-navidad-con-su-villancico-mas-terrorifico-asi-suena-esta-navidad-me-comere-un-pibon-cadena-ser\/\">villancico de Leticia Sabater.<\/a><\/p>\n<p>M\u00e1s informaci\u00f3n<\/p>\n<p>Salvando las distancias con los otros eventos, el lanzamiento de la canci\u00f3n de Navidad de la presentadora espa\u00f1ola acapara anualmente las redes sociales por sus controvertidas letras, tem\u00e1ticas y propuesta visual. En esta ocasi\u00f3n, el equipo de Hoy por Hoy no ha podido resistirse a escuchar en directo el nuevo tema de Sabater, que ha dejado sorprendida a toda la mesa.<\/p>\n<p>\u00abHasta aqu\u00ed podemos leer\u00bb, ha bromeado la presentadora \u00c0ngels Barcel\u00f3 ante la at\u00f3nita mirada de los presentes. El villancico de Leticia Sabater, como avanz\u00f3 la cantante en redes sociales, ha dado qu\u00e9 hablar por su letra con menciones sexuales expl\u00edcitas y cargadas de humor y dobles sentidos.<\/p>\n<p>\u00abAqu\u00ed os dejo mi nuevo villancico navide\u00f1o 2025 con su videoclip para que lo cant\u00e9is y lo bail\u00e9is a saco en todas las parties\u00bb, ha publicado Sabater en redes sociales con un peque\u00f1o extracto de la canci\u00f3n, titulada La conejita de Pap\u00e1 Noel. La cantante se ha hecho eco en Instagram de la repercusi\u00f3n que ha tenido en prensa y redes sociales su videoclip, que ha superado las 380.000 reproducciones.<\/p>\n<p>En el videoclip de su nuevo tema, Leticia Sabater se muestra vestida de \u00abconejita\u00bb rodeada de fondos y elementos con inspiraci\u00f3n navide\u00f1a. Al respecto, la cantante ha comentado en sus perfiles sociales: \u00abMuchas gracias a todos. Es un villancico muy controvertido con un videoclip m\u00e1s controvertido, pero yo soy as\u00ed\u00bb. <\/p>\n<p>Sabater tambi\u00e9n ha aclarado que se trata de una canci\u00f3n que busca llamar a la diversi\u00f3n y a un enfoque c\u00f3mico que mezcla reggaet\u00f3n, dembow y efectos electr\u00f3nicos.<\/p>\n","protected":false},"excerpt":{"rendered":"Madrid Tras la inauguraci\u00f3n \u00aboficial\u00bb de la temporada navide\u00f1a por parte de Mariah Carey con su anual \u00abit&#8217;s&hellip;\n","protected":false},"author":2,"featured_media":243951,"comment_status":"","ping_status":"","sticky":false,"template":"","format":"standard","meta":{"footnotes":""},"categories":[174],"tags":[255,146,147,25,24,256,23],"class_list":{"0":"post-243950","1":"post","2":"type-post","3":"status-publish","4":"format-standard","5":"has-post-thumbnail","7":"category-famosos","8":"tag-celebrities","9":"tag-entertainment","10":"tag-entretenimiento","11":"tag-es","12":"tag-espana","13":"tag-famosos","14":"tag-spain"},"share_on_mastodon":{"url":"https:\/\/pubeurope.com\/@es\/115574624968335951","error":""},"_links":{"self":[{"href":"https:\/\/www.europesays.com\/es\/wp-json\/wp\/v2\/posts\/243950","targetHints":{"allow":["GET"]}}],"collection":[{"href":"https:\/\/www.europesays.com\/es\/wp-json\/wp\/v2\/posts"}],"about":[{"href":"https:\/\/www.europesays.com\/es\/wp-json\/wp\/v2\/types\/post"}],"author":[{"embeddable":true,"href":"https:\/\/www.europesays.com\/es\/wp-json\/wp\/v2\/users\/2"}],"replies":[{"embeddable":true,"href":"https:\/\/www.europesays.com\/es\/wp-json\/wp\/v2\/comments?post=243950"}],"version-history":[{"count":0,"href":"https:\/\/www.europesays.com\/es\/wp-json\/wp\/v2\/posts\/243950\/revisions"}],"wp:featuredmedia":[{"embeddable":true,"href":"https:\/\/www.europesays.com\/es\/wp-json\/wp\/v2\/media\/243951"}],"wp:attachment":[{"href":"https:\/\/www.europesays.com\/es\/wp-json\/wp\/v2\/media?parent=243950"}],"wp:term":[{"taxonomy":"category","embeddable":true,"href":"https:\/\/www.europesays.com\/es\/wp-json\/wp\/v2\/categories?post=243950"},{"taxonomy":"post_tag","embeddable":true,"href":"https:\/\/www.europesays.com\/es\/wp-json\/wp\/v2\/tags?post=243950"}],"curies":[{"name":"wp","href":"https:\/\/api.w.org\/{rel}","templated":true}]}}