{"id":243956,"date":"2025-11-19T05:10:22","date_gmt":"2025-11-19T05:10:22","guid":{"rendered":"https:\/\/www.europesays.com\/es\/243956\/"},"modified":"2025-11-19T05:10:22","modified_gmt":"2025-11-19T05:10:22","slug":"no-pense-que-regresaria-del-dceu-pero-parece-que-hay-grandes-planes-para-el-en-la-proxima-pelicula-de-superman","status":"publish","type":"post","link":"https:\/\/www.europesays.com\/es\/243956\/","title":{"rendered":"No pens\u00e9 que regresar\u00eda del DCEU, pero parece que hay grandes planes para \u00e9l en la pr\u00f3xima pel\u00edcula de Superman"},"content":{"rendered":"<p>Alguien est\u00e1 interesado en volver. Ese alguien es<strong> Pierce Brosnan,<\/strong> quiz\u00e1s m\u00e1s conocido por su papel como el ic\u00f3nico 007, James Bond, pero no busca regresar como el legendario esp\u00eda. Est\u00e1 interesado en volver como Doctor Destino en la pr\u00f3xima pel\u00edcula de James Gunn, <strong>Man of Tomorrow<\/strong>, sobre la cual el actor ha o\u00eddo que se<strong> reintroducir\u00e1 su antiguo papel en el DCEU.<\/strong><\/p>\n<p>Sin duda ser\u00eda interesante ver a Doctor Fate regresar en <strong>Man of Tomorrow<\/strong>. Brosnan <a href=\"https:\/\/es.ign.com\/black-adam\/171980\/news\/pierce-brosnan-sera-doctor-destino-en-black-adam-junto-a-dwayne-johnson\" rel=\"nofollow noopener\" target=\"_blank\">solo ha interpretado al personaje una vez, en la pel\u00edcula <strong>Black Adam<\/strong><\/a> (2022) y, si lo recuerdas, Doctor Destino muri\u00f3 en esa pel\u00edcula. Adem\u00e1s, el filme formaba parte del antiguo DCEU, el universo compartido que exist\u00eda antes de que James Gunn y Peter Safran asumieran la direcci\u00f3n del estudio.<\/p>\n<p>Dicho esto, el nuevo DCU ya ha tra\u00eddo de vuelta personajes del anterior DCEU en otras ocasiones, por lo que el personaje de Brosnan ser\u00eda uno m\u00e1s de varios.<\/p>\n<p>\u00bfC\u00f3mo ser\u00e1 ahora<strong> Doctor Destino<\/strong> en <strong>Superman <\/strong>y el DCU?<\/p>\n<p>La cuesti\u00f3n es <strong>c\u00f3mo Gunn y su equipo lo har\u00edan<\/strong>. Lo que parece m\u00e1s plausible es que Brosnan regrese para interpretar una nueva versi\u00f3n del personaje. El Superman de Gunn incluso prepara tentativamente ese escenario si quisieran seguir ese camino \u2014 particularmente con el mural en la Sala de la Justicia, que muestra a varios h\u00e9roes importantes de la Justice Society of America, de los cuales Doctor Fate es miembro \u2014 por lo que la oportunidad est\u00e1 ah\u00ed.<\/p>\n<p>Dicho esto, a\u00fan no hay confirmaci\u00f3n de que Doctor Destino se una al nuevo DCEU con <strong><a href=\"https:\/\/es.ign.com\/man-of-tomorrow\/220773\/feature\/man-of-tomorrow-que-sabemos-sobre-la-trama-y-el-villano-de-la-secuela-de-superman-de-james-gunn\" rel=\"nofollow noopener\" target=\"_blank\">Man of Tomorrow<\/a>,<\/strong> y tampoco hay informaci\u00f3n oficial sobre si protagonizar\u00e1 alg\u00fan spin-off.<\/p>\n<p><strong>Man of Tomorrow <\/strong>est\u00e1 programada para estrenarse en cines el 9 de julio de 2027.<\/p>\n","protected":false},"excerpt":{"rendered":"Alguien est\u00e1 interesado en volver. Ese alguien es Pierce Brosnan, quiz\u00e1s m\u00e1s conocido por su papel como el&hellip;\n","protected":false},"author":2,"featured_media":243957,"comment_status":"","ping_status":"","sticky":false,"template":"","format":"standard","meta":{"footnotes":""},"categories":[169],"tags":[177,146,147,25,24,176,175,23],"class_list":{"0":"post-243956","1":"post","2":"type-post","3":"status-publish","4":"format-standard","5":"has-post-thumbnail","7":"category-cine","8":"tag-cine","9":"tag-entertainment","10":"tag-entretenimiento","11":"tag-es","12":"tag-espana","13":"tag-film","14":"tag-movies","15":"tag-spain"},"share_on_mastodon":{"url":"https:\/\/pubeurope.com\/@es\/115574644752985031","error":""},"_links":{"self":[{"href":"https:\/\/www.europesays.com\/es\/wp-json\/wp\/v2\/posts\/243956","targetHints":{"allow":["GET"]}}],"collection":[{"href":"https:\/\/www.europesays.com\/es\/wp-json\/wp\/v2\/posts"}],"about":[{"href":"https:\/\/www.europesays.com\/es\/wp-json\/wp\/v2\/types\/post"}],"author":[{"embeddable":true,"href":"https:\/\/www.europesays.com\/es\/wp-json\/wp\/v2\/users\/2"}],"replies":[{"embeddable":true,"href":"https:\/\/www.europesays.com\/es\/wp-json\/wp\/v2\/comments?post=243956"}],"version-history":[{"count":0,"href":"https:\/\/www.europesays.com\/es\/wp-json\/wp\/v2\/posts\/243956\/revisions"}],"wp:featuredmedia":[{"embeddable":true,"href":"https:\/\/www.europesays.com\/es\/wp-json\/wp\/v2\/media\/243957"}],"wp:attachment":[{"href":"https:\/\/www.europesays.com\/es\/wp-json\/wp\/v2\/media?parent=243956"}],"wp:term":[{"taxonomy":"category","embeddable":true,"href":"https:\/\/www.europesays.com\/es\/wp-json\/wp\/v2\/categories?post=243956"},{"taxonomy":"post_tag","embeddable":true,"href":"https:\/\/www.europesays.com\/es\/wp-json\/wp\/v2\/tags?post=243956"}],"curies":[{"name":"wp","href":"https:\/\/api.w.org\/{rel}","templated":true}]}}