{"id":243958,"date":"2025-11-19T05:11:20","date_gmt":"2025-11-19T05:11:20","guid":{"rendered":"https:\/\/www.europesays.com\/es\/243958\/"},"modified":"2025-11-19T05:11:20","modified_gmt":"2025-11-19T05:11:20","slug":"laliga-no-afloja-con-el-fair-play-del-barca","status":"publish","type":"post","link":"https:\/\/www.europesays.com\/es\/243958\/","title":{"rendered":"LaLiga no afloja con el Fair Play del Bar\u00e7a"},"content":{"rendered":"<p class=\"ft-text\"><strong>Javier G\u00f3mez, director general corporativo de LaLiga<\/strong>, ha sido uno de los ponentes en <a class=\"ft-link ft-link--decoration\" href=\"https:\/\/www.sport.es\/es\/noticias\/barca\/informe-situacion-economica-barca-barca-123739259\" rel=\"nofollow noopener\" target=\"_blank\">el Col.legi d&#8217;Economistes de Catalunya, donde se ha dado a conocer el informe\u00a0&#8216;Las Finanzas de las 5 Grandes Ligas de Europa 2023\/24&#8217;<\/a>. El ejecutivo, entre otros temas, advirti\u00f3 sobre el riesgo de que la creciente brecha econ\u00f3mica entre los grandes clubes y el resto de equipos espa\u00f1oles pueda comprometer la competitividad de las competiciones nacionales. Seg\u00fan G\u00f3mez, mientras los grandes clubes contin\u00faan aumentando sus ingresos, los clubes m\u00e1s modestos se enfrentan a un escenario desigual que podr\u00eda agudizarse si se consolidara una Superliga europea, cosa ahora mismo descartad\u00edsima, concentrando a\u00fan m\u00e1s recursos en unos pocos equipos y dejando a los dem\u00e1s con menos participaci\u00f3n en los ingresos televisivos.<\/p>\n<p><img decoding=\"async\" src=\"https:\/\/www.europesays.com\/es\/wp-content\/uploads\/2025\/11\/9d8bfdc6-267c-491c-aabf-00d8205f1f39_alta-libre-aspect-ratio_default_0.jpg\" width=\"1200\" height=\"800\" alt=\"El Col.legi d'Economistes de Catalunya ha analizado los n\u00fameros de las grandes cinco Ligas\" class=\"ft-helper-img-rd\" loading=\"lazy\"\/><\/p>\n<p class=\"ft-helper-fontColor-quaternary ft-helper-fontSize-body-S ft-helper-spacer-t-xxs\">El Col.legi d&#8217;Economistes de Catalunya ha analizado los n\u00fameros de las grandes cinco Ligas  \/ DANI BARBEITO<\/p>\n<p class=\"ft-text\">En este contexto, el directivo defendi\u00f3 la solidaridad financiera, la igualdad de oportunidades y la meritocracia del modelo europeo, basado en ascensos y descensos, y destac\u00f3 la necesidad de mantener un reparto justo de los derechos de televisi\u00f3n entre todos los clubes. \u00ab<strong>Los grandes clubes generan patrocinios de manera aut\u00f3noma, eso no se va a repartir, pero los derechos de televisi\u00f3n s\u00ed<\/strong>. Y est\u00e1 ocurriendo todo lo contrario\u00bb, se\u00f1al\u00f3 G\u00f3mez. Eso s\u00ed, defendi\u00f3 el reparto que se realiza en LaLiga porque, adem\u00e1s de asegurar que la solidaridad funciona, tambi\u00e9n permite a los grandes mantener el nivel competitivo a nivel deportivo.<\/p>\n<p>A vueltas con el Fair Play<\/p>\n<p class=\"ft-text\">Un aspecto central de su intervenci\u00f3n se centr\u00f3 en <a class=\"ft-link ft-link--decoration\" href=\"https:\/\/www.sport.es\/es\/noticias\/barca\/peligra-tranquilidad-barcelona-fair-play-114485445\" rel=\"nofollow noopener\" target=\"_blank\">el FFP, el sistema que regula el gasto de los clubes en sus plantillas a nivel salarial<\/a>. Sobre este tema, y preguntado por si la patronal tiene previsto realizar alg\u00fan cambio en la norma que no perjudique directamente a clubs como el Bar\u00e7a, cuyo gasto en secciones, pero tambi\u00e9n en el f\u00fatbol formativo o el femenino repercute negativamente en su l\u00edmite salarial, G\u00f3mez record\u00f3 que cualquier gasto de ese tipo no se computa como gasto del primer equipo siempre que est\u00e9 respaldado por el patrimonio del club o por aportaciones externas del propietario. \u00ab<strong>Si dejas gastar en el filial y no lo repone nadie, vas a p\u00e9rdidas. Esa es la l\u00f3gica econ\u00f3mica<\/strong>\u00ab, explic\u00f3. Y eso acaba repercutiendo en el Fair Play Financiero.<\/p>\n<p class=\"ft-text\">Insisti\u00f3 en el tema, pero sin intenci\u00f3n alguna de variar la normativa: \u00abA todos los clubs les influye. Si tienes 1.000 millones de ingresos y en gastos de estructura tienes 400, tiene usted 600 milliones en plantillia deportiva. <strong>\u00bfEn qu\u00e9 se lo quiere gastar? Me lo quiero gastar godo en secciones, pues entonces tiene cero para el primer equipo<\/strong>. Se quiere gastar 100 en secciones, pues 500 para el primer equipo. Lo importante es no me pierda dinero. Le pasa al Bar\u00e7a y le pasa al resto de clubs\u00bb.<\/p>\n<p>La norma 1:1<\/p>\n<p class=\"ft-text\">Javier G\u00f3mez. como suele ser habitual \u00faltimamente en todo aquello que surge de LaLiga, se mostr\u00f3 optimista sobre las opciones del club para revertir su situaci\u00f3n c\u00edclica de exceso de gastos. <a class=\"ft-link ft-link--decoration\" href=\"https:\/\/www.sport.es\/es\/noticias\/barca\/vueltas-limite-salarial-114521793\" rel=\"nofollow noopener\" target=\"_blank\">Asegur\u00f3 que, siguiendo la regla 1:1, el club puede acudir al mercado de fichajes sin restricciones adicionales<\/a>, siempre que equilibre ingresos y gastos. Seg\u00fan G\u00f3mez, el <strong>Bar\u00e7a <\/strong>ya est\u00e1 trabajando en ajustar su estructura de costes y en generar beneficios superiores a los gastos, incluso con la p\u00e9rdida de ingresos por el cierre del Camp Nou y otros ajustes estructurales. \u201cEl club tiene que ir recuperando lo que hizo con palancas o no, combinando ese proceso con no perder competitividad. No se trata solo de pagar deuda, sino de mantener un equilibrio financiero sostenible\u201d, afirm\u00f3.<\/p>\n<p><img decoding=\"async\" src=\"https:\/\/www.europesays.com\/es\/wp-content\/uploads\/2025\/11\/3609bed4-dea4-4353-b9d3-7a39faf56f2b_alta-libre-aspect-ratio_default_0.jpg\" width=\"1200\" height=\"800\" alt=\"El Col.legi d'Economistes de Catalunya present\u00f3 un informe sobre las finanzas de las grandes cinco Ligas de Europa\" class=\"ft-helper-img-rd\" loading=\"lazy\"\/><\/p>\n<p class=\"ft-helper-fontColor-quaternary ft-helper-fontSize-body-S ft-helper-spacer-t-xxs\">El Col.legi d&#8217;Economistes de Catalunya present\u00f3 un informe sobre las finanzas de las grandes cinco Ligas de Europa  \/ DANI BARBEITO<\/p>\n<p class=\"ft-text\">En ese sentido, coment\u00f3 que <a class=\"ft-link ft-link--decoration\" href=\"https:\/\/www.sport.es\/es\/noticias\/barca\/impacta-regreso-spotify-camp-nou-123834758\" rel=\"nofollow noopener\" target=\"_blank\">el Spotify Camp Nou ser\u00e1 de gran ayuda<\/a>: \u00abSi vemos c\u00f3mo ha evolucionado a nivel de gastos de estructura, de plantilla no deportiva, tiene la mochila de que tienen, pero tambi\u00e9n cerraron un campo, <strong>son 70 millones de euros menos<\/strong>, est\u00e1n haciendo las cosas, que es lo que tienen que hacer, adem\u00e1s, combinado con no perder competitividad porque aqu\u00ed o se ganan todos los partidos o tenemos un problema. No es quedar cuarto y pagar deuda, ese equilibrio es de los administradores actuales y los que vengan en los pr\u00f3ximos mil a\u00f1os. Es lo que est\u00e1 haciendo el FC Barcelona en un proceso que tiene su tiempo, pero como el resto de clubs\u00bb.<\/p>\n","protected":false},"excerpt":{"rendered":"Javier G\u00f3mez, director general corporativo de LaLiga, ha sido uno de los ponentes en el Col.legi d&#8217;Economistes de&hellip;\n","protected":false},"author":2,"featured_media":243959,"comment_status":"","ping_status":"","sticky":false,"template":"","format":"standard","meta":{"footnotes":""},"categories":[93],"tags":[168,25,24,62530,881,62529,288,3048,23,167],"class_list":{"0":"post-243958","1":"post","2":"type-post","3":"status-publish","4":"format-standard","5":"has-post-thumbnail","7":"category-deportes","8":"tag-deportes","9":"tag-es","10":"tag-espana","11":"tag-fair-play-financiero","12":"tag-fc-barcelona","13":"tag-javier-gomez","14":"tag-laliga","15":"tag-real-madrid","16":"tag-spain","17":"tag-sports"},"share_on_mastodon":{"url":"https:\/\/pubeurope.com\/@es\/115574648940452102","error":""},"_links":{"self":[{"href":"https:\/\/www.europesays.com\/es\/wp-json\/wp\/v2\/posts\/243958","targetHints":{"allow":["GET"]}}],"collection":[{"href":"https:\/\/www.europesays.com\/es\/wp-json\/wp\/v2\/posts"}],"about":[{"href":"https:\/\/www.europesays.com\/es\/wp-json\/wp\/v2\/types\/post"}],"author":[{"embeddable":true,"href":"https:\/\/www.europesays.com\/es\/wp-json\/wp\/v2\/users\/2"}],"replies":[{"embeddable":true,"href":"https:\/\/www.europesays.com\/es\/wp-json\/wp\/v2\/comments?post=243958"}],"version-history":[{"count":0,"href":"https:\/\/www.europesays.com\/es\/wp-json\/wp\/v2\/posts\/243958\/revisions"}],"wp:featuredmedia":[{"embeddable":true,"href":"https:\/\/www.europesays.com\/es\/wp-json\/wp\/v2\/media\/243959"}],"wp:attachment":[{"href":"https:\/\/www.europesays.com\/es\/wp-json\/wp\/v2\/media?parent=243958"}],"wp:term":[{"taxonomy":"category","embeddable":true,"href":"https:\/\/www.europesays.com\/es\/wp-json\/wp\/v2\/categories?post=243958"},{"taxonomy":"post_tag","embeddable":true,"href":"https:\/\/www.europesays.com\/es\/wp-json\/wp\/v2\/tags?post=243958"}],"curies":[{"name":"wp","href":"https:\/\/api.w.org\/{rel}","templated":true}]}}