{"id":243960,"date":"2025-11-19T05:12:09","date_gmt":"2025-11-19T05:12:09","guid":{"rendered":"https:\/\/www.europesays.com\/es\/243960\/"},"modified":"2025-11-19T05:12:09","modified_gmt":"2025-11-19T05:12:09","slug":"una-emergencia-del-presente","status":"publish","type":"post","link":"https:\/\/www.europesays.com\/es\/243960\/","title":{"rendered":"Una emergencia del presente"},"content":{"rendered":"<p>   19 de noviembre de 2025 &#8211; 00:38      <\/p>\n<p>Los \u00faltimos datos sobre el aumento de casos de s\u00edfilis en Argentina representan una amenaza para la salud de la poblaci\u00f3n. En lo que va del 2025, el pa\u00eds registr\u00f3 m\u00e1s de 36.000 notificaciones, lo que representa un aumento del 20,5% respecto del a\u00f1o anterior. No se trata de un pico circunstancial, sino de una tendencia sostenida desde 2011, interrumpida \u00fanicamente durante 2020 y 2021, cuando las restricciones de circulaci\u00f3n y de contacto impuestas por la pandemia redujeron transitoriamente la propagaci\u00f3n de \u00e9sta y otras enfermedades de transmisi\u00f3n sexual (ETS).<\/p>\n<p> Durante el gobierno de Mauricio Macri, los casos notificados de s\u00edfilis se triplicaron. La enfermedad, lejos de ser aquella \u201ccosa del pasado\u201d que muchos imaginan, ha recuperado una gravitaci\u00f3n alarmante.<\/p>\n<p>Catamarca no escapa a la realidad del resto de las jurisdicciones: los casos se triplicaron en los \u00faltimos tres a\u00f1os y, seg\u00fan datos del CUR (Centro \u00danico de Referencia), solo el a\u00f1o pasado se detectaron 743 positivos sobre 4.176 test r\u00e1pidos realizados. Para una provincia de poblaci\u00f3n relativamente peque\u00f1a, el cuadro es verdaderamente serio y evidencia de una alta circulaci\u00f3n que requiere de manera urgente reforzar la prevenci\u00f3n y el diagn\u00f3stico.<\/p>\n<p> La s\u00edfilis, lejos de ser la \u201cenfermedad del pasado\u201d que muchos imaginan, ha recuperado una gravitaci\u00f3n alarmante en los \u00faltimos a\u00f1os.    La s\u00edfilis, lejos de ser la \u201cenfermedad del pasado\u201d que muchos imaginan, ha recuperado una gravitaci\u00f3n alarmante en los \u00faltimos a\u00f1os.<\/p>\n<p> Aunque la s\u00edfilis es una enfermedad potencialmente mortal si no se trata, su cura es sencilla mediante la aplicaci\u00f3n de antibi\u00f3ticos. Pero justamente esta paradoja contribuye a uno de los factores que explican su rebrote: la falta de percepci\u00f3n de riesgo. A esto se suma, como tendencia preocupante en las pr\u00e1cticas sexuales de muchas personas, el escaso uso del preservativo, especialmente entre j\u00f3venes, y la falta de informaci\u00f3n clara y sistem\u00e1tica sobre las ETS.<\/p>\n<p>No es la primera vez que los cambios en los comportamientos de cuidado impactan en la circulaci\u00f3n de enfermedades. La incidencia de la s\u00edfilis disminuy\u00f3 dr\u00e1sticamente cuando comenz\u00f3 a propagarse el VIH; el miedo a este \u00faltimo virus, su letalidad y la ausencia de tratamientos efectivos en los primeros a\u00f1os reforzaron el uso del preservativo y los m\u00e9todos de prevenci\u00f3n. Sin embargo, a medida que el VIH comenz\u00f3 a tener tratamientos eficaces, mejor\u00f3 la expectativa y calidad de vida de las personas que viven con el virus y, paralelamente, se relajaron las conductas preventivas. Esa \u201cnormalizaci\u00f3n\u201d deriv\u00f3 en el resurgimiento de otras ETS, entre ellas, precisamente, la s\u00edfilis.<\/p>\n<p>Hoy, en un escenario que combina descuido, falta de informaci\u00f3n y crecimiento sostenido de los contagios, es indispensable que el Estado, las instituciones de salud y las organizaciones comunitarias refuercen campa\u00f1as de concientizaci\u00f3n, explicando c\u00f3mo se contagia la enfermedad, cu\u00e1les son los m\u00e9todos de prevenci\u00f3n y qu\u00e9 tratamientos existen. El test r\u00e1pido es, adem\u00e1s, una herramienta poderosa y sencilla que salva vidas y previene complicaciones. Debe comprenderse cabalmente que la s\u00edfilis no es un problema del pasado, sino una emergencia del presente.<\/p>\n","protected":false},"excerpt":{"rendered":"19 de noviembre de 2025 &#8211; 00:38 Los \u00faltimos datos sobre el aumento de casos de s\u00edfilis en&hellip;\n","protected":false},"author":2,"featured_media":243961,"comment_status":"","ping_status":"","sticky":false,"template":"","format":"standard","meta":{"footnotes":""},"categories":[92],"tags":[25,24,165,166,23],"class_list":{"0":"post-243960","1":"post","2":"type-post","3":"status-publish","4":"format-standard","5":"has-post-thumbnail","7":"category-salud","8":"tag-es","9":"tag-espana","10":"tag-health","11":"tag-salud","12":"tag-spain"},"share_on_mastodon":{"url":"https:\/\/pubeurope.com\/@es\/115574652802941409","error":""},"_links":{"self":[{"href":"https:\/\/www.europesays.com\/es\/wp-json\/wp\/v2\/posts\/243960","targetHints":{"allow":["GET"]}}],"collection":[{"href":"https:\/\/www.europesays.com\/es\/wp-json\/wp\/v2\/posts"}],"about":[{"href":"https:\/\/www.europesays.com\/es\/wp-json\/wp\/v2\/types\/post"}],"author":[{"embeddable":true,"href":"https:\/\/www.europesays.com\/es\/wp-json\/wp\/v2\/users\/2"}],"replies":[{"embeddable":true,"href":"https:\/\/www.europesays.com\/es\/wp-json\/wp\/v2\/comments?post=243960"}],"version-history":[{"count":0,"href":"https:\/\/www.europesays.com\/es\/wp-json\/wp\/v2\/posts\/243960\/revisions"}],"wp:featuredmedia":[{"embeddable":true,"href":"https:\/\/www.europesays.com\/es\/wp-json\/wp\/v2\/media\/243961"}],"wp:attachment":[{"href":"https:\/\/www.europesays.com\/es\/wp-json\/wp\/v2\/media?parent=243960"}],"wp:term":[{"taxonomy":"category","embeddable":true,"href":"https:\/\/www.europesays.com\/es\/wp-json\/wp\/v2\/categories?post=243960"},{"taxonomy":"post_tag","embeddable":true,"href":"https:\/\/www.europesays.com\/es\/wp-json\/wp\/v2\/tags?post=243960"}],"curies":[{"name":"wp","href":"https:\/\/api.w.org\/{rel}","templated":true}]}}