{"id":243968,"date":"2025-11-19T05:16:10","date_gmt":"2025-11-19T05:16:10","guid":{"rendered":"https:\/\/www.europesays.com\/es\/243968\/"},"modified":"2025-11-19T05:16:10","modified_gmt":"2025-11-19T05:16:10","slug":"la-ue-estudia-suavizar-sus-leyes-para-beneficiar-a-empresas-como-openai-y-google","status":"publish","type":"post","link":"https:\/\/www.europesays.com\/es\/243968\/","title":{"rendered":"La UE estudia suavizar sus leyes para beneficiar a empresas como OpenAI y Google"},"content":{"rendered":"<p style=\"\">Despu\u00e9s de una d\u00e9cada intentando controlar a los gigantes tecnol\u00f3gicos, Europa ha comenzado a estudiar la posibilidad de suavizar parcialmente la legislaci\u00f3n creada con ese fin. Y los cambios propuestos beneficiar\u00edan a las empresas involucradas en el desarrollo de inteligencia artificial generativa, como <strong>OpenAI, Google <\/strong> &#8230; <strong>o Meta<\/strong>. Seg\u00fan documentos filtrados revisados por ABC, la Comisi\u00f3n Europea tiene la intenci\u00f3n de presentar este mi\u00e9rcoles una gran propuesta legislativa destinada a simplificar algunos apartados del Reglamento General de Protecci\u00f3n de Datos (<strong>RGPD<\/strong>), adem\u00e1s de dar m\u00e1s tiempo a las empresas de inteligencia artificial para adaptarse a las obligaciones de la <a href=\"https:\/\/www.abc.es\/cultura\/primera-sentencia-europa-openia-violacion-derechos-autor-20251111170639-nt.html\" target=\"_self\" data-voc-vtm-id=\"in-text-traffic\" title=\"Ley de IA\" data-mrf-link=\"www.abc.es\" rel=\"nofollow noopener\">Ley de IA<\/a>.<\/p>\n<p class=\"voc-p\" style=\"\">De acuerdo con el plan, la Comisi\u00f3n Europea baraja aprobar exenciones al RGPD para que las firmas dedicadas al desarrollo de la IA puedan procesar legalmente categor\u00edas especiales de datos de los usuarios (como las creencias religiosas o pol\u00edticas, la etnia o los datos de salud de una persona) para entrenar y operar su tecnolog\u00eda. Eso s\u00ed, siempre y cuando se cumplan con medidas de protecci\u00f3n estrictas, como obtener el consentimiento expl\u00edcito de los usuarios y se apliquen medidas de seguridad para evitar el uso indebido de los datos.<\/p>\n<p class=\"voc-p\" style=\"\">Adem\u00e1s, se propone redefinir qu\u00e9 se considera datos personales, aclarando que los datos seudonimizados (aquellos en los que se ocultan o alteran los datos personales para evitar la identificaci\u00f3n directa de una persona) no siempre estar\u00e1n sujetos a las protecciones del RGPD. En otras palabras, si una entidad no tiene los medios para identificar a una persona a partir de esos datos, no se considerar\u00edan personales para esa entidad. Sin embargo, si se se comparten con otra entidad que s\u00ed puede identificarlos, entonces esos datos ser\u00edan considerados personales para esa entidad.<\/p>\n<p class=\"voc-p\" style=\"\">Junto a estas propuestas, se espera que la Comisi\u00f3n ponga encima de la mesa un retraso en la entrada en vigor de la parte de la Ley de IA que, entre otras cosas, obliga a las empresas a marcar los contenidos sint\u00e9ticos como generados por inteligencia artificial. En principio, deb\u00eda entrar en funcionamiento el pr\u00f3ximo mes de agosto; pero ahora podr\u00eda retrasarse hasta 2027 si los estados y el Parlamento lo aceptan, como ocurre con los cambios en el RGPD.<\/p>\n<p>\nMeses de presiones\n<\/p>\n<p class=\"voc-p\" style=\"\">Las propuestas de la Comisi\u00f3n llegan despu\u00e9s de meses en los que las empresas de inteligencia artificial han estado presionando a la UE para que realice cambios legislativos que beneficien el desarrollo de la IA. Algunas empresas, como OpenAI, Google o Apple, han tardado m\u00e1s de la cuenta en traer sus novedades de inteligencia artificial a territorio europeo por temor a multas. Meta, por su parte, se neg\u00f3 el pasado mes de julio a firmar el C\u00f3digo de Buenas Pr\u00e1cticas en IA de la Uni\u00f3n Europea, consistente en un conjunto de normas voluntarias que abordan cuestiones de transparencia, derechos de autor y seguridad, denunciando que ahogan la innovaci\u00f3n. <\/p>\n<p class=\"voc-p\" style=\"\">Esta postura es compartida por decenas de empresas europeas, como Airbus, Lufthansa, ASML o Mistral. Hace unos meses firmaron una carta abierta en la que solicitaban un retraso en la entrada en vigor de aspectos clave de la Ley de IA.<\/p>\n<p class=\"voc-p\" style=\"\">La normativa europea tambi\u00e9n ha sido criticada abiertamente por el presidente de Estados Unidos, Donald Trump. El dirigente <a href=\"https:\/\/www.abc.es\/economia\/trump-amenaza-sancionar-funcionarios-encargados-ejecutar-leyes-20250826091924-nt.html\" target=\"_self\" data-voc-vtm-id=\"in-text-traffic\" title=\"amenaz\u00f3\" data-mrf-link=\"www.abc.es\" rel=\"nofollow noopener\">amenaz\u00f3<\/a> el pasado agosto con imponer aranceles especiales a todos los pa\u00edses \u00abcon impuestos, legislaci\u00f3n, normas o regulaciones digitales\u00bb que est\u00e9n \u00abdise\u00f1ados para perjudicar o discriminar la tecnolog\u00eda estadounidense\u00bb.<\/p>\n","protected":false},"excerpt":{"rendered":"Despu\u00e9s de una d\u00e9cada intentando controlar a los gigantes tecnol\u00f3gicos, Europa ha comenzado a estudiar la posibilidad de&hellip;\n","protected":false},"author":2,"featured_media":243969,"comment_status":"","ping_status":"","sticky":false,"template":"","format":"standard","meta":{"footnotes":""},"categories":[42],"tags":[32742,17,18,2308,12188,13,14,5003,11,61,62,63,64,19,20,28880,9,10,15,16,5004,62542,12,943,21,22,65,66,67],"class_list":{"0":"post-243968","1":"post","2":"type-post","3":"status-publish","4":"format-standard","5":"has-post-thumbnail","7":"category-internacional","8":"tag-beneficiar","9":"tag-breaking-news","10":"tag-breakingnews","11":"tag-empresas","12":"tag-estudia","13":"tag-featured-news","14":"tag-featurednews","15":"tag-google","16":"tag-headlines","17":"tag-internacional","18":"tag-international","19":"tag-international-news","20":"tag-internationalnews","21":"tag-latest-news","22":"tag-latestnews","23":"tag-leyes","24":"tag-news","25":"tag-noticias","26":"tag-noticias-destacadas","27":"tag-noticiasdestacadas","28":"tag-openai","29":"tag-suavizar","30":"tag-titulares","31":"tag-ue","32":"tag-ultimas-noticias","33":"tag-ultimasnoticias","34":"tag-world","35":"tag-world-news","36":"tag-worldnews"},"share_on_mastodon":{"url":"https:\/\/pubeurope.com\/@es\/115574668562557274","error":""},"_links":{"self":[{"href":"https:\/\/www.europesays.com\/es\/wp-json\/wp\/v2\/posts\/243968","targetHints":{"allow":["GET"]}}],"collection":[{"href":"https:\/\/www.europesays.com\/es\/wp-json\/wp\/v2\/posts"}],"about":[{"href":"https:\/\/www.europesays.com\/es\/wp-json\/wp\/v2\/types\/post"}],"author":[{"embeddable":true,"href":"https:\/\/www.europesays.com\/es\/wp-json\/wp\/v2\/users\/2"}],"replies":[{"embeddable":true,"href":"https:\/\/www.europesays.com\/es\/wp-json\/wp\/v2\/comments?post=243968"}],"version-history":[{"count":0,"href":"https:\/\/www.europesays.com\/es\/wp-json\/wp\/v2\/posts\/243968\/revisions"}],"wp:featuredmedia":[{"embeddable":true,"href":"https:\/\/www.europesays.com\/es\/wp-json\/wp\/v2\/media\/243969"}],"wp:attachment":[{"href":"https:\/\/www.europesays.com\/es\/wp-json\/wp\/v2\/media?parent=243968"}],"wp:term":[{"taxonomy":"category","embeddable":true,"href":"https:\/\/www.europesays.com\/es\/wp-json\/wp\/v2\/categories?post=243968"},{"taxonomy":"post_tag","embeddable":true,"href":"https:\/\/www.europesays.com\/es\/wp-json\/wp\/v2\/tags?post=243968"}],"curies":[{"name":"wp","href":"https:\/\/api.w.org\/{rel}","templated":true}]}}