{"id":243978,"date":"2025-11-19T05:28:12","date_gmt":"2025-11-19T05:28:12","guid":{"rendered":"https:\/\/www.europesays.com\/es\/243978\/"},"modified":"2025-11-19T05:28:12","modified_gmt":"2025-11-19T05:28:12","slug":"vale-la-pena-la-vida-por-estos-regalos","status":"publish","type":"post","link":"https:\/\/www.europesays.com\/es\/243978\/","title":{"rendered":"Vale la pena la vida por estos regalos"},"content":{"rendered":"<p id=\"eXMuYSE14UH\" data-wc=\"124\">De ni\u00f1o le encantaba escuchar canciones italianas en el tocadiscos port\u00e1til que le regalaron. Lo que no pod\u00eda imaginar <strong>Sergio Dalma<\/strong>\u00a0(61) es que tiempo despu\u00e9s ser\u00eda su voz la que sonar\u00eda en los hogares espa\u00f1oles. Formado en solfeo y canto cl\u00e1sico, se adentr\u00f3 en el sector de la mano de diferentes agrupaciones, hasta que una discogr\u00e1fica se fij\u00f3 en \u00e9l y le ofreci\u00f3 grabar su propio disco, propuesta que cambi\u00f3 su destino. Sali\u00f3 a la venta en 1989 y se convirti\u00f3 inmediatamente en uno de los artistas m\u00e1s queridos. Casi cuatro d\u00e9cadas despu\u00e9s lanza un nuevo trabajo y habla de la parte m\u00e1s desconocida de su vida: su faceta como abuelo y c\u00f3mo es <a class=\"hm-link ho-link\" href=\"https:\/\/www.hola.com\/actualidad\/20171004100164\/sergio-dalma-detras-focos\/\" data-mrf-recirculation=\"article-body-link\" rel=\"nofollow noopener\" target=\"_blank\">su d\u00eda a d\u00eda cuando se baja del escenario<\/a>.<\/p>\n<p> <img src=\"https:\/\/www.europesays.com\/es\/wp-content\/uploads\/2025\/11\/b158f67c2536-gettyimages-2246581933.jpg\"   width=\"1024\" height=\"682\" loading=\"lazy\" decoding=\"async\" alt=\"Sergio Dalma vuelve a la m\u00fasica con nuevo disco\" fetchpriority=\"auto\" class=\"image ho-image\"\/>\u00a9 Getty ImagesSergio Dalma vuelve a la m\u00fasica con nuevo disco<\/p>\n<p id=\"e7ZlpWJZCf\" data-wc=\"134\">Ser\u00eda imposible hablar de Sergio Dalma sin nombrar las baladas italianas que sus padres le pon\u00edan en casa, esas que le han inspirado durante toda su trayectoria. Por eso Ritorno a Via Dalma, su disco n\u00famero 23, es un nuevo homenaje a esa m\u00fasica que le marc\u00f3. Vive este nuevo lanzamiento con la misma ilusi\u00f3n que la primera vez y con mucho agradecimiento. <strong>\u00abCada vez que suena por primera vez un nuevo trabajo en la radio te sigue emocionando porque hay un trabajo detr\u00e1s muy grande y cuando lo ves hecho realidad&#8230;<\/strong> Hacer un disco lleva su tiempo y hay detr\u00e1s mucha gente, y cuando lo escuchas en la radio dices, por fin. Y en los conciertos, cuando la gente lo canta, es una maravilla\u00bb, ha dicho en su paso por\u00a0Y ahora Sonsoles.<\/p>\n<p id=\"ebshdaoQcSZ\" data-wc=\"138\">El nuevo disco del artista catal\u00e1n, cuya voz es la banda sonora de diferentes generaciones, llega en una etapa marcada por la serenidad y la tranquilidad. \u00abLlevo vida de pueblo. Vivi en Madrid, una ciudad que me lo ha dado todo y en la que he sido muy feliz, pero <strong>volv\u00ed a mi tierra y ahora soy Josep, el vecino.<\/strong> Ya veraneaba por all\u00ed, donde soy Josep y no Sergio Dalma. Eso me ayuda a desconectar\u00bb, ha confesado el int\u00e9rprete de\u00a0Bailar pegados y Esa chica es m\u00eda, que siempre se ha esforzado para que \u00abprevalezca m\u00e1s la persona que el artista\u00bb. Tambi\u00e9n sus padres han sido clave para que no dejara de tener los pies en la tierra y ha apostado por rodearse siempre de un equipo que le recuerde que el \u00e9xito no puede hacerle cambiar.<\/p>\n<p> <img src=\"https:\/\/www.europesays.com\/es\/wp-content\/uploads\/2025\/11\/e565ce00d03d-dalma1.jpg\"   width=\"1024\" height=\"576\" loading=\"lazy\" decoding=\"async\" alt=\"El cantante en 'Y ahora Sonsoles'\" fetchpriority=\"auto\" class=\"image ho-image\"\/>\u00a9 Antena3El cantante en &#8216;Y ahora Sonsoles&#8217;<br \/>\nSu faceta de abuelo, una de las mejores experiencias de su vida<\/p>\n<p id=\"evXUtwqLu43\" data-wc=\"80\">Cuando no est\u00e1 trabajando, el que fuera representante de Espa\u00f1a en Eurovision disfruta de placeres sencillos y tareas cotidianas como ir a comprar al mercado. Pero<strong>\u00a0lo que m\u00e1s le gusta es disfrutar de uno de los grandes regalos que le ha hecho la vida:\u00a0<\/strong><a class=\"hm-link ho-link\" href=\"https:\/\/www.hola.com\/actualidad\/20231128244281\/sergio-dalma-abuelo\/\" data-mrf-recirculation=\"article-body-link\" rel=\"nofollow noopener\" target=\"_blank\">ser abuelo<\/a>. \u00abSergi es el mejor disco que he hecho\u00bb, ha dicho de su nieto de dos a\u00f1os. El ni\u00f1o es hijo Sergi Capdevila, el hijo que el cantante tuvo con la modelo Maribel Sanz.\u00a0<\/p>\n<p id=\"eNeSpV0-DwX\" data-wc=\"127\">\u00abMe llama abi o bi, porque no lo sabe decir. Me hace muy feliz ser abuelo. He intentado en cada etapa ser feliz: fui padre, ahora que soy abuelo&#8230; Es de esas cosas por las que dices, vale la pena la vida que te da estos regalos\u00bb, ha confesado el cantante, que lleva fotos del peque\u00f1o en su m\u00f3vil y las ense\u00f1a siempre que le preguntan por \u00e9l. La adoraci\u00f3n que siente por su nieto es mutua, ya que cuando hacen videollamadas \u00abse abraza al tel\u00e9fono\u00bb. Ahora que tiene m\u00e1s presencia p\u00fablica, Sergi tambi\u00e9n se pone muy contento al verle en todos lados: <strong>\u00abEl otro d\u00eda que sal\u00ed en el programa de Pablo -se refiere a El Hormiguero- se volv\u00eda loco, dec\u00eda abi y abrazaba la televisi\u00f3n\u00bb.<\/strong><\/p>\n","protected":false},"excerpt":{"rendered":"De ni\u00f1o le encantaba escuchar canciones italianas en el tocadiscos port\u00e1til que le regalaron. Lo que no pod\u00eda&hellip;\n","protected":false},"author":2,"featured_media":243979,"comment_status":"","ping_status":"","sticky":false,"template":"","format":"standard","meta":{"footnotes":""},"categories":[174],"tags":[517,255,146,147,25,24,256,46286,23,807],"class_list":{"0":"post-243978","1":"post","2":"type-post","3":"status-publish","4":"format-standard","5":"has-post-thumbnail","7":"category-famosos","8":"tag-actualidad","9":"tag-celebrities","10":"tag-entertainment","11":"tag-entretenimiento","12":"tag-es","13":"tag-espana","14":"tag-famosos","15":"tag-sergio-dalma","16":"tag-spain","17":"tag-television"},"share_on_mastodon":{"url":"https:\/\/pubeurope.com\/@es\/115574715487508511","error":""},"_links":{"self":[{"href":"https:\/\/www.europesays.com\/es\/wp-json\/wp\/v2\/posts\/243978","targetHints":{"allow":["GET"]}}],"collection":[{"href":"https:\/\/www.europesays.com\/es\/wp-json\/wp\/v2\/posts"}],"about":[{"href":"https:\/\/www.europesays.com\/es\/wp-json\/wp\/v2\/types\/post"}],"author":[{"embeddable":true,"href":"https:\/\/www.europesays.com\/es\/wp-json\/wp\/v2\/users\/2"}],"replies":[{"embeddable":true,"href":"https:\/\/www.europesays.com\/es\/wp-json\/wp\/v2\/comments?post=243978"}],"version-history":[{"count":0,"href":"https:\/\/www.europesays.com\/es\/wp-json\/wp\/v2\/posts\/243978\/revisions"}],"wp:featuredmedia":[{"embeddable":true,"href":"https:\/\/www.europesays.com\/es\/wp-json\/wp\/v2\/media\/243979"}],"wp:attachment":[{"href":"https:\/\/www.europesays.com\/es\/wp-json\/wp\/v2\/media?parent=243978"}],"wp:term":[{"taxonomy":"category","embeddable":true,"href":"https:\/\/www.europesays.com\/es\/wp-json\/wp\/v2\/categories?post=243978"},{"taxonomy":"post_tag","embeddable":true,"href":"https:\/\/www.europesays.com\/es\/wp-json\/wp\/v2\/tags?post=243978"}],"curies":[{"name":"wp","href":"https:\/\/api.w.org\/{rel}","templated":true}]}}