{"id":243982,"date":"2025-11-19T05:32:09","date_gmt":"2025-11-19T05:32:09","guid":{"rendered":"https:\/\/www.europesays.com\/es\/243982\/"},"modified":"2025-11-19T05:32:09","modified_gmt":"2025-11-19T05:32:09","slug":"un-grammy-latino-con-sabor-menorquin","status":"publish","type":"post","link":"https:\/\/www.europesays.com\/es\/243982\/","title":{"rendered":"Un Grammy Latino con sabor menorqu\u00edn"},"content":{"rendered":"<p>El cuarteto de m\u00fasica popular espa\u00f1ola <strong><a href=\"https:\/\/www.menorca.info\/etiqueta\/Las+Migas.html?utm_source=Inline-tag&amp;utm_medium=internal\" rel=\"nofollow noopener\" target=\"_blank\">Las Migas<\/a> se hizo en la madrugada del pasado viernes con el Grammy Latino 2025 al Mejor \u00c1lbum de M\u00fasica Flamenca<\/strong> gracias a \u00abFlamencas\u00bb, su trabajo discogr\u00e1fico que fue concebido hace unos meses en <strong>Menorca, isla en la que residen desde hace cinco a\u00f1os la l\u00edder<\/strong>, compositora y productora del grupo Marta Robles y su pareja el tambi\u00e9n productor y contrabajo Oriol Riart.<\/p>\n<p>Se trata del s<strong>egundo Grammy Latino que obtiene Las Migas,<\/strong> puesto que en la edici\u00f3n celebrado el 2022 ya consiguieron el prestigioso galard\u00f3n con el \u00e1lbum \u00abLibres\u00bb, que precisamente iniciaba una trilog\u00eda que continu\u00f3 con \u00abRumberas\u00bb y que este a\u00f1o ha finalizado de forma tan exitosa con \u00abFlamencas\u00bb. En este sentido, <strong>Marta Robles se\u00f1ala que \u00abel disco galardonado sali\u00f3 al mercado el pasado mes de mayo y con \u00e9l quisimos cerrar el c\u00edrculo iniciado hace tres a\u00f1os con \u2018Libres\u2019,<\/strong> ahora con \u2018Flamencas\u2019 quer\u00edamos como volver a nuestros principios cuando busc\u00e1bamos m\u00e1s dentro del flamenco, una m\u00fasica m\u00e1s dentro de lo tradicional, m\u00e1s mediterr\u00e1nea, m\u00e1s folcl\u00f3rica, m\u00e1s flamenca\u00bb.<\/p>\n<p>Gala en Las Vegas<\/p>\n<p>Robles afirma que en un principio la intenci\u00f3n del grupo no era asistir a la gala de entrega de los <a href=\"https:\/\/www.menorca.info\/etiqueta\/Premios+Grammy.html?utm_source=Inline-tag&amp;utm_medium=internal\" rel=\"nofollow noopener\" target=\"_blank\">premios Grammy<\/a> Latinos, que se celebraron en la ciudad estadounidense de Las Vegas, puesto que, a pesar de la nominaci\u00f3n como candidatas, no pens\u00f3 que volver\u00eda a repetirse el triunfo protagonizado tres a\u00f1os atr\u00e1s.<strong> \u00abYa me pareci\u00f3 incre\u00edble grabar el disco \u2018Flamencas\u2019 en tan poco tiempo y cuando nos nominaron fue un aut\u00e9ntico subid\u00f3n<\/strong>. Pens\u00e9 en no ir a la gala porque no cre\u00eda que \u00edbamos a ganar, bueno siempre es un poco lo mismo. Al final me convencieron, me dijeron que ten\u00edamos que ir, que era muy importante y al final fuimos\u00bb, se\u00f1ala.<\/p>\n<p><img loading=\"lazy\" decoding=\"async\" src=\"https:\/\/www.europesays.com\/es\/wp-content\/uploads\/2025\/11\/3563435.jpg\" border=\"0\" alt=\"\" width=\"1200\" height=\"800\"\/>&#13;<br \/>\nMarta Robles, acompa\u00f1ada del resto del grupo y productores, se dirige al p\u00fablico durante la gala de entrega de los premios Grammy Latinos en el que anim\u00f3 a las j\u00f3venes a estudiar m\u00fasica y tambi\u00e9n a trabajar con pasi\u00f3n para cumplir sus sue\u00f1os.&#13;<\/p>\n<p>Robles recuerda emocionada el momento que fue pronunciado el nombre del grupo como ganador del galard\u00f3n, \u00abimag\u00ednese usted el salto que pegamos cuando fuimos las ganadoras. En 2022, cuando obtuvimos el otro Grammy Latino, est\u00e1bamos en casa, no fuimos a la gala, <strong>no es lo mismo vivirlos en tu casa que en Las Vegas,<\/strong> ah\u00ed, en directo, es que yo casi llego al techo con el salto que he pegado\u00bb.<\/p>\n<p>Junto con <strong>Marta Robles y Oriol Riart<\/strong> tambi\u00e9n viajaron a Las Vegas el resto de integrantes del grupo: <strong>Paula Ram\u00edrez (voz), Alicia Grillo (guitarra) y Laura Pacios (viol\u00edn)<\/strong>, que han aportado su profesionalidad para la consecuci\u00f3n de este segundo galard\u00f3n internacional, adem\u00e1s de la participaci\u00f3n del productor Sebasti\u00e1n Merl\u00edn. Precisamente, Robles tiene palabras de admiraci\u00f3n hacia sus compa\u00f1eras de cuarteto y el trabajo realizado para alcanzar el \u00e9xito. \u00abLos que m\u00e1s me invadi\u00f3, no s\u00e9 si fue lo primero o durante toda la gala, fue la alegr\u00eda que me daba por mis compa\u00f1eras, porque yo soy una persona muy insistente, muy trabajadora, muy obsesiva, a ellas las tengo todo el d\u00eda hay que hace eso, hay que hacer aquello\u2026 Un momento as\u00ed para m\u00ed fue un regalo para nosotras mismas, decir qu\u00e9 bien, en el fondo siento que nos merecemos un reconocimiento as\u00ed. <strong>Las Migas somos muchas cosas, pero la que m\u00e1s es ser gente muy trabajadora<\/strong>, no es que hayamos tenido una suerte con el premio, no, hemos currado, les estoy tan agradecidas a ellas y al equipo de gente que trabaja conmigo porque les doy tanta ca\u00f1a a todos&#8230;\u00bb, insiste.<\/p>\n<p>Robles tambi\u00e9n insiste en el mensaje de apoyo a las j\u00f3venes que estudian m\u00fasica y que transmiti\u00f3 al p\u00fablico tras la obtenci\u00f3n del premio. <strong>\u00abEl discurso que pronunci\u00e9 lo dediqu\u00e9 a las ni\u00f1as que estudian m\u00fasica<\/strong>, que a veces no se dedican a ello porque ven que despu\u00e9s no se les da la oportunidad, que sigan sus sue\u00f1os, fue muy bonito porque el discurso se hizo medio viral, dije ten\u00e9is que estudiar m\u00fasica y luego dedicaros a la m\u00fasica y eso parece como que ha calado mucho\u00bb, subraya.<\/p>\n<p>        El apunte        <\/p>\n<p>                        Menorca como inspiraci\u00f3n y ma\u00f1ana concierto en Barcelona<\/p>\n","protected":false},"excerpt":{"rendered":"El cuarteto de m\u00fasica popular espa\u00f1ola Las Migas se hizo en la madrugada del pasado viernes con el&hellip;\n","protected":false},"author":2,"featured_media":243983,"comment_status":"","ping_status":"","sticky":false,"template":"","format":"standard","meta":{"footnotes":""},"categories":[170],"tags":[209,146,147,25,24,62543,184,185,11496,23],"class_list":{"0":"post-243982","1":"post","2":"type-post","3":"status-publish","4":"format-standard","5":"has-post-thumbnail","7":"category-musica","8":"tag-cultura","9":"tag-entertainment","10":"tag-entretenimiento","11":"tag-es","12":"tag-espana","13":"tag-las-migas","14":"tag-music","15":"tag-musica","16":"tag-premios-grammy","17":"tag-spain"},"share_on_mastodon":{"url":"https:\/\/pubeurope.com\/@es\/115574731823631611","error":""},"_links":{"self":[{"href":"https:\/\/www.europesays.com\/es\/wp-json\/wp\/v2\/posts\/243982","targetHints":{"allow":["GET"]}}],"collection":[{"href":"https:\/\/www.europesays.com\/es\/wp-json\/wp\/v2\/posts"}],"about":[{"href":"https:\/\/www.europesays.com\/es\/wp-json\/wp\/v2\/types\/post"}],"author":[{"embeddable":true,"href":"https:\/\/www.europesays.com\/es\/wp-json\/wp\/v2\/users\/2"}],"replies":[{"embeddable":true,"href":"https:\/\/www.europesays.com\/es\/wp-json\/wp\/v2\/comments?post=243982"}],"version-history":[{"count":0,"href":"https:\/\/www.europesays.com\/es\/wp-json\/wp\/v2\/posts\/243982\/revisions"}],"wp:featuredmedia":[{"embeddable":true,"href":"https:\/\/www.europesays.com\/es\/wp-json\/wp\/v2\/media\/243983"}],"wp:attachment":[{"href":"https:\/\/www.europesays.com\/es\/wp-json\/wp\/v2\/media?parent=243982"}],"wp:term":[{"taxonomy":"category","embeddable":true,"href":"https:\/\/www.europesays.com\/es\/wp-json\/wp\/v2\/categories?post=243982"},{"taxonomy":"post_tag","embeddable":true,"href":"https:\/\/www.europesays.com\/es\/wp-json\/wp\/v2\/tags?post=243982"}],"curies":[{"name":"wp","href":"https:\/\/api.w.org\/{rel}","templated":true}]}}