{"id":243988,"date":"2025-11-19T05:35:09","date_gmt":"2025-11-19T05:35:09","guid":{"rendered":"https:\/\/www.europesays.com\/es\/243988\/"},"modified":"2025-11-19T05:35:09","modified_gmt":"2025-11-19T05:35:09","slug":"salut-preve-que-el-pico-de-la-gripe-se-adelantara-a-mediados-de-diciembre","status":"publish","type":"post","link":"https:\/\/www.europesays.com\/es\/243988\/","title":{"rendered":"Salut prev\u00e9 que el pico de la gripe se adelantar\u00e1 a mediados de diciembre"},"content":{"rendered":"<p data-gtm-element-container=\"modulo-texto-link\" class=\"paragraph\">El departament de Salut prev\u00e9 que el pico de la epidemia de gripe se adelante esta temporada a mediados de diciembre, seg\u00fan inform\u00f3 ayer Esteve Fern\u00e1ndez, secretario de Salut P\u00fablica de la Generalitat, en una conversaci\u00f3n con La Vanguardia . Por lo tanto, el pico de contagios coincidir\u00eda con las tradicionales comidas y cenas navide\u00f1as de amigos y empresas.<\/p>\n<p data-gtm-element-container=\"modulo-texto-link\" class=\"paragraph\">La previsi\u00f3n se basa en que la curva de contagios de gripe, que sigue un patr\u00f3n similar a\u00f1o tras a\u00f1o, est\u00e1 subiendo este a\u00f1o con unas cuatro semanas de antelaci\u00f3n respecto a las dos temporadas anteriores. El aumento coincide con la expansi\u00f3n en el hemisferio norte de la nueva variante K del virus A(H3N2) de la gripe, que est\u00e1 provocando un repunte precoz de contagios en gran parte de Europa, Asia y Norteam\u00e9rica.<\/p>\n<p>        Lee tambi\u00e9n<\/p>\n<p>    Josep Corbella<\/p>\n<p>             <img loading=\"lazy\" decoding=\"async\" data-full-src=\"https:\/\/www.lavanguardia.com\/uploads\/2024\/01\/08\/659c23b05fcef.jpeg\" alt=\"Part\u00edculas del virus de la gripe en falso color en que se aprecian las prote\u00ednas de superficie hemaglutinina (rojas) y neuraminidasa (azules)\" width=\"104\" height=\"108\" src=\"https:\/\/www.europesays.com\/es\/wp-content\/uploads\/2025\/11\/659c23b05fcef.r_d.3623-2415.jpeg\" class=\"lazy\"\/><\/p>\n<p data-gtm-element-container=\"modulo-texto-link\" class=\"paragraph\">Estas cuatro semanas de adelanto hacen prever que la incidencia de gripe llegar\u00e1 a mediados de diciembre a un nivel similar al que en a\u00f1os anteriores se ha dado a mediados de enero, que es la \u00e9poca en que suele llegar el pico de la epidemia.  Es imprevisible en este momento si en la segunda mitad de diciembre los contagios continuar\u00e1n subiendo azuzados por la nueva variante K, y si la epidemia ser\u00e1 m\u00e1s larga y afectar\u00e1 a m\u00e1s gente que en a\u00f1os anteriores.<\/p>\n<p data-gtm-element-container=\"modulo-texto-link\" class=\"paragraph\">Datos preliminares del Reino Unido indican que la vacuna de la gripe de este a\u00f1o previene las complicaciones graves que pueda causar la variante K. Reduce el riesgo de tener que ir al hospital en torno a un 70-75% en ni\u00f1os y un 30-40% en adultos, seg\u00fan un estudio de la Agencia de Salut P\u00fablica del Reino Unido difundido online como prepublicaci\u00f3n.<\/p>\n<p>Conviene vacunarse en los pr\u00f3ximos d\u00edas para adquirir inmunidad antes de que se disparen los contagios en diciembre, seg\u00fan Salut P\u00fablica<\/p>\n<p data-gtm-element-container=\"modulo-texto-link\" class=\"paragraph\">\u201cEl virus H3N2 suele asociarse a una mayor incidencia de casos graves en personas de edad avanzada o riesgo elevado que otros virus de la gripe\u201d, advierte el epidemi\u00f3logo Antoni Trilla, del hospital Cl\u00ednic. Por ello, aconseja a las personas vulnerables a la gripe que se vacunen si a\u00fan no lo han hecho para prevenir complicaciones por la variante K.\u00a0<\/p>\n<p data-gtm-element-container=\"modulo-texto-link\" class=\"paragraph\">Dado que hacen falta dos semanas para desarrollar protecci\u00f3n inmunitaria tras la vacunaci\u00f3n, \u201ces conveniente vacunarse en los pr\u00f3ximos d\u00edas para adquirir inmunidad a tiempo\u201d antes de que se disparen los contagios en diciembre, declara Esteve Fern\u00e1ndez, secretario de Salut P\u00fablica.<\/p>\n<p>El virus H3N2 suele asociarse a una mayor incidencia de casos graves en personas vulnerables que otros virus de la gripe<\/p>\n<p data-gtm-element-container=\"modulo-texto-link\" class=\"paragraph\">Por el contrario, es dudoso que la vacuna actual, que se dise\u00f1\u00f3 para proteger contra los virus que circulaban el a\u00f1o pasado, ofrezca una buena protecci\u00f3n frente a los contagios por la variante K. El hecho de que esta variante se est\u00e9 expandiendo desde principios de oto\u00f1o en todo el hemisferio norte sugiere que la inmunidad adquirida frente a variantes anteriores del virus A(H3N2) no es suficiente para contener los contagios, y por lo tanto es probable que la inmunidad adquirida con la vacuna tampoco lo sea.<\/p>\n<p data-gtm-element-container=\"modulo-texto-link\" class=\"paragraph\">Seg\u00fan los \u00faltimos datos publicados ayer por el departament de Salut, la incidencia de la gripe ya est\u00e1 al alza en Catalunya en todos los grupos de edad. El m\u00e1s afectado es el de 0-4 a\u00f1os, donde los casos han aumentado un 40% en la semana y se sit\u00faan en 77 diagn\u00f3sticos semanales por 100.000 habitantes. El grupo de edad que sube m\u00e1s r\u00e1pido es el de 5-14 a\u00f1os, con un aumento del 89% y una incidencia de 67 diagn\u00f3sticos por 100.000 habitantes. \u201cLos ni\u00f1os suelen infectarse antes que otros grupos de edad y acelerar la epidemia de gripe al contactar despu\u00e9s con adultos\u201d, recuerda Antoni Trilla<\/p>\n","protected":false},"excerpt":{"rendered":"El departament de Salut prev\u00e9 que el pico de la epidemia de gripe se adelante esta temporada a&hellip;\n","protected":false},"author":2,"featured_media":243989,"comment_status":"","ping_status":"","sticky":false,"template":"","format":"standard","meta":{"footnotes":""},"categories":[92],"tags":[25,24,165,166,23],"class_list":{"0":"post-243988","1":"post","2":"type-post","3":"status-publish","4":"format-standard","5":"has-post-thumbnail","7":"category-salud","8":"tag-es","9":"tag-espana","10":"tag-health","11":"tag-salud","12":"tag-spain"},"share_on_mastodon":{"url":"https:\/\/pubeurope.com\/@es\/115574743227223201","error":""},"_links":{"self":[{"href":"https:\/\/www.europesays.com\/es\/wp-json\/wp\/v2\/posts\/243988","targetHints":{"allow":["GET"]}}],"collection":[{"href":"https:\/\/www.europesays.com\/es\/wp-json\/wp\/v2\/posts"}],"about":[{"href":"https:\/\/www.europesays.com\/es\/wp-json\/wp\/v2\/types\/post"}],"author":[{"embeddable":true,"href":"https:\/\/www.europesays.com\/es\/wp-json\/wp\/v2\/users\/2"}],"replies":[{"embeddable":true,"href":"https:\/\/www.europesays.com\/es\/wp-json\/wp\/v2\/comments?post=243988"}],"version-history":[{"count":0,"href":"https:\/\/www.europesays.com\/es\/wp-json\/wp\/v2\/posts\/243988\/revisions"}],"wp:featuredmedia":[{"embeddable":true,"href":"https:\/\/www.europesays.com\/es\/wp-json\/wp\/v2\/media\/243989"}],"wp:attachment":[{"href":"https:\/\/www.europesays.com\/es\/wp-json\/wp\/v2\/media?parent=243988"}],"wp:term":[{"taxonomy":"category","embeddable":true,"href":"https:\/\/www.europesays.com\/es\/wp-json\/wp\/v2\/categories?post=243988"},{"taxonomy":"post_tag","embeddable":true,"href":"https:\/\/www.europesays.com\/es\/wp-json\/wp\/v2\/tags?post=243988"}],"curies":[{"name":"wp","href":"https:\/\/api.w.org\/{rel}","templated":true}]}}