{"id":244006,"date":"2025-11-19T05:54:21","date_gmt":"2025-11-19T05:54:21","guid":{"rendered":"https:\/\/www.europesays.com\/es\/244006\/"},"modified":"2025-11-19T05:54:21","modified_gmt":"2025-11-19T05:54:21","slug":"guille-toledano-se-salva-en-ot-con-un-67-de-los-votos-tras-emocionar-con-stars-de-simply-red-nuevaalcarria","status":"publish","type":"post","link":"https:\/\/www.europesays.com\/es\/244006\/","title":{"rendered":"Guille Toledano se salva en OT con un 67% de los votos tras emocionar con \u201cStars\u201d de Simply Red | NuevaAlcarria"},"content":{"rendered":"<p data-end=\"888\" data-start=\"511\">Guille Toledano, vecino de la provincia de Guadalajara, vivi\u00f3 este lunes una de sus noches m\u00e1s decisivas en <strong data-end=\"647\" data-start=\"621\">Operaci\u00f3n Triunfo 2025<\/strong>: logr\u00f3 salvarse de la nominaci\u00f3n con un rotundo <strong data-end=\"716\" data-start=\"696\">67% de los votos<\/strong>, tras interpretar una emotiva versi\u00f3n de <strong data-end=\"769\" data-start=\"758\">\u201cStars\u201d<\/strong>, de Simply Red. Una actuaci\u00f3n que abri\u00f3 la gala y que termin\u00f3 convirti\u00e9ndose en una de las m\u00e1s comentadas de la noche.<\/p>\n<p data-end=\"1194\" data-start=\"890\">Guille se enfrentaba a la tambi\u00e9n nominada <strong data-end=\"1014\" data-start=\"998\">Luc\u00eda Casani<\/strong>, que defendi\u00f3 su continuidad con \u201cFue tan poco tu cari\u00f1o\u201d. Ambos inauguraron la gala como los dos concursantes en peligro, pero finalmente fue Toledano quien conquist\u00f3 al p\u00fablico.<\/p>\n<p data-end=\"1232\" data-start=\"1196\"><strong data-end=\"1232\" data-start=\"1200\">Una provincia volcada con \u00e9l<\/strong><\/p>\n<p data-end=\"1661\" data-start=\"1234\">La movilizaci\u00f3n para salvar a Guille ha sido <strong data-end=\"1344\" data-start=\"1319\">masiva en Guadalajara<\/strong>. Sus familiares y amigos han colaborado a ello, as\u00ed como\u00a0Nueva Alcarria, que public\u00f3 una llamada al voto invitando a la ciudadan\u00eda a apoyar al joven cantante. Las reacciones no se hicieron esperar: vecinos, seguidores y colectivos locales han difundido su candidatura por redes sociales, generando una ola de apoyo que se ha visto reflejada en las votaciones.<\/p>\n<p data-end=\"1712\" data-start=\"1663\">En la misma gala, el guadalajare\u00f1o <strong data-end=\"2377\" data-start=\"2309\">no estuvo entre los cuatro candidatos del jurado a la nominaci\u00f3n<\/strong>, por lo que se asegura una semana m\u00e1s en OT. Guille cada vez est\u00e1 m\u00e1s cerca de la final, para la que quedan un par de programas.<\/p>\n<p data-end=\"2541\" data-start=\"2494\">Esta salvaci\u00f3n marca un antes y un despu\u00e9s para Guille Toledano en el concurso. Su permanencia no solo confirma el respaldo del p\u00fablico, sino que demuestra que su estilo, sensibilidad y honestidad art\u00edstica est\u00e1n calando entre los espectadores.<\/p>\n","protected":false},"excerpt":{"rendered":"Guille Toledano, vecino de la provincia de Guadalajara, vivi\u00f3 este lunes una de sus noches m\u00e1s decisivas en&hellip;\n","protected":false},"author":2,"featured_media":244007,"comment_status":"","ping_status":"","sticky":false,"template":"","format":"standard","meta":{"footnotes":""},"categories":[171],"tags":[442,50908,2884,4023,146,147,25,24,439,62547,441,62548,185,16903,443,440,222,221,52526,23,214],"class_list":{"0":"post-244006","1":"post","2":"type-post","3":"status-publish","4":"format-standard","5":"has-post-thumbnail","7":"category-tv","8":"tag-actualidad-guadalajara","9":"tag-cabanillas","10":"tag-concursante","11":"tag-concurso","12":"tag-entertainment","13":"tag-entretenimiento","14":"tag-es","15":"tag-espana","16":"tag-guadalajara","17":"tag-guille-toledano","18":"tag-informacion-guadalajara","19":"tag-lucia-casani","20":"tag-musica","21":"tag-nominado","22":"tag-noticias-guadalajara","23":"tag-nueva-alcarria","24":"tag-operacion-triunfo","25":"tag-ot","26":"tag-salvado","27":"tag-spain","28":"tag-tv"},"share_on_mastodon":{"url":"https:\/\/pubeurope.com\/@es\/115574818056411996","error":""},"_links":{"self":[{"href":"https:\/\/www.europesays.com\/es\/wp-json\/wp\/v2\/posts\/244006","targetHints":{"allow":["GET"]}}],"collection":[{"href":"https:\/\/www.europesays.com\/es\/wp-json\/wp\/v2\/posts"}],"about":[{"href":"https:\/\/www.europesays.com\/es\/wp-json\/wp\/v2\/types\/post"}],"author":[{"embeddable":true,"href":"https:\/\/www.europesays.com\/es\/wp-json\/wp\/v2\/users\/2"}],"replies":[{"embeddable":true,"href":"https:\/\/www.europesays.com\/es\/wp-json\/wp\/v2\/comments?post=244006"}],"version-history":[{"count":0,"href":"https:\/\/www.europesays.com\/es\/wp-json\/wp\/v2\/posts\/244006\/revisions"}],"wp:featuredmedia":[{"embeddable":true,"href":"https:\/\/www.europesays.com\/es\/wp-json\/wp\/v2\/media\/244007"}],"wp:attachment":[{"href":"https:\/\/www.europesays.com\/es\/wp-json\/wp\/v2\/media?parent=244006"}],"wp:term":[{"taxonomy":"category","embeddable":true,"href":"https:\/\/www.europesays.com\/es\/wp-json\/wp\/v2\/categories?post=244006"},{"taxonomy":"post_tag","embeddable":true,"href":"https:\/\/www.europesays.com\/es\/wp-json\/wp\/v2\/tags?post=244006"}],"curies":[{"name":"wp","href":"https:\/\/api.w.org\/{rel}","templated":true}]}}