{"id":244024,"date":"2025-11-19T06:03:08","date_gmt":"2025-11-19T06:03:08","guid":{"rendered":"https:\/\/www.europesays.com\/es\/244024\/"},"modified":"2025-11-19T06:03:08","modified_gmt":"2025-11-19T06:03:08","slug":"acumulados-significativos-de-nieve-en-montanas-del-norte","status":"publish","type":"post","link":"https:\/\/www.europesays.com\/es\/244024\/","title":{"rendered":"Acumulados significativos de nieve en monta\u00f1as del norte"},"content":{"rendered":"<p>Este mi\u00e9rcoles estar\u00e1 marcado por la entrada de un <strong>frente de aire fr\u00edo por el norte del pa\u00eds<\/strong>, que acompa\u00f1a a la lengua, tambi\u00e9n de aire fr\u00edo, de origen \u00e1rtico que ya golpea el pa\u00eds. Ambos dejar\u00e1n <strong>un d\u00eda plenamente invernal<\/strong>, sobre todo en el tercio norte peninsular y especialmente notorio en la fachada cant\u00e1brica.<\/p>\n<p>All\u00ed habr\u00e1 <strong>lluvias intermitentes<\/strong>, sobre todo en las \u00e1reas del Cant\u00e1brico, y <strong>nevadas,<\/strong> que van a empezar a descargar a partir de los 1300 metros de altitud en el entorno de la Cordillera Cant\u00e1brica. Una cota que tambi\u00e9n bajar\u00e1 a \u00faltimas horas del d\u00eda hasta los mil metros en puntos del Pirineo y de la Ib\u00e9rica m\u00e1s occidental. <\/p>\n<p>Mapa del pron\u00f3stico del tiempo este mi\u00e9rcoles en Espa\u00f1a\u00a0RTVE<\/p>\n<p>La Agencia Estatal de Meteorolog\u00eda destaca \u00abacumulados significativos de nieve en monta\u00f1as del norte a \u00faltimas horas\u00bb.<\/p>\n<p>Habr\u00e1 chubascos en Baleares, algo m\u00e1s d\u00e9biles en Canarias y la presencia de <strong>nubes altas <\/strong>en el resto de Espa\u00f1a, que dejar\u00e1 cielos enmara\u00f1ados. <\/p>\n<p>M\u00e1ximas en descenso<\/p>\n<p>Las m<strong>\u00e1ximas van a seguir bajando <\/strong>de forma suave en buena parte del pa\u00eds, con valores muy bajos incluso a mediod\u00eda. Segovia no superar\u00e1 los ocho grados ni \u00c1vila de los nueve. Mientras, buena parte del sur peninsular podr\u00e1 gozar de unas m\u00e1ximas de 20.<\/p>\n<p>Mapa de las temperaturas m\u00e1ximas este mi\u00e9rcoles en Espa\u00f1a\u00a0RTVE<\/p>\n<p>El Cant\u00e1brico oriental y alto Ebro s\u00ed notar\u00e1n un aumento de las temperaturas m\u00e1ximas, predominando los descensos en el resto del tercio norte peninsular, meseta e Ib\u00e9rica Sur y extremo oeste.<\/p>\n<p>*Sigue las \u00faltimas noticias sobre El tiempo y la previsi\u00f3n meteorol\u00f3gica en <a href=\"https:\/\/www.rtve.es\/eltiempo\/\" rel=\"nofollow noopener\" target=\"_blank\">RTVE.es<\/a><\/p>\n","protected":false},"excerpt":{"rendered":"Este mi\u00e9rcoles estar\u00e1 marcado por la entrada de un frente de aire fr\u00edo por el norte del pa\u00eds,&hellip;\n","protected":false},"author":2,"featured_media":244025,"comment_status":"","ping_status":"","sticky":false,"template":"","format":"standard","meta":{"footnotes":""},"categories":[8],"tags":[17,18,25,24,13,14,11,19,20,9,10,15,16,23,12,21,22],"class_list":{"0":"post-244024","1":"post","2":"type-post","3":"status-publish","4":"format-standard","5":"has-post-thumbnail","7":"category-espana","8":"tag-breaking-news","9":"tag-breakingnews","10":"tag-es","11":"tag-espana","12":"tag-featured-news","13":"tag-featurednews","14":"tag-headlines","15":"tag-latest-news","16":"tag-latestnews","17":"tag-news","18":"tag-noticias","19":"tag-noticias-destacadas","20":"tag-noticiasdestacadas","21":"tag-spain","22":"tag-titulares","23":"tag-ultimas-noticias","24":"tag-ultimasnoticias"},"share_on_mastodon":{"url":"https:\/\/pubeurope.com\/@es\/115574853083932560","error":""},"_links":{"self":[{"href":"https:\/\/www.europesays.com\/es\/wp-json\/wp\/v2\/posts\/244024","targetHints":{"allow":["GET"]}}],"collection":[{"href":"https:\/\/www.europesays.com\/es\/wp-json\/wp\/v2\/posts"}],"about":[{"href":"https:\/\/www.europesays.com\/es\/wp-json\/wp\/v2\/types\/post"}],"author":[{"embeddable":true,"href":"https:\/\/www.europesays.com\/es\/wp-json\/wp\/v2\/users\/2"}],"replies":[{"embeddable":true,"href":"https:\/\/www.europesays.com\/es\/wp-json\/wp\/v2\/comments?post=244024"}],"version-history":[{"count":0,"href":"https:\/\/www.europesays.com\/es\/wp-json\/wp\/v2\/posts\/244024\/revisions"}],"wp:featuredmedia":[{"embeddable":true,"href":"https:\/\/www.europesays.com\/es\/wp-json\/wp\/v2\/media\/244025"}],"wp:attachment":[{"href":"https:\/\/www.europesays.com\/es\/wp-json\/wp\/v2\/media?parent=244024"}],"wp:term":[{"taxonomy":"category","embeddable":true,"href":"https:\/\/www.europesays.com\/es\/wp-json\/wp\/v2\/categories?post=244024"},{"taxonomy":"post_tag","embeddable":true,"href":"https:\/\/www.europesays.com\/es\/wp-json\/wp\/v2\/tags?post=244024"}],"curies":[{"name":"wp","href":"https:\/\/api.w.org\/{rel}","templated":true}]}}