{"id":244026,"date":"2025-11-19T06:09:10","date_gmt":"2025-11-19T06:09:10","guid":{"rendered":"https:\/\/www.europesays.com\/es\/244026\/"},"modified":"2025-11-19T06:09:10","modified_gmt":"2025-11-19T06:09:10","slug":"berdych-exhibiciones-o-persigues-el-dinero-o-persigues-los-grandes","status":"publish","type":"post","link":"https:\/\/www.europesays.com\/es\/244026\/","title":{"rendered":"Berdych: \u201c\u00bfExhibiciones? O persigues el dinero o persigues los grandes\u00bb"},"content":{"rendered":"<p class=\"\">En su primer curso como capit\u00e1n, <b>Tomas Berdych <\/b>(Valasske Mezirici, 40 a\u00f1os) lidera a una <b>selecci\u00f3n checa joven<\/b>, pero que probablemente sea la m\u00e1s completa y potente de la <a href=\"https:\/\/as.com\/tenis\/copa_davis\/\" target=\"_blank\" rel=\"noreferrer nofollow noopener\" title=\"https:\/\/as.com\/tenis\/copa_davis\/\">Final a 8 de la Copa Davis<\/a>. El ex n\u00famero cuatro del mundo, semifinalista de los cuatro Grand Slams y subcampe\u00f3n de Wimbledon en 2010, cuando fue <a href=\"https:\/\/as.com\/tenis\/2010\/07\/04\/mas_tenis\/1278194401_850215.html\" target=\"_self\" rel=\"nofollow noopener\" title=\"https:\/\/as.com\/tenis\/2010\/07\/04\/mas_tenis\/1278194401_850215.html\">superado por Rafa Nadal<\/a>, es una de las voces m\u00e1s autorizadas para hablar sobre el nuevo tenis, sobre la evoluci\u00f3n del deporte en los \u00faltimos a\u00f1os. En Bolonia, donde ultima la preparaci\u00f3n de su equipo antes de <b>enfrentarse este jueves a Espa\u00f1a (10:00, M+),<\/b> Berdych, que impone con su 1,96 de altura, saluda amablemente y se sienta a hablar durante un cuarto de hora <b>con AS. <\/b><\/p>\n<p class=\"\"><b>\u00bfQu\u00e9 tal est\u00e1 su equipo?<\/b><\/p>\n<p class=\"\">Veo al equipo muy bien. Tengo mucha suerte de que todos mis chicos est\u00e9n sanos y se sientan bien, eso es muy importante. Ya hicieron una buena preparaci\u00f3n y se lo est\u00e1n pasando bien aqu\u00ed en Bolonia. Est\u00e1n jugando bien, lo cual tambi\u00e9n es algo agradable para m\u00ed de ver. Se est\u00e1n preparando, todo va seg\u00fan lo previsto, lo cual tambi\u00e9n es muy bueno.<\/p>\n<p class=\"\"><b>Dice que est\u00e1n sanos, \u00bfest\u00e1n al 100%? Porque ven\u00edan con algunas preocupaciones f\u00edsicas.<\/b><\/p>\n<p class=\"\">S\u00ed, eso fue en las \u00faltimas semanas, pero ya me reun\u00ed con los chicos en Chequia justo al comienzo de la semana pasada. Empezaron a prepararse all\u00ed, yo estuve con ellos all\u00ed y todos est\u00e1n al 100% listos. No hay ning\u00fan problema en absoluto, as\u00ed que tengo al equipo completo disponible para elegir para los partidos del jueves, ya veremos.<\/p>\n<p class=\"\"><b>La eliminatoria sin Carlos Alcaraz cambia mucho.<\/b><\/p>\n<p class=\"\">S\u00ed, cambia mucho, pero honestamente no podemos hacer absolutamente nada al respecto. As\u00ed que incluso pensar en ello es una p\u00e9rdida de energ\u00eda, para ser honesto. Estoy seguro de que <a href=\"https:\/\/as.com\/tenis\/alcaraz-anuncia-que-no-jugara-la-copa-davis-f202511-n\/\" target=\"_self\" rel=\"nofollow noopener\" title=\"https:\/\/as.com\/tenis\/alcaraz-anuncia-que-no-jugara-la-copa-davis-f202511-n\/\">\u00e9l quer\u00eda jugar<\/a>, habr\u00eda hecho todo lo posible para estar disponible. No estamos centrados en eso. Estamos tratando de centrarnos en nuestro lado, en la manera en que nos preparamos, y eso es lo m\u00e1s importante para nosotros.<\/p>\n<p class=\"\"><b>\u00bfVe a Chequia como el mejor equipo en Bolonia?<\/b><\/p>\n<p class=\"\">No, no dir\u00eda que somos favoritos. Dir\u00eda que es un proyecto a m\u00e1s largo plazo, sinceramente, porque los chicos son todos muy j\u00f3venes. Este a\u00f1o, creo que ya han logrado algo muy bonito al ganar a Estados Unidos fuera de casa, un rival muy dif\u00edcil. Y eso es una peque\u00f1a pieza del rompecabezas que necesitan ir completando. Necesitan obtener toda esa experiencia. Por supuesto, todos estar\u00edamos felices si este a\u00f1o fuera el a\u00f1o. Pero creo que quiz\u00e1 es demasiado pronto, sinceramente. Pero no digo que no sea posible. Sigue siendo tenis y estamos aqu\u00ed para eso: intentar luchar lo mejor que podamos. Pero sinceramente, mirando el cuadro, creo que probablemente los dos equipos m\u00e1s fuertes se enfrentan en primera ronda. Es lo que hay. As\u00ed que uno ser\u00e1 el ganador y espero que seamos nosotros.<\/p>\n<p class=\"\"><b>En Espa\u00f1a, en los \u00faltimos a\u00f1os, est\u00e1 habiendo algunos problemas para que los jugadores j\u00f3venes lleguen arriba. Y en su pa\u00eds ocurre lo contrario. \u00bfQu\u00e9 cree que se est\u00e1 haciendo bien?<\/b><\/p>\n<p class=\"\">Es una pregunta muy, muy complicada. Pero creo que una de las explicaciones es que, cuando miras la cantidad de torneos que tenemos en Rep\u00fablica Checa, para los ni\u00f1os peque\u00f1os que empiezan, son muchos\u2026 Creo que la cantidad de oportunidades para que los ni\u00f1os compitan unos contra otros es muy importante, sinceramente. Porque cada ni\u00f1o, si tiene un entrenador, aprender\u00e1 la t\u00e9cnica, aprender\u00e1 c\u00f3mo golpear la pelota. Pero el tenis va de competir. Y como es un deporte individual, tienes que ir realmente uno contra uno. Y la mejor manera es hacerlo jugando torneos. As\u00ed que creo que eso es algo muy \u00fanico en Chequia. Y creo que por eso somos capaces de producir jugadores. Espero que siga siendo as\u00ed porque es importante. Pero, hablando de eso, vosotros a\u00fan ten\u00e9is a Carlos (ri\u00e9ndose). As\u00ed que ya sabes lo que quiero decir. Pero s\u00ed, creo que ese es el motivo.<\/p>\n<p class=\"\"><b>Toni Nadal le mencion\u00f3 diciendo que, aparte del Big Four, hab\u00eda rivales muy fuertes en su \u00e9poca, y que hoy no ve ese tipo de clase media. \u00bfC\u00f3mo explica que haya tanta diferencia entre Carlos y Jannik y el resto?<\/b><\/p>\n<p class=\"\">Estoy totalmente de acuerdo con \u00e9l. Es un hecho. Es verdad.<\/p>\n<p class=\"\"><b>Porque usted dijo que el Big Four le empuj\u00f3 a ser mejor, y quiz\u00e1 ahora no se ve que Carlos y Jannik mejoren al resto.<\/b><\/p>\n<p class=\"\">Quiz\u00e1. Quiz\u00e1 no es lo mismo. No lo s\u00e9. Creo que ser\u00e1 cuesti\u00f3n de tiempo, porque creo que ahora s\u00ed hemos llegado realmente a un cambio de generaci\u00f3n completo. Ahora realmente vemos la nueva generaci\u00f3n del tenis. Novak todav\u00eda sigue, aunque ya no tanto en primera l\u00ednea. Para el resto es distinto. Tienen que adaptarse. Tambi\u00e9n vimos eso al principio cuando lleg\u00f3 Roger, nadie sab\u00eda qu\u00e9 hacer. Ganaba todos los Slams, todo. Fue enorme. As\u00ed que veremos. Creo que ahora es el momento en que los chicos ven que Carlos y Jannik est\u00e1n un par de pasos por delante. Y veremos si los dem\u00e1s reaccionan, si ser\u00e1n capaces de intentar alcanzarles y luchar. Pero s\u00ed, lo que dijo Toni es verdad. Estuve mirando algunas estad\u00edsticas y n\u00fameros de los partidos, y es curioso porque, el a\u00f1o pasado, Carlos termin\u00f3 tercero del mundo, y su registro fue de 54 victorias y no s\u00e9, ocho o diez derrotas (fueron 13). Y cuando miro mis a\u00f1os, cuando termin\u00e9 en el top-10, lo m\u00ednimo que tuve fueron 54 victorias. Cuando tuve 66, era el s\u00e9ptimo del mundo. As\u00ed que imagina: yo ten\u00eda como 10 victorias m\u00e1s y \u00e9l es tercero. Pero bueno, creo que ya no tiene sentido comparar porque las generaciones son demasiado nuevas. Est\u00e1n escribiendo su propio cap\u00edtulo. Eso ahora depende de ellos. Y ya est\u00e1. Nosotros ahora hacemos lo que hacemos.<\/p>\n<p class=\"\"><b>En muchos sitios se habla de que Mensik puede ser el \u201cnuevo Berdych\u201d. \u00bfEst\u00e1 de acuerdo con la comparaci\u00f3n?<\/b><\/p>\n<p class=\"\">Bueno, quiz\u00e1 veo un par de cosas que pueden ser similares, pero tambi\u00e9n veo un par que son quiz\u00e1 diferentes o quiz\u00e1 no. Son diferentes, pero en buen sentido tambi\u00e9n. Ser\u00e1 muy interesante seguir su carrera. Tuvo <a href=\"https:\/\/as.com\/tenis\/mensik-conquista-miami-y-frustra-el-titulo-numero-100-de-djokovic-n\/\" target=\"_self\" rel=\"nofollow noopener\" title=\"https:\/\/as.com\/tenis\/mensik-conquista-miami-y-frustra-el-titulo-numero-100-de-djokovic-n\/\">un gran resultado en Miami<\/a>. Luego las cosas se ralentizaron un poco, pero obviamente as\u00ed es. Es el proceso. As\u00ed que ahora creo que se vienen tiempos interesantes y emocionantes para \u00e9l. Y s\u00ed, ser\u00eda bonito. Ser\u00eda definitivamente bonito ver a alguien en ese nivel realmente alto, con buena consistencia, llegando a los cuartos de final y cosas as\u00ed. Eso ser\u00eda bonito.<\/p>\n<p class=\"\"><b>Estos d\u00edas, otra vez, el calendario es uno de los temas principales. En las Finals, gente como Jannik y Carlos dijeron que jugar la Davis cada dos a\u00f1os ser\u00eda mejor. Ustedes tambi\u00e9n ten\u00edan calendarios apretados, pero quiz\u00e1s antes no se hablaba tanto. \u00bfCree que hoy estas quejas son mayores, pero que el problema ha existido durante a\u00f1os?<\/b><\/p>\n<p class=\"\">S\u00ed, creo que hay dos cosas que est\u00e1n combinadas y yo las separar\u00eda. Empecemos con la m\u00e1s f\u00e1cil, el tema de la Copa Davis. Estoy de acuerdo. Deber\u00edamos volver al formato antiguo. En mi \u00e9poca tuvimos muchas charlas sobre qu\u00e9 nos gustaba o no de las eliminatorias de Davis. No s\u00e9 qu\u00e9 dec\u00edan los dem\u00e1s. Estoy seguro de que ninguno dec\u00eda que le gustaba este formato. Quiz\u00e1 uno o dos. Yo era de los que dec\u00edan: mantened el mismo formato. Al mejor de cinco, tres d\u00edas, y yo dec\u00eda de hacerlo cada dos a\u00f1os. As\u00ed que eso que ahora alguien propone, de \u201cdeber\u00edamos hacer eso\u201d, estuvo sobre la mesa hace cinco, siete a\u00f1os. Eso por un lado.<\/p>\n<p class=\"\">Y, por otro, respecto a la cantidad de partidos, sinceramente, no estoy de acuerdo. Creo que estamos hablando m\u00e1s de la cuenta, para ser honesto. Porque, como te dije, es muy f\u00e1cil, especialmente hoy con todas las estad\u00edsticas, seguir la cantidad de partidos que hab\u00eda hace unos a\u00f1os y compararla con ahora. Estamos viendo que los torneos se est\u00e1n alargando en el sentido de que juegas un partido al mejor de tres, tienes un d\u00eda libre, otro partido al mejor de tres. En el pasado, cuando ibas a un Masters Series o un 1.000, siendo cabeza de serie pod\u00edas jugar primera ronda contra un top-50 porque el cuadro era m\u00e1s peque\u00f1o. En esos siete d\u00edas jugabas seis partidos, \u00a1y el peor rival era un top-50! Y era d\u00eda tras d\u00eda. As\u00ed que, sinceramente, no me meter\u00eda mucho en ese tema. <\/p>\n<p class=\"\">Por \u00faltimo, est\u00e1n todas las oportunidades para los jugadores con las exhibiciones, que de nuevo, no estoy en contra. Me parece bien; los jugadores pueden hacer lo que quieran, jugar tantas exhibiciones donde quieran. Pero luego no pueden verlo como algo que compite con lo que quieren hacer. \u00bfEst\u00e1s persiguiendo el dinero o est\u00e1s persiguiendo los Slams? Es muy simple: no puedes hacerlo todo. Es imposible. As\u00ed que una cosa u otra, o intentar hacerlo cuadrar. Porque tambi\u00e9n he visto, y estoy seguro de que t\u00fa tambi\u00e9n, cuando terminaba la temporada y Rafa y Roger se fueron un mes a Sudam\u00e9rica\u2026 \u00bfHas o\u00eddo alguna vez que Rafa dijera \u201coh, estuvimos en Sudam\u00e9rica y fue muy largo\u201d? No, no lo creo. As\u00ed que creo que simplemente se habla un poco m\u00e1s de lo necesario.<\/p>\n<p class=\"\"><b>\u00bfLe sorprendi\u00f3 la ausencia de Davidovich en Espa\u00f1a?<\/b><\/p>\n<p class=\"\">No formo parte de eso. Tengo mi propio equipo de quien ocuparme. Y realmente no s\u00e9 todos los detalles de c\u00f3mo fue. As\u00ed que no estoy en posici\u00f3n de juzgar, de decir qu\u00e9 es bueno, qu\u00e9 es malo, c\u00f3mo deber\u00eda ser o no. Nosotros lo tomamos como un hecho. <a href=\"https:\/\/as.com\/tenis\/copa_davis\/ferrer-aclara-la-ausencia-de-davidovich-es-el-quien-se-descarta-f202511-n\/\" target=\"_self\" rel=\"nofollow noopener\" title=\"https:\/\/as.com\/tenis\/copa_davis\/ferrer-aclara-la-ausencia-de-davidovich-es-el-quien-se-descarta-f202511-n\/\">\u00c9l no est\u00e1 aqu\u00ed, no juega<\/a>. Seguimos enfrent\u00e1ndonos a un equipo extremadamente duro y eso es todo. No quiero estar especulando, solo ellos dos, David y Davidovich, saben c\u00f3mo fue. Tomaron sus decisiones y eso tengo que respetarlo. <\/p>\n<p>Noticias relacionadas<a href=\"https:\/\/as.com\/tenis\/copa_davis\/de-sinner-a-alcaraz-y-davidovich-los-grandes-ausentes-de-las-finales-de-copa-davis-f202511-n\/\" class=\"s_m_w _rt-16x9\" title=\"El n\u00famero uno y dos del mundo no estar\u00e1n en la gran competici\u00f3n por pa\u00edses del tenis que arranca este martes en Bolonia (Italia).\" data-tb-link=\"\" rel=\"nofollow noopener\" target=\"_blank\"><img decoding=\"async\" src=\"https:\/\/www.europesays.com\/es\/wp-content\/uploads\/2025\/11\/G5FECM7MMZKZTGJOF6FOMQ3SSE.jpg\" alt=\"De Sinner a Alcaraz y Davidovich: los grandes ausentes de las finales de Copa Davis\" class=\"\" height=\"9\" width=\"16\"   loading=\"lazy\" data-tb-thumbnail=\"\"\/><\/a><a href=\"https:\/\/as.com\/opinion\/alcaraz-pierde-una-gran-oportunidad-f202511-n\/\" class=\"s_m_w _rt-16x9\" title=\"La oportunidad perdida no es solo para Carlitos, tambi\u00e9n para Espa\u00f1a. En este sentido hay que ser todav\u00eda cautelosos, pero la baja ha debilitado mucho al grupo, que tendr\u00e1 que buscar otra proeza.\" data-tb-link=\"\" rel=\"nofollow noopener\" target=\"_blank\"><img decoding=\"async\" src=\"https:\/\/www.europesays.com\/es\/wp-content\/uploads\/2025\/11\/2IRMYQYT7ZL7ZDQDD6MK2NTP5Y.jpg\" alt=\"Alcaraz pierde una gran oportunidad\" class=\"\" height=\"9\" width=\"16\"   loading=\"lazy\" data-tb-thumbnail=\"\"\/><\/a><\/p>\n<p class=\"\"><b>\u00a1Tus opiniones importan!<\/b> Comenta en los art\u00edculos y suscr\u00edbete gratis a nuestra <a href=\"https:\/\/asfan.as.com\/newsletters\/\" target=\"_blank\" rel=\"nofollow noopener\" title=\"https:\/\/asfan.as.com\/newsletters\/\">newsletter<\/a> y a las alertas informativas en la <a href=\"https:\/\/as.com\/aplicacion-de-as-n\/\" target=\"_blank\" rel=\"nofollow noopener\" title=\"https:\/\/as.com\/aplicacion-de-as-n\/\">App<\/a> o el canal de <a href=\"https:\/\/www.whatsapp.com\/channel\/0029VaAasdA7j6g745nz9M10\" target=\"_blank\" rel=\"nofollow noopener\" title=\"https:\/\/www.whatsapp.com\/channel\/0029VaAasdA7j6g745nz9M10\">WhatsApp<\/a>. <\/p>\n<p class=\"\">\u00bfBuscas licenciar contenido? Haz clic <a href=\"https:\/\/profesional.elpais.com\/soluciones-sindicacion?utm_medium=interno&amp;utm_source=crosslinking&amp;utm_campaign=sindicacion_as_pie_articulos\" target=\"_blank\" rel=\"nofollow noopener\" title=\"https:\/\/profesional.elpais.com\/soluciones-sindicacion?utm_medium=interno&amp;utm_source=crosslinking&amp;utm_campaign=sindicacion_as_pie_articulos\">aqu\u00ed<\/a><\/p>\n","protected":false},"excerpt":{"rendered":"En su primer curso como capit\u00e1n, Tomas Berdych (Valasske Mezirici, 40 a\u00f1os) lidera a una selecci\u00f3n checa joven,&hellip;\n","protected":false},"author":2,"featured_media":244027,"comment_status":"","ping_status":"","sticky":false,"template":"","format":"standard","meta":{"footnotes":""},"categories":[274],"tags":[168,25,24,23,167,327,326],"class_list":{"0":"post-244026","1":"post","2":"type-post","3":"status-publish","4":"format-standard","5":"has-post-thumbnail","7":"category-tenis","8":"tag-deportes","9":"tag-es","10":"tag-espana","11":"tag-spain","12":"tag-sports","13":"tag-tenis","14":"tag-tennis"},"share_on_mastodon":{"url":"https:\/\/pubeurope.com\/@es\/115574876960356026","error":""},"_links":{"self":[{"href":"https:\/\/www.europesays.com\/es\/wp-json\/wp\/v2\/posts\/244026","targetHints":{"allow":["GET"]}}],"collection":[{"href":"https:\/\/www.europesays.com\/es\/wp-json\/wp\/v2\/posts"}],"about":[{"href":"https:\/\/www.europesays.com\/es\/wp-json\/wp\/v2\/types\/post"}],"author":[{"embeddable":true,"href":"https:\/\/www.europesays.com\/es\/wp-json\/wp\/v2\/users\/2"}],"replies":[{"embeddable":true,"href":"https:\/\/www.europesays.com\/es\/wp-json\/wp\/v2\/comments?post=244026"}],"version-history":[{"count":0,"href":"https:\/\/www.europesays.com\/es\/wp-json\/wp\/v2\/posts\/244026\/revisions"}],"wp:featuredmedia":[{"embeddable":true,"href":"https:\/\/www.europesays.com\/es\/wp-json\/wp\/v2\/media\/244027"}],"wp:attachment":[{"href":"https:\/\/www.europesays.com\/es\/wp-json\/wp\/v2\/media?parent=244026"}],"wp:term":[{"taxonomy":"category","embeddable":true,"href":"https:\/\/www.europesays.com\/es\/wp-json\/wp\/v2\/categories?post=244026"},{"taxonomy":"post_tag","embeddable":true,"href":"https:\/\/www.europesays.com\/es\/wp-json\/wp\/v2\/tags?post=244026"}],"curies":[{"name":"wp","href":"https:\/\/api.w.org\/{rel}","templated":true}]}}