{"id":244038,"date":"2025-11-19T06:19:12","date_gmt":"2025-11-19T06:19:12","guid":{"rendered":"https:\/\/www.europesays.com\/es\/244038\/"},"modified":"2025-11-19T06:19:12","modified_gmt":"2025-11-19T06:19:12","slug":"critica-de-la-muerte-de-un-comediante-el-viaje-introspectivo-de-diego-peretti","status":"publish","type":"post","link":"https:\/\/www.europesays.com\/es\/244038\/","title":{"rendered":"Cr\u00edtica de \u201cLa muerte de un comediante\u201d, el viaje introspectivo de Diego Peretti"},"content":{"rendered":"<p>\n                        lunes 17 de noviembre de 2025<\/p>\n<p class=\"p1\">Hay pel\u00edculas que nacen de un proceso tradicional y otras que surgen casi de un acto de fe colectivo. <b>La muerte de un comediante <\/b>(2025) pertenece a esta segunda categor\u00eda: una obra que no solo narra un viaje emocional, sino que tambi\u00e9n es fruto de un trayecto inusual detr\u00e1s de c\u00e1mara. Lo que comenz\u00f3 como una idea de Diego Peretti en 2018 termin\u00f3 convertido en el m\u00e1s reciente largometraje de Orsai Audiovisuales, esta vez rodado entre Buenos Aires y Bruselas y financiado por una comunidad de productores que acompa\u00f1\u00f3 de cerca todo el proceso. Ese esp\u00edritu artesanal, colaborativo y transparente se cuela en el resultado final.<\/p>\n<p class=\"p1\">En la ficci\u00f3n, Juan Debr\u00e9 recibe un llamado que le confirma lo peor: una enfermedad terminal marcar\u00e1 su final. Pero lejos de derrumbarse, reacciona aferr\u00e1ndose a un deseo \u00edntimo, casi secreto: reencontrarse con el h\u00e9roe del c\u00f3mic que lo form\u00f3. Ese h\u00e9roe no es un simple gui\u00f1o nost\u00e1lgico, sino la ra\u00edz emocional del personaje, la figura que le dio identidad y prop\u00f3sito y que todav\u00eda lo acompa\u00f1a como una sombra persistente. Peretti y Beltramino entienden que ese v\u00ednculo \u2014entre un actor exhausto y un personaje de tinta\u2014 es el coraz\u00f3n del relato, y lo abordan con una sensibilidad que evita cualquier subrayado: no hay discursos grandilocuentes ni mon\u00f3logos lacrim\u00f3genos, sino silencios cargados, miradas que funcionan como confesiones y un protagonista que avanza como si cada paso fuera una pregunta sin responder.<\/p>\n<p class=\"p1\">Cuando Debr\u00e9 decide cruzar el oc\u00e9ano y viajar de Buenos Aires a Bruselas, la pel\u00edcula encuentra su centro emocional. El viaje f\u00edsico es tambi\u00e9n un viaje interior, una mudanza espiritual donde la geograf\u00eda se transforma en estado de \u00e1nimo. Bruselas \u2014cuna del c\u00f3mic, luminosa y melanc\u00f3lica al mismo tiempo\u2014 opera como un territorio de transici\u00f3n donde Debr\u00e9 empieza a despojarse de la m\u00e1scara del comediante (literal y metaf\u00f3ricamente) y a enfrentarse con aquello que evit\u00f3 durante a\u00f1os. Las calles europeas, los encuentros nuevos y las luces que lo envuelven funcionan como catalizadores de una transformaci\u00f3n silenciosa. No es casual que los directores hayan dicho que el inicio en la piscina y el regreso a esa misma imagen simbolizan que \u201ctodo es el flashback que \u00e9l vive de lo m\u00e1s valioso que tiene en la vida\u201d: esa idea circular atraviesa toda la obra y refuerza la sensaci\u00f3n de que cada escena es un recuerdo que termina de asentarse.<\/p>\n<p class=\"p1\">La pel\u00edcula despliega una apuesta visual notable. Peretti y Beltramino trabajan con un registro estilizado, con encuadres que achican al protagonista frente al mundo y una paleta crom\u00e1tica que dialoga con el universo gr\u00e1fico que molde\u00f3 su identidad. <b>La muerte de un comediante<\/b> no se apoya en di\u00e1logos extensos, sino en atm\u00f3sferas y silencios. La m\u00fasica \u2014que por momentos evoca la sensibilidad emocional de trabajos previos de Peretti como <b>Tiempo de valientes<\/b> (2005), sin imitarlos\u2014 acompa\u00f1a con sutileza, reforzando el estado interno del personaje sin imponerse. Es un cine que conf\u00eda en la pausa, en la respiraci\u00f3n, en las miradas sostenidas y en la fragilidad como forma narrativa.<\/p>\n<p class=\"p1\">Hay un quiebre tonal que vale se\u00f1alar: el primer acto coquetea con un humor m\u00e1s liviano, incluso algo disparatado y sat\u00edrico, mientras que el desarrollo y el desenlace derivan hacia un clima m\u00e1s \u00edntimo, contemplativo y melanc\u00f3lico. Esa transici\u00f3n puede resultar abrupta para algunos espectadores, pero acompa\u00f1a el arco emocional de Debr\u00e9: un hombre que empieza refugiado en la comedia \u2014como siempre lo hizo\u2014 y termina enfrentando su verdad sin artificios. En Bruselas, los j\u00f3venes que conoce funcionan como espejos involuntarios que lo ayudan a redescubrir su humanidad sin forzar el dramatismo.<\/p>\n<p class=\"p1\"><b>La muerte de un comediante<\/b> es una pel\u00edcula sobre la identidad, la memoria emotiva y el deseo de reconciliarse con lo que uno fue. Pero tambi\u00e9n es el resultado de un proceso creativo singular, donde una comunidad acompa\u00f1\u00f3 cada paso y donde Peretti \u2014actor, guionista y director\u2014 entrega su pel\u00edcula m\u00e1s \u00edntima. No busca \u00e9pica ni golpes bajos, ni pretende convertirse en comedia ligera o drama solemne. Propone otra cosa: mirar hacia adentro y preguntarse qui\u00e9n queda cuando el personaje finalmente se cae. La respuesta, luminosa y triste al mismo tiempo, convierte esta experiencia en un relato que trasciende su an\u00e9cdota.<\/p>\n<p class=\"p1\">\n","protected":false},"excerpt":{"rendered":"lunes 17 de noviembre de 2025 Hay pel\u00edculas que nacen de un proceso tradicional y otras que surgen&hellip;\n","protected":false},"author":2,"featured_media":244039,"comment_status":"","ping_status":"","sticky":false,"template":"","format":"standard","meta":{"footnotes":""},"categories":[169],"tags":[177,146,147,25,24,176,175,23],"class_list":{"0":"post-244038","1":"post","2":"type-post","3":"status-publish","4":"format-standard","5":"has-post-thumbnail","7":"category-cine","8":"tag-cine","9":"tag-entertainment","10":"tag-entretenimiento","11":"tag-es","12":"tag-espana","13":"tag-film","14":"tag-movies","15":"tag-spain"},"share_on_mastodon":{"url":"https:\/\/pubeurope.com\/@es\/115574916026643441","error":""},"_links":{"self":[{"href":"https:\/\/www.europesays.com\/es\/wp-json\/wp\/v2\/posts\/244038","targetHints":{"allow":["GET"]}}],"collection":[{"href":"https:\/\/www.europesays.com\/es\/wp-json\/wp\/v2\/posts"}],"about":[{"href":"https:\/\/www.europesays.com\/es\/wp-json\/wp\/v2\/types\/post"}],"author":[{"embeddable":true,"href":"https:\/\/www.europesays.com\/es\/wp-json\/wp\/v2\/users\/2"}],"replies":[{"embeddable":true,"href":"https:\/\/www.europesays.com\/es\/wp-json\/wp\/v2\/comments?post=244038"}],"version-history":[{"count":0,"href":"https:\/\/www.europesays.com\/es\/wp-json\/wp\/v2\/posts\/244038\/revisions"}],"wp:featuredmedia":[{"embeddable":true,"href":"https:\/\/www.europesays.com\/es\/wp-json\/wp\/v2\/media\/244039"}],"wp:attachment":[{"href":"https:\/\/www.europesays.com\/es\/wp-json\/wp\/v2\/media?parent=244038"}],"wp:term":[{"taxonomy":"category","embeddable":true,"href":"https:\/\/www.europesays.com\/es\/wp-json\/wp\/v2\/categories?post=244038"},{"taxonomy":"post_tag","embeddable":true,"href":"https:\/\/www.europesays.com\/es\/wp-json\/wp\/v2\/tags?post=244038"}],"curies":[{"name":"wp","href":"https:\/\/api.w.org\/{rel}","templated":true}]}}