{"id":244058,"date":"2025-11-19T06:36:11","date_gmt":"2025-11-19T06:36:11","guid":{"rendered":"https:\/\/www.europesays.com\/es\/244058\/"},"modified":"2025-11-19T06:36:11","modified_gmt":"2025-11-19T06:36:11","slug":"suiza-de-tapado-al-mundial","status":"publish","type":"post","link":"https:\/\/www.europesays.com\/es\/244058\/","title":{"rendered":"Suiza, de \u2018tapado\u2019 al Mundial"},"content":{"rendered":"<p class=\"\"><b>Suiza jugar\u00e1 su sexto Mundial<\/b> consecutivo el pr\u00f3ximo verano. Y lo har\u00e1 despu\u00e9s de demostrar que Murat Yakin ha construido un equipo muy s\u00f3lido, vers\u00e1til y capaz de incomodar a cualquiera. <b>Kosovo estuvo lejos de la haza\u00f1a<\/b>, ni so\u00f1\u00f3 con la goleada (necesitaba ganar de cinco) que le hubiese dado el billete directo a Norteam\u00e9rica. Enfrente se encontr\u00f3 una selecci\u00f3n muy seria, invicta, que <b>solo ha encajado dos goles en toda la fase de clasificaci\u00f3n<\/b> y en Pristina se limit\u00f3 a cumplir con el guion.<\/p>\n<p class=\"\">La esperanza kosovar dur\u00f3 poco, a pesar del buen ambiente que abarrotaba las gradas del estadio Fadil Vokrri bajo un aguacero. <b>Suiza sali\u00f3 a evitar sustos<\/b>, con un bloque mucho m\u00e1s bajo que el que plante\u00f3 para vapulear a Suecia en el anterior partido. A\u00fan as\u00ed, fue helv\u00e9tica la mejor ocasi\u00f3n de la primera mitad, cuando Embolo filtr\u00f3 un bal\u00f3n a Aebischer, que no acert\u00f3 ante Muric.<\/p>\n<p class=\"\">Solo un centro que estuvo a punto de rematar Muriqi inquiet\u00f3 algo a una Suiza que finiquit\u00f3 la clasificaci\u00f3n nada m\u00e1s empezar la segunda mitad. Gracias a la conexi\u00f3n sevillista que tienen los helv\u00e9ticos.<b> Sow asisti\u00f3 a Vargas<\/b> para que, con una gran definici\u00f3n, acercara a\u00fan m\u00e1s a los helv\u00e9ticos a su objetivo. Y tambi\u00e9n permiti\u00f3 cierta relajaci\u00f3n, lo que permiti\u00f3 a Kosovo dar una alegr\u00eda a la afici\u00f3n que les apoy\u00f3 a pesar de la intensa lluvia.<b> Muslija firm\u00f3 un bonito tanto para salvar la honra<\/b> y dar \u00e1nimos a los locales de cara a la repesca, un \u00e9xito tambi\u00e9n en un grupo en el que Suecia se ha dado el batacazo. <\/p>\n<p class=\"\">El marcador ya no se mover\u00eda m\u00e1s, a pesar del empuje kosovar. Suiza se limit\u00f3 a conservar el resultado y esperar alg\u00fan chispazo de sus jugadores con m\u00e1s talento. Que sea una selecci\u00f3n construida desde atr\u00e1s, <b>con Akanji y Xhaka como columna vertebral<\/b>, no impide que arriba cuente con un buen pu\u00f1ado de jugadores interesantes. <b>Menci\u00f3n especial al joven Manzambi<\/b>, el extremo de 20 a\u00f1os del Friburgo, que a base de desborde se ha hecho un hueco en ataque entre los fijos Embolo, Vargas o un Ndoye que en Pristina se qued\u00f3 en el banquillo.<\/p>\n<p>Noticias relacionadas<\/p>\n<p class=\"\">Los mimbres de un equipo que enlaza diez encuentros sin perder desde que cay\u00f3 con Espa\u00f1a en un apretado duelo en la Nations League (3-2). Un f\u00fatbol helv\u00e9tico que<b> a\u00fan no puede ser considerado favorito a nada, pero cuya evoluci\u00f3n siempre es constante<\/b>. Juegan de memoria y defienden muy juntos. Un \u2018coco\u2019 que puede asustar a m\u00e1s de uno en el pr\u00f3ximo Mundial. <\/p>\n<p class=\"\"><b>\u00a1Tus opiniones importan!<\/b> Comenta en los art\u00edculos y suscr\u00edbete gratis a nuestra <a href=\"https:\/\/asfan.as.com\/newsletters\/\" target=\"_blank\" rel=\"nofollow noopener\" title=\"https:\/\/asfan.as.com\/newsletters\/\">newsletter<\/a> y a las alertas informativas en la <a href=\"https:\/\/as.com\/aplicacion-de-as-n\/\" target=\"_blank\" rel=\"nofollow noopener\" title=\"https:\/\/as.com\/aplicacion-de-as-n\/\">App<\/a> o el canal de <a href=\"https:\/\/www.whatsapp.com\/channel\/0029VaAasdA7j6g745nz9M10\" target=\"_blank\" rel=\"nofollow noopener\" title=\"https:\/\/www.whatsapp.com\/channel\/0029VaAasdA7j6g745nz9M10\">WhatsApp<\/a>. \u00bfBuscas licenciar contenido? Haz clic <a href=\"https:\/\/profesional.elpais.com\/soluciones-sindicacion?utm_medium=interno&amp;utm_source=crosslinking&amp;utm_campaign=sindicacion_as_pie_articulos\" target=\"_blank\" rel=\"nofollow noopener\" title=\"https:\/\/profesional.elpais.com\/soluciones-sindicacion?utm_medium=interno&amp;utm_source=crosslinking&amp;utm_campaign=sindicacion_as_pie_articulos\">aqu\u00ed<\/a><\/p>\n<p class=\"stat-tl ev-fw-tl\"><strong>Cambios<\/strong><\/p>\n<p class=\"ev-text-aux\">\n                            <strong>Baton Zab\u00ebrgja<\/strong> (61&#8242;, Veldin Hodza),                             <strong>Edon Zhegrova<\/strong> (62&#8242;, Fisnik Asllani),                             <strong>Fabian Rieder<\/strong> (68&#8242;, Rub\u00e9n Vargas),                             <strong>Andi Zeqiri<\/strong> (68&#8242;, Breel Embolo),                             <strong>Ilir Krasniqi<\/strong> (71&#8242;, Amir Rrahmani),                             <strong>Isaac Schmidt<\/strong> (74&#8242;, Silvan Widmer),                             <strong>Simon Sohm<\/strong> (75&#8242;, Granit Xhaka),                             <strong>Albion Rrahmani<\/strong> (86&#8242;, Vedat Muriqi),                             <strong>Valon Berisha<\/strong> (86&#8242;, Florent Muslija),                             <strong>Christian Fassnacht<\/strong> (88&#8242;, Djibril Sow)                        <\/p>\n<p class=\"stat-tl ev-fw-tl\"><strong>Goles<\/strong><\/p>\n<p class=\"ev-text-aux\">\n                                                                                                        0-1, 46&#8242;: <strong>Ruben Vargas<\/strong>,                                                                                 1-1, 73&#8242;: <strong>Florent Muslija<\/strong>                        <\/p>\n<p class=\"stat-tl ev-fw-tl\"><strong>Tarjetas<\/strong><\/p>\n<p class=\"ev-text-aux\">\n                Arbitro: Davide Massa<br \/>Arbitro VAR: Aleandro Di Paolo, Daniele Doveri<br \/><strong>Rrahmani<\/strong> (9&#8242;,Amarilla),                                     <strong>Elvis Rexhbecaj<\/strong> (93&#8242;,Amarilla)                            <\/p>\n<p>                Clasificaci\u00f3n<\/p>\n<tr>\n                            Grupo B<br \/>\n                            PT<br \/>\n                            PJ<br \/>\n                            PG<br \/>\n                            PE<br \/>\n                            PP<br \/>\n                        <\/tr>\n<tr>\n<td>\n                                    1<\/p>\n<\/td>\n<td><strong>14<\/strong><\/td>\n<td>6<\/td>\n<td>4<\/td>\n<td>2<\/td>\n<td>0<\/td>\n<\/tr>\n<tr class=\"tbl-row-hl\">\n<td>\n                                    2<\/p>\n<\/td>\n<td><strong>11<\/strong><\/td>\n<td>6<\/td>\n<td>3<\/td>\n<td>2<\/td>\n<td>1<\/td>\n<\/tr>\n<tr>\n<td>\n                                    3<\/p>\n<\/td>\n<td><strong>4<\/strong><\/td>\n<td>6<\/td>\n<td>0<\/td>\n<td>4<\/td>\n<td>2<\/td>\n<\/tr>\n<tr>\n<td>\n                                    4<\/p>\n<\/td>\n<td><strong>2<\/strong><\/td>\n<td>6<\/td>\n<td>0<\/td>\n<td>2<\/td>\n<td>4<\/td>\n<\/tr>\n<tr>\n                            Grupo B<br \/>\n                            PT<br \/>\n                            PJ<br \/>\n                            PG<br \/>\n                            PE<br \/>\n                            PP<br \/>\n                        <\/tr>\n<tr class=\"tbl-row-hl\">\n<td>\n                                    1<\/p>\n<\/td>\n<td><strong>14<\/strong><\/td>\n<td>6<\/td>\n<td>4<\/td>\n<td>2<\/td>\n<td>0<\/td>\n<\/tr>\n<tr>\n<td>\n                                    2<\/p>\n<\/td>\n<td><strong>11<\/strong><\/td>\n<td>6<\/td>\n<td>3<\/td>\n<td>2<\/td>\n<td>1<\/td>\n<\/tr>\n<tr>\n<td>\n                                    3<\/p>\n<\/td>\n<td><strong>4<\/strong><\/td>\n<td>6<\/td>\n<td>0<\/td>\n<td>4<\/td>\n<td>2<\/td>\n<\/tr>\n<tr>\n<td>\n                                    4<\/p>\n<\/td>\n<td><strong>2<\/strong><\/td>\n<td>6<\/td>\n<td>0<\/td>\n<td>2<\/td>\n<td>4<\/td>\n<\/tr>\n","protected":false},"excerpt":{"rendered":"Suiza jugar\u00e1 su sexto Mundial consecutivo el pr\u00f3ximo verano. Y lo har\u00e1 despu\u00e9s de demostrar que Murat Yakin&hellip;\n","protected":false},"author":2,"featured_media":244059,"comment_status":"","ping_status":"","sticky":false,"template":"","format":"standard","meta":{"footnotes":""},"categories":[268],"tags":[168,25,24,280,282,281,23,167],"class_list":{"0":"post-244058","1":"post","2":"type-post","3":"status-publish","4":"format-standard","5":"has-post-thumbnail","7":"category-futbol","8":"tag-deportes","9":"tag-es","10":"tag-espana","11":"tag-football","12":"tag-futbol","13":"tag-soccer","14":"tag-spain","15":"tag-sports"},"share_on_mastodon":{"url":"https:\/\/pubeurope.com\/@es\/115574983077674765","error":""},"_links":{"self":[{"href":"https:\/\/www.europesays.com\/es\/wp-json\/wp\/v2\/posts\/244058","targetHints":{"allow":["GET"]}}],"collection":[{"href":"https:\/\/www.europesays.com\/es\/wp-json\/wp\/v2\/posts"}],"about":[{"href":"https:\/\/www.europesays.com\/es\/wp-json\/wp\/v2\/types\/post"}],"author":[{"embeddable":true,"href":"https:\/\/www.europesays.com\/es\/wp-json\/wp\/v2\/users\/2"}],"replies":[{"embeddable":true,"href":"https:\/\/www.europesays.com\/es\/wp-json\/wp\/v2\/comments?post=244058"}],"version-history":[{"count":0,"href":"https:\/\/www.europesays.com\/es\/wp-json\/wp\/v2\/posts\/244058\/revisions"}],"wp:featuredmedia":[{"embeddable":true,"href":"https:\/\/www.europesays.com\/es\/wp-json\/wp\/v2\/media\/244059"}],"wp:attachment":[{"href":"https:\/\/www.europesays.com\/es\/wp-json\/wp\/v2\/media?parent=244058"}],"wp:term":[{"taxonomy":"category","embeddable":true,"href":"https:\/\/www.europesays.com\/es\/wp-json\/wp\/v2\/categories?post=244058"},{"taxonomy":"post_tag","embeddable":true,"href":"https:\/\/www.europesays.com\/es\/wp-json\/wp\/v2\/tags?post=244058"}],"curies":[{"name":"wp","href":"https:\/\/api.w.org\/{rel}","templated":true}]}}