{"id":244060,"date":"2025-11-19T06:37:26","date_gmt":"2025-11-19T06:37:26","guid":{"rendered":"https:\/\/www.europesays.com\/es\/244060\/"},"modified":"2025-11-19T06:37:26","modified_gmt":"2025-11-19T06:37:26","slug":"alejandra-la-novia-que-decoro-su-boda-con-ayuda-de-sus-amigos-y-llevo-un-sencillo-vestido-bordado","status":"publish","type":"post","link":"https:\/\/www.europesays.com\/es\/244060\/","title":{"rendered":"Alejandra, la novia que decor\u00f3 su boda con ayuda de sus amigos y llev\u00f3 un sencillo vestido bordado"},"content":{"rendered":"<p id=\"eNS66Uv8u6\" data-wc=\"55\"><strong>Alejandra\u00a0<\/strong>siempre hab\u00eda imaginado una boda que hablara de ella, de su manera calmada de ver la vida, de esa sensibilidad tan suya. Cuando por fin lleg\u00f3 el d\u00eda, todo encaj\u00f3 de manera natural: su historia, su estilo y ese ambiente que solo se crea cuando una novia tiene muy claro lo que quiere transmitir.<\/p>\n<p id=\"eR3Kc4abDf4\" data-wc=\"39\">Cuando nos habla de su vestido, habla como quien recuerda un encuentro que estaba destinado a ocurrir. No hubo b\u00fasquedas interminables, ni dudas, ni <a class=\"hm-link ho-link\" href=\"https:\/\/www.hola.com\/novias\/20250407824730\/vestido-de-novia-a-medida\/\" data-mrf-recirculation=\"article-body-link\" rel=\"nofollow noopener\" target=\"_blank\">vestidos a medida<\/a>, ni decenas de pruebas. Hubo, simplemente, un flechazo con <strong>un vestido\u00a0<\/strong><strong>pr\u00eat-\u00e0-porter<\/strong>.<\/p>\n<p> <img src=\"https:\/\/www.europesays.com\/es\/wp-content\/uploads\/2025\/11\/03f9f84198ee-dscf4356.jpg\"   width=\"1024\" height=\"682\" loading=\"lazy\" decoding=\"async\" alt=\"El vestido de novia de Alejandra, de Alejandra Valero\" fetchpriority=\"auto\" class=\"image ho-image\"\/>\u00a9 Sebasti\u00e1n Oz<br \/>\nUn vestido sencillo<\/p>\n<p id=\"elDvQprK032\" data-wc=\"44\">\u00a0\u201cMe enamor\u00e9 de este vestido de colecci\u00f3n de <strong>Alejandra Valero\u00a0<\/strong>nada m\u00e1s verlo\u201d, confiesa. Su tocaya firma algunas de las piezas m\u00e1s especiales del sector nupcial, y su universo encaj\u00f3 con nuestra protagonista desde el primer momento. <strong>El vestido\u00a0<\/strong><strong>Manhattan<\/strong>\u00a0fue un aut\u00e9ntico flechazo.<\/p>\n<p> <img src=\"https:\/\/www.europesays.com\/es\/wp-content\/uploads\/2025\/11\/0ef7f6222f60-9r3b3367.jpg\"   width=\"682\" height=\"1024\" loading=\"lazy\" decoding=\"async\" alt=\"El vestido de novia de Alejandra, de Alejandra Valero, en su boda con Alejandro\" fetchpriority=\"auto\" class=\"image ho-image\"\/>\u00a9 Sebasti\u00e1n Oz<\/p>\n<p id=\"efJKXwAHwUJ\" data-wc=\"54\">Y es que Alejandra ten\u00eda clar\u00edsimo que no buscaba un dise\u00f1o cl\u00e1sico. \u201cSab\u00eda que quer\u00eda algo<strong>\u00a0rom\u00e1ntico, bohemio, distinto<\/strong>, con personalidad\u201d, recuerda. Ella, que se define como una persona sencilla, pero con gusto por los detalles especiales, encontr\u00f3 justo eso: un vestido que hablaba de ella sin necesidad de brillos, grandes vol\u00famenes o artificios.<\/p>\n<p> <img src=\"https:\/\/www.europesays.com\/es\/wp-content\/uploads\/2025\/11\/9ccdd887d969-9r3b3582.jpg\"   width=\"1024\" height=\"682\" loading=\"lazy\" decoding=\"async\" alt=\"El vestido de novia de Alejandra, de Alejandra Valero, en su boda con Alejandro\" fetchpriority=\"auto\" class=\"image ho-image\"\/>\u00a9 Sebasti\u00e1n Oz<\/p>\n<p id=\"eSnhCes3oUT\" data-wc=\"56\">Por eso apost\u00f3 por uno de los iconos del minimalismo en el vestido base: una pieza lencera, estilo slip-dress, que encajaba perfectamente con su idea. Sobre \u00e9l, una delicad\u00edsima <strong>capa con influencias de los a\u00f1os 20<\/strong>. Un look nupcial fluido, et\u00e9reo, con corte a la cadera, bordados artesanales y un punto vintage que lo hac\u00eda inolvidable.<\/p>\n<p> <img src=\"https:\/\/www.europesays.com\/es\/wp-content\/uploads\/2025\/11\/90e9704b41c0-9r3b3044.jpg\"   width=\"1024\" height=\"682\" loading=\"lazy\" decoding=\"async\" alt=\"El vestido de novia de Alejandra, de Alejandra Valero\" fetchpriority=\"auto\" class=\"image ho-image\"\/>\u00a9 Sebasti\u00e1n Oz<\/p>\n<p id=\"eiHCwUKGvKr\" data-wc=\"36\">En las pruebas, la conexi\u00f3n fue inmediata. \u201cFueron incre\u00edbles, por la conexi\u00f3n que tuvimos desde el d\u00eda uno\u201d, cuenta. Solo hicieron falta peque\u00f1os ajustes, y nada m\u00e1s. Sencillo, natural\u2026 como toda la filosof\u00eda de la boda.<\/p>\n<p id=\"en-4Fo5_xKE\" data-wc=\"56\">El <strong>dise\u00f1o era convertible<\/strong> y, aunque su idea inicial era desprenderse de la capa durante la fiesta, el entusiasmo del d\u00eda la llev\u00f3 por otros derroteros. \u201cLa realidad es que estaba disfrutando tanto que ni me lo plante\u00e9\u201d, confiesa. Y as\u00ed, fiel a s\u00ed misma, mantuvo el look tal y como lo sinti\u00f3 desde el comienzo.<\/p>\n<p> <img src=\"https:\/\/www.europesays.com\/es\/wp-content\/uploads\/2025\/11\/a839687f93b6-9r3b3655.jpg\"   width=\"682\" height=\"1024\" loading=\"lazy\" decoding=\"async\" alt=\"El vestido de novia de Alejandra, de Alejandra Valero\" fetchpriority=\"auto\" class=\"image ho-image\"\/>\u00a9 Sebasti\u00e1n Oz<br \/>\nUn velo espectacular, joyas con historia y un ramo muy &#8216;ella&#8217;<\/p>\n<p id=\"ev7GtNJ5BM3\" data-wc=\"47\">Si el vestido ten\u00eda alma bohemia, los accesorios completaban esa aura tan especial. <strong>El velo, tambi\u00e9n dise\u00f1ado por Alejandra Valero<\/strong>, era un espect\u00e1culo de tul y pedrer\u00eda bordada, con un toque vintage. En la iglesia, decidi\u00f3 que fuese protagonista absoluto, combin\u00e1ndolo \u00fanicamente con unos pendientes muy especiales.<\/p>\n<p> <img src=\"https:\/\/www.europesays.com\/es\/wp-content\/uploads\/2025\/11\/cdd75fff9a86-9r3b3326.jpg\"   width=\"682\" height=\"1024\" loading=\"lazy\" decoding=\"async\" alt=\"Un velo bordado, de Alejandra Valero\" fetchpriority=\"auto\" class=\"image ho-image\"\/>\u00a9 Sebasti\u00e1n Oz<\/p>\n<p id=\"edlKS7zO1K8\" data-wc=\"32\">\u201cLlev\u00e9 unos pendientes de <strong>plata y piedras antiguas<\/strong> que me dej\u00f3 la madre de mi mejor amiga\u201d. Una mujer que considera casi como una segunda madre. \u201cNos hac\u00eda especial ilusi\u00f3n\u201d, comparte emocionada.<\/p>\n<p> <img src=\"https:\/\/www.europesays.com\/es\/wp-content\/uploads\/2025\/11\/a7020da32900-9r3b3431.jpg\"   width=\"682\" height=\"1024\" loading=\"lazy\" decoding=\"async\" alt=\"El vestido de novia de Alejandra, de Alejandra Valero\" fetchpriority=\"auto\" class=\"image ho-image\"\/>\u00a9 Sebasti\u00e1n Oz<\/p>\n<p id=\"eyysMZKIlWC\" data-wc=\"35\">Cuando lleg\u00f3 el momento de desprenderse del velo, estren\u00f3 un <strong>tocado\u00a0<\/strong>que tambi\u00e9n le hizo ella: una pieza delicada que imitaba <strong>ramitas y peque\u00f1as flores<\/strong>, en sinton\u00eda con el aire bohemio de todo su look.<\/p>\n<p> <img src=\"https:\/\/www.europesays.com\/es\/wp-content\/uploads\/2025\/11\/fdcb4fe617de-9r3b4298.jpg\"   width=\"1024\" height=\"682\" loading=\"lazy\" decoding=\"async\" alt=\"Tocado de novia de Alejandra\" fetchpriority=\"auto\" class=\"image ho-image\"\/>\u00a9 Sebasti\u00e1n Oz<\/p>\n<p id=\"eaohHNElt08\" data-wc=\"53\">Los zapatos fueron un acto de sinceridad y coherencia absoluta. \u201c\u00a1Viva la comodidad!\u201d, dice riendo. Empez\u00f3 el d\u00eda con un par de <strong>MIM<\/strong> pero, en cuanto pudo, se puso sus <strong>Converse vintage<\/strong> favoritas. Porque pocas cosas hablan m\u00e1s de una novia que aquello que se atreve a hacer sin miedo al qu\u00e9 dir\u00e1n.<\/p>\n<p> <img src=\"https:\/\/www.europesays.com\/es\/wp-content\/uploads\/2025\/11\/07fd5b8af481-dscf4529.jpg\"   width=\"1024\" height=\"682\" loading=\"lazy\" decoding=\"async\" alt=\"El vestido de novia de Alejandra, de Alejandra Valero, con ramo de flores de Mosquet\" fetchpriority=\"auto\" class=\"image ho-image\"\/>\u00a9 Sebasti\u00e1n Oz<\/p>\n<p id=\"emsI0cW2MhK\" data-wc=\"52\">El ramo, creado por <strong>Blanca Mar\u00edn de Heredia, de\u00a0<\/strong><strong>Mosquet<\/strong>, fue un aut\u00e9ntico estallido de color. \u201cQuer\u00eda que fuese muy yo: colorido, alegre y un poco desorganizado\u201d, admite entre risas. Peon\u00edas, flores silvestres y una paleta vibrante que contrasta con la serenidad del vestido y le daba un toque fresco al conjunto.<\/p>\n<p> <img src=\"https:\/\/www.europesays.com\/es\/wp-content\/uploads\/2025\/11\/b52415797434-9r3b3806.jpg\"   width=\"1024\" height=\"682\" loading=\"lazy\" decoding=\"async\" alt=\"El vestido de novia de Alejandra, de Alejandra Valero\" fetchpriority=\"auto\" class=\"image ho-image\"\/>\u00a9 Sebasti\u00e1n Oz<\/p>\n<p id=\"etpyXSc6Rdt\" data-wc=\"52\">En cuanto al maquillaje y peinado, Alejandra lo tuvo claro desde el principio: naturalidad absoluta. \u201cNo me quer\u00eda ver distinta ese d\u00eda\u201d, explica. Su mejor amiga, <strong>Fuen Albaladejo<\/strong>, fue la encargada de maquillarla \u201ccon much\u00edsimo cari\u00f1o\u201d. El peinado, con el rostro despejado y sin artificios, completaba ese aire fresco que la define.<\/p>\n<p> <img src=\"https:\/\/www.europesays.com\/es\/wp-content\/uploads\/2025\/11\/65bb185614a9-9r3b3191.jpg\"   width=\"682\" height=\"1024\" loading=\"lazy\" decoding=\"async\" alt=\"Velo de novia bordado, de Alejandra Valero\" fetchpriority=\"auto\" class=\"image ho-image\"\/>\u00a9 Sebasti\u00e1n Oz<br \/>\n<strong>La historia de un flechazo<\/strong><\/p>\n<p id=\"enYg_GCLVCvz\" data-wc=\"99\">Su amor est\u00e1 a tan solo una letra de distancia. <strong>Alejandra y Alejandro<\/strong> se conocieron gracias a un grupo de amigos que propiciaron uno de esos encuentros fortuitos capaces de unir el rumbo dos vidas. \u00c9l se mud\u00f3 al piso de unos \u00edntimos amigos de ella, y ah\u00ed surgi\u00f3 la magia; el resto ya es historia. \u201cAl d\u00eda siguiente de conocerle llam\u00e9 a mi madre y le dije: \u2018mam\u00e1, he conocido a mi futuro marido\u2019\u201d, recuerda con una sonrisa. Ten\u00eda esa certeza que no se razona, simplemente se intuye. Y, visto est\u00e1, a \u00e9l tambi\u00e9n le pas\u00f3 lo mismo.<\/p>\n<p> <img src=\"https:\/\/www.europesays.com\/es\/wp-content\/uploads\/2025\/11\/9b0de9cfa321-9r3b3472.jpg\"   width=\"682\" height=\"1024\" loading=\"lazy\" decoding=\"async\" alt=\"El vestido de novia de Alejandra, de Alejandra Valero, en su boda con Alejandro\" fetchpriority=\"auto\" class=\"image ho-image\"\/>\u00a9 Sebasti\u00e1n Oz<\/p>\n<p id=\"eLmrGJy6Jgha\" data-wc=\"55\">Llevaban 10 meses juntos cuando decidieron comprometerse, sabiendo desde el principio que ambos caminaban en el mismo sentido. \u201cDesde que empezamos a salir habl\u00e1bamos de una vida juntos con much\u00edsima naturalidad\u201d, explica Alejandra. La pedida fue tan espont\u00e1nea como ellos: ocurri\u00f3 <strong>entre Nueva York y Miami<\/strong>, dos lugares que forman parte de sus recuerdos compartidos.\u00a0<\/p>\n<p>Una ceremonia \u00edntima y una celebraci\u00f3n muy familiar<\/p>\n<p id=\"eKLa8svZsaq6\" data-wc=\"70\">Se casaron el <strong>28 de junio en la iglesia del pueblo de Cifuentes<\/strong><strong>\u00a0(Guadalajara)<\/strong>, un templo peque\u00f1o y lleno de encanto. No necesitaba m\u00e1s: la luz que entraba por las ventanas, la piedra antigua y la cercan\u00eda del entorno compon\u00edan el escenario perfecto para un enlace que quer\u00eda alejarse de grandes gestos y abrazar lo \u00edntimo. \u201cQuer\u00edamos una boda muy familiar, en la que nos sinti\u00e9ramos como en casa\u201d, explica.<\/p>\n<p> <img src=\"https:\/\/www.europesays.com\/es\/wp-content\/uploads\/2025\/11\/cada68849405-9r3b2757.jpg\"   width=\"682\" height=\"1024\" loading=\"lazy\" decoding=\"async\" alt=\"El vestido de novia de Alejandra, de Alejandra Valero, en su boda con Alejandro\" fetchpriority=\"auto\" class=\"image ho-image\"\/>\u00a9 Sebasti\u00e1n Oz<\/p>\n<p id=\"e1noK8jNbnyZ\" data-wc=\"61\">La iglesia estaba <strong>decorada con flores de Mosquet<\/strong>, en l\u00ednea con el ramo de novia. El camino hasta all\u00ed era de apenas tres minutos desde la Casa de Hakuna, un lugar lleno de significado para ellos, donde hab\u00edan hecho retiros y al que volv\u00edan siempre que necesitaban reconectar. Ese peque\u00f1o paseo marc\u00f3 la esencia de la celebraci\u00f3n: cercan\u00eda, sencillez y calidez.<\/p>\n<p> <img src=\"https:\/\/www.europesays.com\/es\/wp-content\/uploads\/2025\/11\/76cfffce0463-9r3b3307.jpg\"   width=\"682\" height=\"1024\" loading=\"lazy\" decoding=\"async\" alt=\"El vestido de novia de Alejandra, de Alejandra Valero, en su boda con Alejandro\" fetchpriority=\"auto\" class=\"image ho-image\"\/>\u00a9 Sebasti\u00e1n Oz<\/p>\n<p id=\"exY-PlOw72QG\" data-wc=\"45\">La celebraci\u00f3n fue, para los novios, uno de los mayores regalos. No hubo wedding planner profesional, porque no la necesitaron. <strong>\u201cNuestros wedding planners fueron nuestros amigos\u201d<\/strong>, recuerda Alejandra con emoci\u00f3n. Todo el mundo se volc\u00f3, desde semanas antes, para que nada faltara en este d\u00eda.<\/p>\n<p> <img src=\"https:\/\/www.europesays.com\/es\/wp-content\/uploads\/2025\/11\/7e9744a225c3-dscf4651.jpg\"   width=\"1024\" height=\"682\" loading=\"lazy\" decoding=\"async\" alt=\"Boda de Ale y \u00c1lex, decorada por sus amigos\" fetchpriority=\"auto\" class=\"image ho-image\"\/>\u00a9 Sebasti\u00e1n Oz<\/p>\n<p id=\"e5jfU119CsPR\" data-wc=\"70\">\u00bfEl resultado? Un retrato perfecto de esa energ\u00eda compartida. \u201cLa decoraci\u00f3n fue, literalmente,<strong>\u00a0los muebles de la casa y las flores de Mosquet<\/strong>, puestos con much\u00edsimo gusto por todos nuestros amigos el d\u00eda anterior\u201d, cuenta. El ambiente que crearon recordaba, seg\u00fan ella misma dice, <strong>\u201ca una escena de la pel\u00edcula Mamma Mia\u201d<\/strong>: muebles de jard\u00edn, flores frescas, lucecillas y un ambiente mediterr\u00e1neo relajado y casi improvisado que result\u00f3 absolutamente id\u00edlico.<\/p>\n<p>  <img src=\"https:\/\/www.europesays.com\/es\/wp-content\/uploads\/2025\/11\/4cf7e9960fe1-9r3b3745.jpg\"   width=\"682\" height=\"1024\" loading=\"lazy\" decoding=\"async\" alt=\"Boda de Ale y \u00c1lex, decorada por sus amigos\" fetchpriority=\"auto\" class=\"image ho-image\"\/>\u00a9 Sebasti\u00e1n Oz<\/p>\n<p>  <img src=\"https:\/\/www.europesays.com\/es\/wp-content\/uploads\/2025\/11\/e4f766a11df7-9r3b3737.jpg\"   width=\"682\" height=\"1024\" loading=\"lazy\" decoding=\"async\" alt=\"Boda de Ale y \u00c1lex, decorada por sus amigos\" fetchpriority=\"auto\" class=\"image ho-image\"\/>\u00a9 Sebasti\u00e1n Oz<\/p>\n<p id=\"eMpmiVkNhdx5\" data-wc=\"58\">La m\u00fasica tuvo un papel protagonista gracias a un invitado inesperado llegado directamente desde Florida, la gran sorpresa del d\u00eda. La pareja tiene una canci\u00f3n especial, God is in the looking of your eyes, de <strong>Corey Kilgannon<\/strong>. Lo que ella no esperaba es que, justo cuando estaban en pleno baile, \u00e9l apareciera en persona para cant\u00e1rsela en directo.<\/p>\n<p>  <img src=\"https:\/\/www.europesays.com\/es\/wp-content\/uploads\/2025\/11\/006bb18316a0-9r3b3844.jpg\"   width=\"682\" height=\"1024\" loading=\"lazy\" decoding=\"async\" alt=\"El cantante Corey Kilgannon\" fetchpriority=\"auto\" class=\"image ho-image\"\/>\u00a9 Sebasti\u00e1n Oz<\/p>\n<p>  <img src=\"https:\/\/www.europesays.com\/es\/wp-content\/uploads\/2025\/11\/dc18f887e4d4-9r3b3828.jpg\"   width=\"682\" height=\"1024\" loading=\"lazy\" decoding=\"async\" alt=\"Los novios con el cantante Corey Kilgannon\" fetchpriority=\"auto\" class=\"image ho-image\"\/>\u00a9 Sebasti\u00e1n Oz<\/p>\n<p id=\"e9NCH2NQNez\" data-wc=\"59\">Adem\u00e1s, hubo otra canci\u00f3n m\u00e1s, Macaroni Song, un tema que habla de amor sin artificios, justo el mensaje que defin\u00eda toda la boda. <strong>Corey ameniz\u00f3 el c\u00f3ctel enter<\/strong>o, convirtiendo la tarde en un concierto al aire libre, \u00edntimo e inolvidable. El catering estuvo a cargo de<strong>\u00a0AGA Catering<\/strong>, que supo adaptarse al estilo fresco y familiar de la celebraci\u00f3n.<\/p>\n<p>Una ola de cari\u00f1o que lo llen\u00f3 todo<\/p>\n<p id=\"e7Y1WfC7qtr_\" data-wc=\"66\">Cuando le preguntamos qu\u00e9 fue lo m\u00e1s significativo de aquel d\u00eda, Alejandra no duda ni un segundo. \u201cLo sobrepasados que nos sentimos por tant\u00edsimo amor: de Dios y de cada uno de los que estaban ah\u00ed\u201d. La boda, explica, no pretend\u00eda ser un despliegue espectacular, sino un encuentro. \u201c<strong>No es necesario realizar grandes extravagancias<\/strong> para que ese d\u00eda sea especial. Lo importante es quererse bien\u201d, resume.<\/p>\n<p> <img src=\"https:\/\/www.europesays.com\/es\/wp-content\/uploads\/2025\/11\/30fd821c479d-9r3b3336.jpg\"   width=\"682\" height=\"1024\" loading=\"lazy\" decoding=\"async\" alt=\"Boda de Ale y \u00c1lex\" fetchpriority=\"auto\" class=\"image ho-image\"\/>\u00a9 Sebasti\u00e1n Oz<\/p>\n<p id=\"eYnpQB3R4xq_\" data-wc=\"44\">Despu\u00e9s de vivirlo todo, Alejandra tiene un mensaje claro para quienes est\u00e9n preparando su boda: \u201cLo m\u00e1s importante es no perderse con tanta organizaci\u00f3n y <strong>no olvidar que la prioridad es el otro<\/strong>. Si est\u00e1s bien rodeado, nada puede salir mal. Menos es m\u00e1s\u201d.<\/p>\n<p> <img src=\"https:\/\/www.europesays.com\/es\/wp-content\/uploads\/2025\/11\/a4a5a36d8a06-dscf4550.jpg\"   width=\"1024\" height=\"682\" loading=\"lazy\" decoding=\"async\" alt=\"Boda de Ale y \u00c1lex\" fetchpriority=\"auto\" class=\"image ho-image\"\/>\u00a9 Sebasti\u00e1n Oz<\/p>\n<p id=\"e9DaflviKIsB\" data-wc=\"64\">Y a\u00f1ade algo que resume su propia experiencia. \u201cNo teng\u00e1is miedo a hacer la boda que quer\u00e1is, aunque no sea como todas las dem\u00e1s\u201d. Porque una novia puede bailar en Converse, un sencillo ramo colorido puede contar m\u00e1s que mil centros esculturales y un jard\u00edn decorado con amigos puede ser m\u00e1s bello que el m\u00e1s sofisticado de los montajes. Todo es cuesti\u00f3n de prioridades.<\/p>\n","protected":false},"excerpt":{"rendered":"Alejandra\u00a0siempre hab\u00eda imaginado una boda que hablara de ella, de su manera calmada de ver la vida, de&hellip;\n","protected":false},"author":2,"featured_media":244061,"comment_status":"","ping_status":"","sticky":false,"template":"","format":"standard","meta":{"footnotes":""},"categories":[174],"tags":[255,146,147,25,24,256,17153,62557,23],"class_list":{"0":"post-244060","1":"post","2":"type-post","3":"status-publish","4":"format-standard","5":"has-post-thumbnail","7":"category-famosos","8":"tag-celebrities","9":"tag-entertainment","10":"tag-entretenimiento","11":"tag-es","12":"tag-espana","13":"tag-famosos","14":"tag-novias","15":"tag-novias-virales","16":"tag-spain"},"share_on_mastodon":{"url":"https:\/\/pubeurope.com\/@es\/115574988573172148","error":""},"_links":{"self":[{"href":"https:\/\/www.europesays.com\/es\/wp-json\/wp\/v2\/posts\/244060","targetHints":{"allow":["GET"]}}],"collection":[{"href":"https:\/\/www.europesays.com\/es\/wp-json\/wp\/v2\/posts"}],"about":[{"href":"https:\/\/www.europesays.com\/es\/wp-json\/wp\/v2\/types\/post"}],"author":[{"embeddable":true,"href":"https:\/\/www.europesays.com\/es\/wp-json\/wp\/v2\/users\/2"}],"replies":[{"embeddable":true,"href":"https:\/\/www.europesays.com\/es\/wp-json\/wp\/v2\/comments?post=244060"}],"version-history":[{"count":0,"href":"https:\/\/www.europesays.com\/es\/wp-json\/wp\/v2\/posts\/244060\/revisions"}],"wp:featuredmedia":[{"embeddable":true,"href":"https:\/\/www.europesays.com\/es\/wp-json\/wp\/v2\/media\/244061"}],"wp:attachment":[{"href":"https:\/\/www.europesays.com\/es\/wp-json\/wp\/v2\/media?parent=244060"}],"wp:term":[{"taxonomy":"category","embeddable":true,"href":"https:\/\/www.europesays.com\/es\/wp-json\/wp\/v2\/categories?post=244060"},{"taxonomy":"post_tag","embeddable":true,"href":"https:\/\/www.europesays.com\/es\/wp-json\/wp\/v2\/tags?post=244060"}],"curies":[{"name":"wp","href":"https:\/\/api.w.org\/{rel}","templated":true}]}}