{"id":244066,"date":"2025-11-19T06:42:18","date_gmt":"2025-11-19T06:42:18","guid":{"rendered":"https:\/\/www.europesays.com\/es\/244066\/"},"modified":"2025-11-19T06:42:18","modified_gmt":"2025-11-19T06:42:18","slug":"el-cela-estrena-un-documental-sobre-la-transicion-en-alcorisa","status":"publish","type":"post","link":"https:\/\/www.europesays.com\/es\/244066\/","title":{"rendered":"El CELA\u2008estrena un documental sobre la transici\u00f3n en Alcorisa"},"content":{"rendered":"<p>El <strong>Centro Estudios Locales de Alcorisa<\/strong> puso el s\u00e1bado el broche de oro a la <strong>XX edici\u00f3n de sus \u2018Encuentros con la Historia\u2019 <\/strong>con el <strong>estreno de su documental \u2018La Transici\u00f3n en Alcorisa (1975-1982)\u2019. <\/strong>Precisamente esta cita estuvo<strong> dedicada este a\u00f1o a la transici\u00f3n en la localidad al cumplirse 50 a\u00f1os de la muerte del dictador Francisco Franco<\/strong>. El colof\u00f3n fue el primer visionado de un documental <strong>dirigido y realizado por Yaiza Nuez con gui\u00f3n de Rafa Catal\u00e1n<\/strong> que recuerda c\u00f3mo fueron aquellos a\u00f1os de la mano de 13 personas de la vida pol\u00edtica y social alcorisana de la \u00e9poca.<\/p>\n<p>El viernes <strong>cuatro protagonistas de la transici\u00f3n contaron sus experiencias en primera persona.<\/strong> En el sal\u00f3n de actos del ayuntamiento tuvo lugar una mesa redonda en la que intervinieron Jos\u00e9 \u00c1ngel Biel, expresidente de las Cortes de Arag\u00f3n; Carmen Solano Carreras, profesora y pol\u00edtica aragonesa; Gustavo Alares, historiador y profesor del Centro Universitario de la Defensa; y Eduardo Mart\u00edn, exconcejal alcorisano.<\/p>\n<p>Por la ma\u00f1ana Mart\u00edn estuvo con <strong>alumnos del IES Dami\u00e1n Forment <\/strong>para contarles de primera mano la transici\u00f3n en Alcorisa. Fue una charla cercana y llena de experiencias reales que ayudan a entender mejor aquellos a\u00f1os convulsos. El exconcejal record\u00f3 tambi\u00e9n la dureza de la dictadura y el enorme esfuerzo colectivo que supuso construir una democracia desde cero, con di\u00e1logo, responsabilidad y mucha esperanza. Su mensaje final fue claro: \u00abel Estado democr\u00e1tico cost\u00f3 much\u00edsimo ponerlo en marcha. Los derechos y libertades de los que gozamos hoy tardaron a\u00f1os en conquistarse, pero pueden perderse en un momento. Por eso es esencial que las nuevas generaciones valor\u00e9is la democracia y aprend\u00e1is a protegerla\u00bb.<\/p>\n<p>Un d\u00eda antes, el jueves, en la sala de exposiciones del Centro Cultural Valero Lecha <strong>se inaugur\u00f3 la exposici\u00f3n \u2018Cobertura fotogr\u00e1fica de un reportero de prensa pol\u00edtica\u2019<\/strong> cedida por el CELAN y seguidamente el historiador andorrano <strong>Javier Alqu\u00e9zar imparti\u00f3 una charla titulada \u2018La transici\u00f3n en Arag\u00f3n\u2019.<\/strong><\/p>\n<p>La actividad de los \u2018Encuentros con la Historia\u2019 comenz\u00f3 el mi\u00e9rcoles con una mesa redonda sobre el <strong>peri\u00f3dico alcorisano El Batajo<\/strong> de la mano de antiguos redactores (el club juvenil parroquial) y alumnado del CPEPA Alcorisa.<\/p>\n","protected":false},"excerpt":{"rendered":"El Centro Estudios Locales de Alcorisa puso el s\u00e1bado el broche de oro a la XX edici\u00f3n de&hellip;\n","protected":false},"author":2,"featured_media":244067,"comment_status":"","ping_status":"","sticky":false,"template":"","format":"standard","meta":{"footnotes":""},"categories":[169],"tags":[177,146,147,25,24,176,175,23],"class_list":{"0":"post-244066","1":"post","2":"type-post","3":"status-publish","4":"format-standard","5":"has-post-thumbnail","7":"category-cine","8":"tag-cine","9":"tag-entertainment","10":"tag-entretenimiento","11":"tag-es","12":"tag-espana","13":"tag-film","14":"tag-movies","15":"tag-spain"},"share_on_mastodon":{"url":"https:\/\/pubeurope.com\/@es\/115575006405385500","error":""},"_links":{"self":[{"href":"https:\/\/www.europesays.com\/es\/wp-json\/wp\/v2\/posts\/244066","targetHints":{"allow":["GET"]}}],"collection":[{"href":"https:\/\/www.europesays.com\/es\/wp-json\/wp\/v2\/posts"}],"about":[{"href":"https:\/\/www.europesays.com\/es\/wp-json\/wp\/v2\/types\/post"}],"author":[{"embeddable":true,"href":"https:\/\/www.europesays.com\/es\/wp-json\/wp\/v2\/users\/2"}],"replies":[{"embeddable":true,"href":"https:\/\/www.europesays.com\/es\/wp-json\/wp\/v2\/comments?post=244066"}],"version-history":[{"count":0,"href":"https:\/\/www.europesays.com\/es\/wp-json\/wp\/v2\/posts\/244066\/revisions"}],"wp:featuredmedia":[{"embeddable":true,"href":"https:\/\/www.europesays.com\/es\/wp-json\/wp\/v2\/media\/244067"}],"wp:attachment":[{"href":"https:\/\/www.europesays.com\/es\/wp-json\/wp\/v2\/media?parent=244066"}],"wp:term":[{"taxonomy":"category","embeddable":true,"href":"https:\/\/www.europesays.com\/es\/wp-json\/wp\/v2\/categories?post=244066"},{"taxonomy":"post_tag","embeddable":true,"href":"https:\/\/www.europesays.com\/es\/wp-json\/wp\/v2\/tags?post=244066"}],"curies":[{"name":"wp","href":"https:\/\/api.w.org\/{rel}","templated":true}]}}