{"id":244068,"date":"2025-11-19T06:43:07","date_gmt":"2025-11-19T06:43:07","guid":{"rendered":"https:\/\/www.europesays.com\/es\/244068\/"},"modified":"2025-11-19T06:43:07","modified_gmt":"2025-11-19T06:43:07","slug":"espana-sella-su-clasificacion-para-el-mundial-2026-el-pais-expres","status":"publish","type":"post","link":"https:\/\/www.europesays.com\/es\/244068\/","title":{"rendered":"Espa\u00f1a sella su clasificaci\u00f3n para el Mundial 2026 | El PA\u00cdS Expr\u00e9s"},"content":{"rendered":"<p><img fetchpriority=\"high\" decoding=\"auto\" class=\"_re  a_m-h\" height=\"414\"  width=\"414\"  src=\"https:\/\/www.europesays.com\/es\/wp-content\/uploads\/2025\/11\/SCX4JJDBQNG3XO7A3S6MDMPD2E.jpg\" loading=\"eager\"\/>TBILISI (Georgia), 15\/11\/2025.- Fabi\u0087n Ruiz (L) and Mikel Oyarzabal (R) of Spain celebrate during the FIFA World Cup 26 UEFA qualifier between Georgia and Spain in Tbilisi, Georgia, 15 November 2025. (Mundial de F\u00fatbol, Espa\u00f1a) EFE\/EPA\/DAVID MDZINARISHVILI&#13;<br \/>\nFoto: DAVID MDZINARISHVILI (EFE)<\/p>\n<p class=\"\">La selecci\u00f3n espa\u00f1ola lo ten\u00eda pr\u00e1cticamente hecho, solo una goleada por m\u00e1s de seis goles imped\u00eda la clasificaci\u00f3n directa para el pr\u00f3ximo Mundial de f\u00fatbol, pero la Roja sum\u00f3 un empate ante Turqu\u00eda (2-2) que le permite mantener su racha de invicto (31 partidos).<\/p>\n<p class=\"\"><b>El partido m\u00e1s duro.<\/b> Espa\u00f1a encadenaba goleadas en la fase de clasificaci\u00f3n, pero ante Turqu\u00eda sufri\u00f3 m\u00e1s de lo esperado.<\/p>\n<ul>\n<li>Dani Olmo adelant\u00f3 pronto a los de Luis de la Fuente, pero los goles de G\u00fcl y Ozcan sirvieron para la remontada turca. Oyarzabal empat\u00f3 en el minuto 61 y el marcador ya no se movi\u00f3 pese a las numerosas ocasiones espa\u00f1olas posteriores.<\/li>\n<\/ul>\n<p class=\"\"><b>Imbatibilidad rota.<\/b> Espa\u00f1a recibi\u00f3 sus primeros goles en contra de toda la fase clasificatoria. Hasta ese momento, hab\u00eda anotado 20 tantos por ninguno en contra.<\/p>\n<p class=\"\"><b>Mundial a la vista. <\/b>Tras el tr\u00e1mite de ayer, Espa\u00f1a ya piensa en la Copa del Mundo, que se disputar\u00e1 en Norteam\u00e9rica (Canad\u00e1, EE UU y M\u00e9xico) del 11 de junio al 19 de julio de 2026.<\/p>\n<ul>\n<li>Ser\u00e1 el primer campeonato mundial con 48 selecciones, de las que ya hay 39 clasificadas. Los equipos restantes se conocer\u00e1n en las pr\u00f3ximas fechas o ya en marzo, como es el caso de Europa, donde se disputar\u00e1 una repesca que repartir\u00e1 cuatro billetes.<\/li>\n<\/ul>\n<p class=\"\">\u00a9Foto: David Mdzinarishvili (EFE)<\/p>\n<p class=\"\"><a href=\"https:\/\/elpais.com\/deportes\/futbol\/2025-11-18\/un-sorbo-de-mortalidad-para-espana-camino-al-mundial.html\" target=\"_self\" rel=\"nofollow noopener\" title=\"https:\/\/elpais.com\/deportes\/futbol\/2025-11-18\/un-sorbo-de-mortalidad-para-espana-camino-al-mundial.html\">Si quieres saber m\u00e1s, puedes leer aqu\u00ed. <\/a><\/p>\n","protected":false},"excerpt":{"rendered":"TBILISI (Georgia), 15\/11\/2025.- Fabi\u0087n Ruiz (L) and Mikel Oyarzabal (R) of Spain celebrate during the FIFA World Cup&hellip;\n","protected":false},"author":2,"featured_media":244069,"comment_status":"","ping_status":"","sticky":false,"template":"","format":"standard","meta":{"footnotes":""},"categories":[93],"tags":[168,1539,25,24,282,1538,32463,3714,23,167],"class_list":{"0":"post-244068","1":"post","2":"type-post","3":"status-publish","4":"format-standard","5":"has-post-thumbnail","7":"category-deportes","8":"tag-deportes","9":"tag-entrenadores","10":"tag-es","11":"tag-espana","12":"tag-futbol","13":"tag-futbolistas","14":"tag-mundial-2026","15":"tag-seleccion-espanola","16":"tag-spain","17":"tag-sports"},"share_on_mastodon":{"url":"https:\/\/pubeurope.com\/@es\/115575010696540898","error":""},"_links":{"self":[{"href":"https:\/\/www.europesays.com\/es\/wp-json\/wp\/v2\/posts\/244068","targetHints":{"allow":["GET"]}}],"collection":[{"href":"https:\/\/www.europesays.com\/es\/wp-json\/wp\/v2\/posts"}],"about":[{"href":"https:\/\/www.europesays.com\/es\/wp-json\/wp\/v2\/types\/post"}],"author":[{"embeddable":true,"href":"https:\/\/www.europesays.com\/es\/wp-json\/wp\/v2\/users\/2"}],"replies":[{"embeddable":true,"href":"https:\/\/www.europesays.com\/es\/wp-json\/wp\/v2\/comments?post=244068"}],"version-history":[{"count":0,"href":"https:\/\/www.europesays.com\/es\/wp-json\/wp\/v2\/posts\/244068\/revisions"}],"wp:featuredmedia":[{"embeddable":true,"href":"https:\/\/www.europesays.com\/es\/wp-json\/wp\/v2\/media\/244069"}],"wp:attachment":[{"href":"https:\/\/www.europesays.com\/es\/wp-json\/wp\/v2\/media?parent=244068"}],"wp:term":[{"taxonomy":"category","embeddable":true,"href":"https:\/\/www.europesays.com\/es\/wp-json\/wp\/v2\/categories?post=244068"},{"taxonomy":"post_tag","embeddable":true,"href":"https:\/\/www.europesays.com\/es\/wp-json\/wp\/v2\/tags?post=244068"}],"curies":[{"name":"wp","href":"https:\/\/api.w.org\/{rel}","templated":true}]}}