{"id":244076,"date":"2025-11-19T06:48:13","date_gmt":"2025-11-19T06:48:13","guid":{"rendered":"https:\/\/www.europesays.com\/es\/244076\/"},"modified":"2025-11-19T06:48:13","modified_gmt":"2025-11-19T06:48:13","slug":"enorme-incendio-devora-mas-de-170-edificios-en-japon-dw-19-11-2025","status":"publish","type":"post","link":"https:\/\/www.europesays.com\/es\/244076\/","title":{"rendered":"Enorme incendio devora m\u00e1s de 170 edificios en Jap\u00f3n \u2013 DW \u2013 19\/11\/2025"},"content":{"rendered":"<p>Al menos una persona se encuentra desaparecida y m\u00e1s de 170 edificios han sido quemados en un extenso incendio declarado la noche del martes (18.11.2025) en un \u00e1rea residencial del suroeste de <a class=\"internal-link\" href=\"https:\/\/www.dw.com\/es\/jap\u00f3n\/t-17412726\" rel=\"nofollow noopener\" target=\"_blank\">Jap\u00f3n<\/a>, donde los bomberos continuaban\u00a0este mi\u00e9rcoles intentando controlar y extinguir las llamas.<\/p>\n<p>El departamento de bomberos de la ciudad de Oita, en la isla meridional de Kyushu, recibi\u00f3 una llamada de emergencia alrededor de las 17:45 hora local del martes (8:45 GMT) de un residente del distrito de Saganoseki, alertando de un incendio en una vivienda.<\/p>\n<p>El incendio se ha propagado r\u00e1pidamente, arrasando una zona residencial c\u00e9ntrica y quemado bosques circundantes al \u00e1rea, que se encuentra cerca de un puerto pesquero.<\/p>\n<p><img data-format=\"MASTER_LANDSCAPE\" data-id=\"74798846\" data-url=\"https:\/\/static.dw.com\/image\/74798846_${formatId}.jpg\" data-aspect-ratio=\"16\/9\" alt=\"Vista del gran incendio en Saganoseki, ciudad de Oita, Kyushu, Jap\u00f3n. (18.11.2025) \" style=\"padding-bottom: 56.25%; height: 0; max-height: 0;\"\/>Los bomberos contin\u00faan luchando contra el gigantesco incendio en Saganoseki, ciudad de Oita, Kyushu, Jap\u00f3n. (18.11.2025)Imagen: Fuko Oyama\/AP Photo\/picture alliance<\/p>\n<p>Reportan un desaparecido<\/p>\n<p>El fuego ha afectado ya a m\u00e1s de 170 edificios, entre ellos casas, y las autoridades no han sido capaces de contactar con un hombre de 76 a\u00f1os residente en la zona, seg\u00fan el balance oficial m\u00e1s reciente recogido por la cadena p\u00fablica NHK.<\/p>\n<p>El siniestro forz\u00f3 la evacuaci\u00f3n de al menos 175 personas la noche del martes a un centro comunitario, de acuerdo a la citada cadena.<\/p>\n<p>M\u00e1s de 12 horas despu\u00e9s de ser declarado, no hay a\u00fan indicios de cu\u00e1ndo podr\u00eda quedar extinto.<\/p>\n<p>Las autoridades de la prefectura hom\u00f3nima de Oita, donde se encuentra la ciudad afectada, cre\u00f3 un grupo de trabajo especial para analizar la evoluci\u00f3n de la situaci\u00f3n y los pasos a seguir.<\/p>\n<p>gs (efe, ap)<\/p>\n","protected":false},"excerpt":{"rendered":"Al menos una persona se encuentra desaparecida y m\u00e1s de 170 edificios han sido quemados en un extenso&hellip;\n","protected":false},"author":2,"featured_media":244077,"comment_status":"","ping_status":"","sticky":false,"template":"","format":"standard","meta":{"footnotes":""},"categories":[42],"tags":[17,18,13,14,11,61,62,63,64,19,20,9,10,15,16,12,21,22,65,66,67],"class_list":{"0":"post-244076","1":"post","2":"type-post","3":"status-publish","4":"format-standard","5":"has-post-thumbnail","7":"category-internacional","8":"tag-breaking-news","9":"tag-breakingnews","10":"tag-featured-news","11":"tag-featurednews","12":"tag-headlines","13":"tag-internacional","14":"tag-international","15":"tag-international-news","16":"tag-internationalnews","17":"tag-latest-news","18":"tag-latestnews","19":"tag-news","20":"tag-noticias","21":"tag-noticias-destacadas","22":"tag-noticiasdestacadas","23":"tag-titulares","24":"tag-ultimas-noticias","25":"tag-ultimasnoticias","26":"tag-world","27":"tag-world-news","28":"tag-worldnews"},"share_on_mastodon":{"url":"https:\/\/pubeurope.com\/@es\/115575030009172927","error":""},"_links":{"self":[{"href":"https:\/\/www.europesays.com\/es\/wp-json\/wp\/v2\/posts\/244076","targetHints":{"allow":["GET"]}}],"collection":[{"href":"https:\/\/www.europesays.com\/es\/wp-json\/wp\/v2\/posts"}],"about":[{"href":"https:\/\/www.europesays.com\/es\/wp-json\/wp\/v2\/types\/post"}],"author":[{"embeddable":true,"href":"https:\/\/www.europesays.com\/es\/wp-json\/wp\/v2\/users\/2"}],"replies":[{"embeddable":true,"href":"https:\/\/www.europesays.com\/es\/wp-json\/wp\/v2\/comments?post=244076"}],"version-history":[{"count":0,"href":"https:\/\/www.europesays.com\/es\/wp-json\/wp\/v2\/posts\/244076\/revisions"}],"wp:featuredmedia":[{"embeddable":true,"href":"https:\/\/www.europesays.com\/es\/wp-json\/wp\/v2\/media\/244077"}],"wp:attachment":[{"href":"https:\/\/www.europesays.com\/es\/wp-json\/wp\/v2\/media?parent=244076"}],"wp:term":[{"taxonomy":"category","embeddable":true,"href":"https:\/\/www.europesays.com\/es\/wp-json\/wp\/v2\/categories?post=244076"},{"taxonomy":"post_tag","embeddable":true,"href":"https:\/\/www.europesays.com\/es\/wp-json\/wp\/v2\/tags?post=244076"}],"curies":[{"name":"wp","href":"https:\/\/api.w.org\/{rel}","templated":true}]}}