{"id":244078,"date":"2025-11-19T06:49:11","date_gmt":"2025-11-19T06:49:11","guid":{"rendered":"https:\/\/www.europesays.com\/es\/244078\/"},"modified":"2025-11-19T06:49:11","modified_gmt":"2025-11-19T06:49:11","slug":"indignacion-en-el-psoe-tras-las-nuevas-revelaciones-sobre-cerdan-por-cuatro-duros-ponen-en-jaque-al-partido-espana","status":"publish","type":"post","link":"https:\/\/www.europesays.com\/es\/244078\/","title":{"rendered":"Indignaci\u00f3n en el PSOE tras las nuevas revelaciones sobre Cerd\u00e1n: \u201cPor cuatro duros ponen en jaque al partido\u201d | Espa\u00f1a"},"content":{"rendered":"<p class=\"\">\u201cEs todo muy cutre, quien haya hecho algo a la trena\u201d, dec\u00eda un ministro esta tarde tras conocerse el informe de la UCO, otra vez con la indignaci\u00f3n recorriendo las filas del PSOE tras conocer las nuevas revelaciones del \u00faltimo informe de la Unidad Central Operativa (UCO) sobre Santos Cerd\u00e1n. \u201cEs todo casquer\u00eda, pero cala en la gente. Por cuatro duros han puesto en jaque al partido, a todo un proyecto pol\u00edtico y una idea de pa\u00eds\u201d, lamentaba otro peso pesado del Ejecutivo. Seg\u00fan las indagaciones de la Guardia Civil, el que fuera secretario de Organizaci\u00f3n del PSOE <a href=\"https:\/\/elpais.com\/espana\/2025-11-18\/el-supremo-cita-a-declarar-a-tres-nuevos-investigados-por-el-supuesto-amano-de-obras-tras-los-registros-en-varias-sedes-de-acciona.html\" target=\"_self\" rel=\"nofollow noopener\" title=\"https:\/\/elpais.com\/espana\/2025-11-18\/el-supremo-cita-a-declarar-a-tres-nuevos-investigados-por-el-supuesto-amano-de-obras-tras-los-registros-en-varias-sedes-de-acciona.html\">actu\u00f3 de \u201cenlace\u201d con Acciona a cambio de un 2% en mordidas por el ama\u00f1o de obra p\u00fablica<\/a> y tanto \u00e9l como su esposa hac\u00edan uso de la tarjeta bancaria que les hab\u00eda dado Servinabar, empresa clave de la trama corrupta que investigan el Tribunal Supremo y la Audiencia Nacional. <\/p>\n<p class=\"\">Al presidente del Gobierno, Pedro S\u00e1nchez, le han preguntado por este asunto en la Moncloa: \u201cEl Gobierno de Espa\u00f1a y tambi\u00e9n la organizaci\u00f3n que lidero, desde el primer minuto en que se conocieron este tipo de situaciones, hemos colaborado con la Justicia y hemos actuado con contundencia. Ahora tenemos que dejar a la Justicia trabajar. Hemos actuado de manera contundente y vamos a esperar al desarrollo de esas investigaciones judiciales\u201d, ha argumentado S\u00e1nchez en una comparecencia conjunta con Volod\u00edmir Zelenski en el Palacio de La Moncloa. Una respuesta de manual en una jornada en la que l\u00edderes territoriales, miembros de la direcci\u00f3n federal, diputados, alcaldes, senadores y los militantes de base del PSOE han compartido su malestar tras las \u00faltimas informaciones. <\/p>\n<p class=\"\">Entre las nuevas revelaciones, la UCO detalla que hab\u00eda recelos entre los miembros de la trama con Francisca Mu\u00f1oz Cano, Paqui, la mujer de Cerd\u00e1n. <a href=\"https:\/\/elpais.com\/espana\/2025-11-18\/la-trama-recelaba-de-los-gastos-de-la-mujer-de-cerdan-a-paqui-la-conocen-todas-las-de-el-corte-ingles-gastar-y-gastar-ya-les-vale.html\" target=\"_self\" rel=\"nofollow noopener\" title=\"https:\/\/elpais.com\/espana\/2025-11-18\/la-trama-recelaba-de-los-gastos-de-la-mujer-de-cerdan-a-paqui-la-conocen-todas-las-de-el-corte-ingles-gastar-y-gastar-ya-les-vale.html\">\u201cA Paqui la conocen todas las mujeres de El Corte Ingl\u00e9s. Gastar y gastar. Ya les vale\u201d,<\/a> comentaba el due\u00f1o de Servinabar con su mujer Karmele Atuxa, seg\u00fan los investigadores. \u201cEs cutrenabar, es insuperable y terrible porque a la gente le entra como un ca\u00f1\u00f3n. Solo los muy cafeteros sabe qui\u00e9n es el fiscal general, no le ubican, pero todo el mundo entiende a la primera lo que es fundirse la tarjeta en El Corte Ingl\u00e9s como si no hubiera un ma\u00f1ana\u00bb, se enoja un miembro de la c\u00fapula del PSOE. \u201cSantos nos ha enga\u00f1ado a todos. Y viendo el informe, lo ten\u00eda todo atado y bien atado\u201d, asiente otro miembro de la ejecutiva federal.<\/p>\n<p class=\"\">Hay muchos m\u00e1s socialistas que admiten en privado su preocupaci\u00f3n: \u201cMa\u00f1ana Pedro tiene mitin en M\u00e9rida con [Miguel \u00c1ngel] Gallardo, que est\u00e1 procesado por haber enchufado supuestamente al hermano. T\u00fa haz campa\u00f1a con eso y con esto y Anto\u00f1ita la Fant\u00e1stica&#8230;\u201d, opina uno de los secretarios provinciales m\u00e1s poderosos, en una alusi\u00f3n final a Leire D\u00edez, que se hac\u00eda pasar como la \u201cmano derecha\u201d de Cerd\u00e1n. Este lunes, la conocida como \u201cfontanera del PSOE\u201d cambi\u00f3 su versi\u00f3n de los \u00faltimos meses y dijo al juez que su relaci\u00f3n con el ex secretario de Organizaci\u00f3n <a href=\"https:\/\/elpais.com\/espana\/2025-11-17\/leire-diez-pide-la-nulidad-de-las-grabaciones-en-las-que-se-presenta-como-mano-derecha-de-cerdan.html\" target=\"_self\" rel=\"nofollow noopener\" title=\"https:\/\/elpais.com\/espana\/2025-11-17\/leire-diez-pide-la-nulidad-de-las-grabaciones-en-las-que-se-presenta-como-mano-derecha-de-cerdan.html\">a dos reuniones \u201ccomo periodista\u201d.<\/a><\/p>\n<p class=\"\">A una de ellas acudi\u00f3 Antonio Hernando cuando era director adjunto del Gabinete de la Presidencia del Gobierno. Fuentes de su entorno han trasladado a EL PA\u00cdS que acudi\u00f3 porque se lo pidi\u00f3 Cerd\u00e1n, por su conocimiento del caso Villarejo  durante su etapa como portavoz del Grupo Socialista en el Congreso cuando el PSOE impuls\u00f3 la primera comisi\u00f3n de investigaci\u00f3n sobre este asunto. Seg\u00fan esas fuentes, Hernando escuch\u00f3, no tom\u00f3 la palabra en esa reuni\u00f3n, que se extendi\u00f3 durante unos 20 minutos, y en la que concluy\u00f3 que la informaci\u00f3n que ofrec\u00edan los participantes era la conocida y estaba judicializada. Preguntado por si fue informado de ese encuentro, S\u00e1nchez lo ha negado. \u201cLa respuesta es bien sencilla: no\u201d, ha respondido lac\u00f3nico junto a Zelenski.<\/p>\n<p class=\"\">\u201cNos han tocado todos los frikis. Entre Leire, Koldo, lo de \u00c1balos con las mujeres que no tiene nombre, que si las chistorras [la forma en que la trama se refer\u00eda presuntamente a los billetes de 500 euros] Menudo nivel\u00f3n. Es un bochorno\u201d, dice un veterano de la bancada en el Congreso. \u201cHay quienes piensan que ya lo hab\u00edamos amortizado\u2026 Yo no me har\u00eda ilusiones. Y justo nos sale el d\u00eda que hab\u00eda saltado el caso del PP en Almer\u00eda\u201d, porf\u00eda un secretario general de una comunidad aut\u00f3noma. A primera hora de la ma\u00f1ana fueron detenidos el presidente y el vicepresidente de la Diputaci\u00f3n de Almer\u00eda por una trama de comisiones ilegales en contratos de obra p\u00fablica de mascarillas durante la pandemia. <\/p>\n<p class=\"\">A las puertas de las elecciones en Extremadura y de la secuencia electoral prevista para 2026, hay quienes admiten en privado que la corrupci\u00f3n complica su campa\u00f1a. \u201cAs\u00ed es dif\u00edcil que nos voten nuestra gesti\u00f3n y lo que hagamos, tendr\u00edamos que subir el salario m\u00ednimo a 2.000 euros y ni con esas\u201d, conclu\u00eda un alcalde. Para mayo de 2027, dice, repite a sus vecinos que \u201cle voten en clave municipal\u201d. \u201cEstoy alucinado\u2026 Ten\u00eda esperanzas de que se demostrara que no hab\u00eda nada, pero lo de la tarjeta me ha roto todos los esquemas\u201d, acaba un secretario de organizaci\u00f3n de una federaci\u00f3n.<\/p>\n","protected":false},"excerpt":{"rendered":"\u201cEs todo muy cutre, quien haya hecho algo a la trena\u201d, dec\u00eda un ministro esta tarde tras conocerse&hellip;\n","protected":false},"author":2,"featured_media":244079,"comment_status":"","ping_status":"","sticky":false,"template":"","format":"standard","meta":{"footnotes":""},"categories":[8],"tags":[17,18,767,12515,25,62561,24,13,14,248,11,19,20,9,10,15,16,1699,8411,23,12,21,22],"class_list":{"0":"post-244078","1":"post","2":"type-post","3":"status-publish","4":"format-standard","5":"has-post-thumbnail","7":"category-espana","8":"tag-breaking-news","9":"tag-breakingnews","10":"tag-corrupcion","11":"tag-corrupcion-politica","12":"tag-es","13":"tag-escandalos-politicos","14":"tag-espana","15":"tag-featured-news","16":"tag-featurednews","17":"tag-gobierno-de-espana","18":"tag-headlines","19":"tag-latest-news","20":"tag-latestnews","21":"tag-news","22":"tag-noticias","23":"tag-noticias-destacadas","24":"tag-noticiasdestacadas","25":"tag-psoe","26":"tag-santos-cerdan","27":"tag-spain","28":"tag-titulares","29":"tag-ultimas-noticias","30":"tag-ultimasnoticias"},"share_on_mastodon":{"url":"https:\/\/pubeurope.com\/@es\/115575033904033573","error":""},"_links":{"self":[{"href":"https:\/\/www.europesays.com\/es\/wp-json\/wp\/v2\/posts\/244078","targetHints":{"allow":["GET"]}}],"collection":[{"href":"https:\/\/www.europesays.com\/es\/wp-json\/wp\/v2\/posts"}],"about":[{"href":"https:\/\/www.europesays.com\/es\/wp-json\/wp\/v2\/types\/post"}],"author":[{"embeddable":true,"href":"https:\/\/www.europesays.com\/es\/wp-json\/wp\/v2\/users\/2"}],"replies":[{"embeddable":true,"href":"https:\/\/www.europesays.com\/es\/wp-json\/wp\/v2\/comments?post=244078"}],"version-history":[{"count":0,"href":"https:\/\/www.europesays.com\/es\/wp-json\/wp\/v2\/posts\/244078\/revisions"}],"wp:featuredmedia":[{"embeddable":true,"href":"https:\/\/www.europesays.com\/es\/wp-json\/wp\/v2\/media\/244079"}],"wp:attachment":[{"href":"https:\/\/www.europesays.com\/es\/wp-json\/wp\/v2\/media?parent=244078"}],"wp:term":[{"taxonomy":"category","embeddable":true,"href":"https:\/\/www.europesays.com\/es\/wp-json\/wp\/v2\/categories?post=244078"},{"taxonomy":"post_tag","embeddable":true,"href":"https:\/\/www.europesays.com\/es\/wp-json\/wp\/v2\/tags?post=244078"}],"curies":[{"name":"wp","href":"https:\/\/api.w.org\/{rel}","templated":true}]}}