{"id":244082,"date":"2025-11-19T06:58:17","date_gmt":"2025-11-19T06:58:17","guid":{"rendered":"https:\/\/www.europesays.com\/es\/244082\/"},"modified":"2025-11-19T06:58:17","modified_gmt":"2025-11-19T06:58:17","slug":"23-temporadas-nba-de-king-james","status":"publish","type":"post","link":"https:\/\/www.europesays.com\/es\/244082\/","title":{"rendered":"23 temporadas NBA de &#8216;King&#8217; James"},"content":{"rendered":"<p data-mrf-recirculation=\"Links P\u00e1rrafos\" class=\"ue-c-article__paragraph paragraph ue-c-article--first-letter-highlighted\"><strong>Los Angeles Lakers<\/strong> ganaron <strong>140-125<\/strong> a los <strong>Utah Jazz<\/strong> en el d\u00eda que <a href=\"https:\/\/www.marca.com\/personajes\/lebron-james.html\" rel=\"nofollow noopener\" target=\"_blank\"><strong>LeBron James<\/strong><\/a>, que tiene 40 a\u00f1os, hizo historia al convertirse en el <a href=\"https:\/\/www.marca.com\/baloncesto\/nba\/2025\/11\/18\/23-23-vuelve-lebron-james-record.html\" rel=\"nofollow noopener\" target=\"_blank\"><strong>primer jugador en disputar 23 temporadas en la NBA<\/strong><\/a>.<\/p>\n<p><img decoding=\"async\" width=\"544\" height=\"680\" class=\"ue-c-article__image lazyload\" alt=\"Noche hist\u00f3rica de LeBron James: primer jugador con disputar 23 temporadas en la NBA\" loading=\"lazy\" src=\"https:\/\/www.europesays.com\/es\/wp-content\/uploads\/2025\/11\/691d67e436710.jpeg\"\/><\/p>\n<p>Noche hist\u00f3rica de LeBron James: primer jugador con disputar 23 temporadas en la NBANBA<\/p>\n<p data-mrf-recirculation=\"Links P\u00e1rrafos\" class=\"ue-c-article__paragraph paragraph\">LeBron James, que se perdi\u00f3 los 14 primeros partidor por problemas de ci\u00e1tica, firm\u00f3 <strong>11 puntos y 12 asistencias en 30 minutos <\/strong>en su debut en el presente curso<strong>.<\/strong><\/p>\n<p><img decoding=\"async\" width=\"544\" height=\"680\" class=\"ue-c-article__image lazyload\" alt=\"https:\/\/www.marca.com\/baloncesto\/nba\/2025\/11\/18\/23-23-vuelve-lebron-james-record.html\" loading=\"lazy\" src=\"https:\/\/www.europesays.com\/es\/wp-content\/uploads\/2025\/11\/691d4340a42b4.jpeg\"\/><\/p>\n<p>https:\/\/www.marca.com\/baloncesto\/nba\/2025\/11\/18\/23-23-vuelve-lebron-james-record.htmlNBA<\/p>\n<p data-mrf-recirculation=\"Links P\u00e1rrafos\" class=\"ue-c-article__paragraph paragraph\">El gran responsable del triunfo de los Lakers fue el esloveno <a href=\"https:\/\/www.marca.com\/personajes\/luka-doncic.html\" rel=\"nofollow noopener\" target=\"_blank\"><strong>Luka Doncic<\/strong><\/a>, que acab\u00f3 la noche con <strong>37 puntos, 10 rebotes, 8 asistencias y 4 robos<\/strong>.<\/p>\n<p><img decoding=\"async\" width=\"544\" height=\"680\" class=\"ue-c-article__image lazyload\" alt=\"La 23 del 23: vuelve LeBron James y es un r\u00e9cord\" loading=\"lazy\" src=\"https:\/\/www.europesays.com\/es\/wp-content\/uploads\/2025\/11\/691d4303c9732.jpeg\"\/><\/p>\n<p>La 23 del 23: vuelve LeBron James y es un r\u00e9cordNBA<\/p>\n<p data-mrf-recirculation=\"Links P\u00e1rrafos\" class=\"ue-c-article__paragraph paragraph\"><strong>Deandre Ayton (20 puntos y 14 rebotes)<\/strong> y <strong>Austin Reaves (26 puntos)<\/strong> fueron los mejores escuderos de Doncic.<\/p>\n<p data-mrf-recirculation=\"Links P\u00e1rrafos\" class=\"ue-c-article__paragraph paragraph\"><strong>Bronny James<\/strong>, el hijo de LeBron James, coron\u00f3 la gran fiesta de su padre con un triple lejano que fue muy celebrado en Los \u00c1ngeles.<\/p>\n<p data-mrf-recirculation=\"Links P\u00e1rrafos\" class=\"ue-c-article__paragraph paragraph\">Para los Jazz (5-9), Keyonte George termin\u00f3 con 34 puntos y Lauri Markkanen con 31.\u00a0<\/p>\n","protected":false},"excerpt":{"rendered":"Los Angeles Lakers ganaron 140-125 a los Utah Jazz en el d\u00eda que LeBron James, que tiene 40&hellip;\n","protected":false},"author":2,"featured_media":244083,"comment_status":"","ping_status":"","sticky":false,"template":"","format":"standard","meta":{"footnotes":""},"categories":[269],"tags":[299,298,168,25,24,23,167],"class_list":{"0":"post-244082","1":"post","2":"type-post","3":"status-publish","4":"format-standard","5":"has-post-thumbnail","7":"category-baloncesto","8":"tag-baloncesto","9":"tag-basketball","10":"tag-deportes","11":"tag-es","12":"tag-espana","13":"tag-spain","14":"tag-sports"},"share_on_mastodon":{"url":"https:\/\/pubeurope.com\/@es\/115575070144131575","error":""},"_links":{"self":[{"href":"https:\/\/www.europesays.com\/es\/wp-json\/wp\/v2\/posts\/244082","targetHints":{"allow":["GET"]}}],"collection":[{"href":"https:\/\/www.europesays.com\/es\/wp-json\/wp\/v2\/posts"}],"about":[{"href":"https:\/\/www.europesays.com\/es\/wp-json\/wp\/v2\/types\/post"}],"author":[{"embeddable":true,"href":"https:\/\/www.europesays.com\/es\/wp-json\/wp\/v2\/users\/2"}],"replies":[{"embeddable":true,"href":"https:\/\/www.europesays.com\/es\/wp-json\/wp\/v2\/comments?post=244082"}],"version-history":[{"count":0,"href":"https:\/\/www.europesays.com\/es\/wp-json\/wp\/v2\/posts\/244082\/revisions"}],"wp:featuredmedia":[{"embeddable":true,"href":"https:\/\/www.europesays.com\/es\/wp-json\/wp\/v2\/media\/244083"}],"wp:attachment":[{"href":"https:\/\/www.europesays.com\/es\/wp-json\/wp\/v2\/media?parent=244082"}],"wp:term":[{"taxonomy":"category","embeddable":true,"href":"https:\/\/www.europesays.com\/es\/wp-json\/wp\/v2\/categories?post=244082"},{"taxonomy":"post_tag","embeddable":true,"href":"https:\/\/www.europesays.com\/es\/wp-json\/wp\/v2\/tags?post=244082"}],"curies":[{"name":"wp","href":"https:\/\/api.w.org\/{rel}","templated":true}]}}