{"id":244089,"date":"2025-11-19T07:04:12","date_gmt":"2025-11-19T07:04:12","guid":{"rendered":"https:\/\/www.europesays.com\/es\/244089\/"},"modified":"2025-11-19T07:04:12","modified_gmt":"2025-11-19T07:04:12","slug":"cronica-y-fotos-de-midjungards-en-barcelona-www-rafabasa-com","status":"publish","type":"post","link":"https:\/\/www.europesays.com\/es\/244089\/","title":{"rendered":"Cr\u00f3nica y fotos de MIDJUNGARDS en Barcelona &#8211; WWW.RAFABASA.COM"},"content":{"rendered":"<p>\u00a0<\/p>\n<tr>\n<td>\n<img loading=\"lazy\" decoding=\"async\" src=\"https:\/\/www.europesays.com\/es\/wp-content\/uploads\/2025\/11\/1763535852_257_logo.png\" alt=\"MIDJUNGARDS\" width=\"300\" height=\"92\"\/>\n<\/td>\n<\/tr>\n<p align=\"center\"><b>Viernes 7 de Noviembre de 2025 \u2013 Sala Hangar 05 \u2013 Barcelona<\/b><\/p>\n<p>De un tiempo a esta parte vengo escuchando de forma recurrente, -y no sin raz\u00f3n-, que los precios de las entradas son cada vez m\u00e1s caros, lo que hace que el p\u00fablico deba ser m\u00e1s selectivo a la hora de decidir a que concierto\u00a0 asistir, y m\u00e1s si hablamos de bandas internacionales. As\u00ed que he de reconocer que me\u00a0 sorprendi\u00f3 que la descarga de una banda como <b>MIDJUNGARDS<\/b>, que viene desde Finlandia, -aunque su l\u00edder sea un valenciano afincado en Helsinki-, y que practica un estilo bastante en boga no acabar\u00e1 de resultar atractiva para el p\u00fablico que acostumbra a acudir a las citas que protagonizan las formaciones n\u00f3rdicas que practican un estilo similar. Y m\u00e1s si tenemos en cuenta que su show estaba programado para la tarde\/ noche de un viernes y que la entrada ten\u00eda un precio m\u00e1s que asequible. El emplazamiento escogido fue una sala peque\u00f1a, con buena visibilidad y una excelente ac\u00fastica como es Hangar 05, un marco donde se acostumbran a grabar descargas para ser emitidas en streaming.<\/p>\n<p>Lo dicho, los protagonista de la velada eran <b>MIDJUNGARDS<\/b>, quienes regresaban a la capital catalana para presentar en sociedad su tercer largo \u201cRavens And Eagles\u201d, que vio la luz a finales del pasado mes de Agosto. Para quienes todav\u00eda no les conozcan cabe remarcar que su actual alineaci\u00f3n la componen el guitarrista y vocalista <b>Toni Cano<\/b>, -que seguro os sonar\u00e1 a m\u00e1s de uno por una de sus \u201canteriores aventuras\u201d: Hell-Train-, el bater\u00eda finland\u00e9s <b>Timmo Salakka<\/b>, y su m\u00e1s reciente incorporaci\u00f3n el bajista Guillermo Roig, \u201cTama\u201d. Curiosamente su concierto de esta noche, -el que marcaba la primera de las tres fechas que realizaron en este mes de Noviembre en nuestro pa\u00eds-, supuso el debut en directo del mencionado line-up, que se mostr\u00f3 s\u00f3lido y compacto a la hora de repasar algunos de los temas m\u00e1s destacados y emblem\u00e1ticos\u00a0 de la trayectoria de la banda.<\/p>\n<p>Fue una descarga muy completa, en la que <b>MIDJUNGARDS<\/b> mostraron las diferentes aristas de su sonido. As\u00ed que por supuesto que no faltaron algunas pinceladas tribales durante la inicial \u201cAnsis \u00b4s Wrath\u201d,\u00a0 para posteriormente invitarnos a transitar a trav\u00e9s de sus incisivos desarrollos mel\u00f3dicos. Tampoco faltaron las ambientaciones m\u00e1s oscuras contenidas en \u201cHordes Of Hate\u201d, en las que el tr\u00edo altern\u00f3 tempos cabalgantes con fraseos de din\u00e1mica m\u00e1s vivaz e implacable para acabar encarando una recta final pre\u00f1ada de pura \u00e9pica metalera. Otra de las elegidas para representar el material de su \u00f3pera prima \u201cFrom Scandza\u201d, -que a la postre fue el que goz\u00f3 de m\u00e1s protagonismo dentro del repertorio de esta noche-, fue: \u201cDark Streets\u201d.<\/p>\n<p>Seguro que a m\u00e1s de uno le suena el nombre de la banda, y es que no es para menos, ya que formaron parte del cartel del ROCK IMPERIUM 2023, algo que parec\u00eda augurarles un futuro de lo m\u00e1s prometedor. Sin embargo, tal y como nos coment\u00f3 el propio Toni, sus expectativas no acabaron de cumplirse con la edici\u00f3n de su segundo largo \u201cWhen Empires Fall\u201d, desvaneci\u00e9ndose algunas de sus ilusiones. Precisamente fue el tema que lo abr\u00eda, \u201cLast March\u201d, el que escogieron para dar rienda suelta a su faceta m\u00e1s \u201cTrue\u201d, invit\u00e1ndonos a levantar los pu\u00f1os. Como comentaba anteriormente, el show de esta noche marcaba el estreno de su nueva secci\u00f3n r\u00edtmica, y aunque vimos a Guillermo algo tenso y pendiente de no fallar ni una nota, lo cierto es que se mostr\u00f3 sobrio, compacto y resolutivo, plasmando una excelente qu\u00edmica con su par r\u00edtmico: <b>Timmo Salakka<\/b>.<\/p>\n<p>Viendo la descarga del tr\u00edo qued\u00f3 patente su apuesta decidida por un death\/thrash rotundo, visceral, aunque no exento de pinceladas y desarrollos mel\u00f3dicos y de tintes \u00e9picos. Sin embargo, tambi\u00e9n pudimos apreciar ciertos retazos de clasicismo metalero en algunos de los pasajes que marcaron los compases iniciales de \u201cRavens And Eagles\u201d, que nos adentraba en unas tesituras m\u00e1s oscuras, densas y cadenciosas para poco a poco ir acelerando el paso hasta abocarnos sobre una trepidante recta final. Los riffs continuar\u00edan sonando p\u00e9treos y cadenciosos para acabar transform\u00e1ndose en las amenazantes melod\u00edas que dieron forma al inquietante y aniquilador \u201cThe Day After\u201d.<\/p>\n<p>Encarando ya la recta final de su presentaci\u00f3n <b>MIDJUNGARDS<\/b> nos propondr\u00edan las ambientaciones ritualistas y de aromas funerarios contenidos en\u00a0 \u201cFather And Son\u201d. El colof\u00f3n definitivo para la descarga del tr\u00edo corri\u00f3 por cuenta del que ellos mismos definieron como uno de sus temas estandartes y que de alguna forma marca la personalidad y su filosof\u00eda de seguir siempre adelante y de no rendirse: \u201cStill Here\u201d.<\/p>\n<p>Fue una velada diferente, una descarga especial, -casi m\u00e1s una reuni\u00f3n de amigos que un concierto al uso-,\u00a0 en la que tuvimos ocasi\u00f3n de\u00a0 disfrutar en la distancia corta del directo de una banda solvente, potente y compacta. <b>MIDJUNGARDS<\/b> est\u00e1n a las puertas de publicar un nuevo trabajo, -el cuarto-,\u00a0\u00a0 que llevar\u00e1 por t\u00edtulo \u201cLong Haired Kings\u201d. As\u00ed que esperemos que la pr\u00f3xima vez que se dejen caer por aqu\u00ed cuenten con un mayor respaldo del p\u00fablico barcelon\u00e9s.<\/p>\n<p><strong>Texto y fotos: Alfonso D\u00edaz<\/strong><\/p>\n<p><strong>Para ver las fotos a mayor tama\u00f1o, pinchar sobre ellas.<\/strong><\/p>\n<p>\u00a0<\/p>\n<p>\u00a0<\/p>\n<p>\u00a0<\/p>\n","protected":false},"excerpt":{"rendered":"\u00a0 Viernes 7 de Noviembre de 2025 \u2013 Sala Hangar 05 \u2013 Barcelona De un tiempo a esta&hellip;\n","protected":false},"author":2,"featured_media":244090,"comment_status":"","ping_status":"","sticky":false,"template":"","format":"standard","meta":{"footnotes":""},"categories":[170],"tags":[146,147,25,24,184,185,23],"class_list":{"0":"post-244089","1":"post","2":"type-post","3":"status-publish","4":"format-standard","5":"has-post-thumbnail","7":"category-musica","8":"tag-entertainment","9":"tag-entretenimiento","10":"tag-es","11":"tag-espana","12":"tag-music","13":"tag-musica","14":"tag-spain"},"share_on_mastodon":{"url":"https:\/\/pubeurope.com\/@es\/115575093078924675","error":""},"_links":{"self":[{"href":"https:\/\/www.europesays.com\/es\/wp-json\/wp\/v2\/posts\/244089","targetHints":{"allow":["GET"]}}],"collection":[{"href":"https:\/\/www.europesays.com\/es\/wp-json\/wp\/v2\/posts"}],"about":[{"href":"https:\/\/www.europesays.com\/es\/wp-json\/wp\/v2\/types\/post"}],"author":[{"embeddable":true,"href":"https:\/\/www.europesays.com\/es\/wp-json\/wp\/v2\/users\/2"}],"replies":[{"embeddable":true,"href":"https:\/\/www.europesays.com\/es\/wp-json\/wp\/v2\/comments?post=244089"}],"version-history":[{"count":0,"href":"https:\/\/www.europesays.com\/es\/wp-json\/wp\/v2\/posts\/244089\/revisions"}],"wp:featuredmedia":[{"embeddable":true,"href":"https:\/\/www.europesays.com\/es\/wp-json\/wp\/v2\/media\/244090"}],"wp:attachment":[{"href":"https:\/\/www.europesays.com\/es\/wp-json\/wp\/v2\/media?parent=244089"}],"wp:term":[{"taxonomy":"category","embeddable":true,"href":"https:\/\/www.europesays.com\/es\/wp-json\/wp\/v2\/categories?post=244089"},{"taxonomy":"post_tag","embeddable":true,"href":"https:\/\/www.europesays.com\/es\/wp-json\/wp\/v2\/tags?post=244089"}],"curies":[{"name":"wp","href":"https:\/\/api.w.org\/{rel}","templated":true}]}}