{"id":24411,"date":"2025-08-04T06:24:13","date_gmt":"2025-08-04T06:24:13","guid":{"rendered":"https:\/\/www.europesays.com\/es\/24411\/"},"modified":"2025-08-04T06:24:13","modified_gmt":"2025-08-04T06:24:13","slug":"insisten-con-dion-lopy-pero-los-tiros-no-van-por-ahi","status":"publish","type":"post","link":"https:\/\/www.europesays.com\/es\/24411\/","title":{"rendered":"Insisten con Dion Lopy, pero los tiros no van por ah\u00ed"},"content":{"rendered":"<p class=\"parrafo\">Sacha Tavolieri, el mismo periodista belga que anunci\u00f3 el pasado 7 de julio que el <strong>Real Betis<\/strong> hab\u00eda presentado una oferta de <strong>seis millones de euros<\/strong> (que no descartaba elevar hasta los <strong>ocho millones<\/strong>) por el pase (se supone que no el <strong>100%<\/strong>) de <strong>Dion Lopy<\/strong>, insiste este domingo en que los verdiblancos volver\u00e1n a la carga por el pivote senegal\u00e9s una vez cerrado a <strong>Nelson Deossa<\/strong>, que <a href=\"https:\/\/www.estadiodeportivo.com\/futbol\/betis\/deossa-esta-sevilla-para-ser-octavo-fichaje-del-betis-20250803-506481.html\" target=\"_blank\" class=\"intext-link\" rel=\"nofollow noopener\">aterrizaba este 3 de agosto en el Aeropuerto de San Pablo<\/a> y que costar\u00e1, bonus incluidos, unos <strong>13 millones<\/strong> a las arcas heliopolitanas. Sin embargo, si hace algo menos de un mes ambos clubes negaban la existencia no ya de una propuesta formal, sino hasta la m\u00ednima intenci\u00f3n de ir m\u00e1s all\u00e1 del reconocimiento de que se trata de un buen futbolista, desde el entorno del de <strong>Bambilor<\/strong> desmienten a ESTADIO Deportivo movimientos desde el <strong>Estadio de La Cartuja<\/strong> en pos del prometedor centrocampista de <strong>23 a\u00f1os<\/strong>.<\/p>\n<p class=\"parrafo\">La hoja de ruta en el <strong>Real Betis<\/strong> pasa por la contrataci\u00f3, efectivamente, de un pivote defensivo m\u00e1s posicional que el colombiano para tener ah\u00ed, m\u00e1s all\u00e1 de las posibles reubicaciones coyunturales de <strong>Isco Alarc\u00f3n<\/strong>, <strong>Giovani Lo Celso<\/strong> y, sobre todo, <strong>Pablo Fornals<\/strong>, cuatro efectivos espec\u00edficos: el mencionado ex de <strong>Rayados de Monterrey<\/strong>, <strong>Sergi Altimira<\/strong>, el a\u00fan renqueante del tobillo <strong>Marc Roca<\/strong> y el elemento que falta. Sin embargo, tras desembolsar m\u00e1s de lo esperado por <strong>Deossa<\/strong>, habr\u00e1 que pensarse muy bien el siguiente movimiento en esa demarcaci\u00f3n, pues <a href=\"https:\/\/www.estadiodeportivo.com\/futbol\/betis\/united-sus-pretendientes-resignados-con-antony-20250802-506468.html\" target=\"_blank\" class=\"intext-link\" rel=\"nofollow noopener\">se sigue trabajando en la &#8216;repatriaci\u00f3n&#8217; de Antony Matheus dos Santos<\/a>, que exigir\u00e1 una fuerte inversi\u00f3n, y llegar\u00e1 otro delantero, saliendo cedido <strong>Gonzalo Petit<\/strong>. Eso como poco, ya que alguna salida inesperada aparte de los descartes (<strong>Fran Vieites<\/strong>,<strong> Romain Perraud<\/strong>,<strong> Borja Iglesias<\/strong> y, de ser posible, tambi\u00e9n &#8216;<strong>Chimy<\/strong>&#8216; <strong>\u00c1vila<\/strong>) exigir\u00eda un esfuerzo extra.<\/p>\n<p><a class=\"elementos-rel-t2\" href=\"https:\/\/www.estadiodeportivo.com\/futbol\/betis\/venta-deossa-escuece-mexico-estaba-club-espectacular-20250803-506528.html\" title=\"La venta de Deossa escuece en M\u00e9xico: &quot;Estaba en un club espectacular...&quot;\" rel=\"nofollow noopener\" target=\"_blank\">La venta de Deossa escuece en M\u00e9xico: \u00abEstaba en un club espectacular&#8230;\u00bb<img decoding=\"async\" src=\"https:\/\/www.europesays.com\/es\/wp-content\/uploads\/2025\/08\/6c9e4629-6f36-4f86-8fba-70ccfc4f8c49_320x180.jpeg\" alt=\"La venta de Deossa escuece en M\u00e9xico: &quot;Estaba en un club espectacular...&quot;\"\/><\/a><a class=\"elementos-rel-t2\" href=\"https:\/\/www.estadiodeportivo.com\/futbol\/ud-almeria\/lopy-dice-adios-rubi-estalla-20250313-486175.html\" title=\"Lopy dice adi\u00f3s y Rubi estalla\" rel=\"nofollow noopener\" target=\"_blank\">Lopy dice adi\u00f3s y Rubi estalla<img decoding=\"async\" src=\"https:\/\/www.europesays.com\/es\/wp-content\/uploads\/2025\/08\/21e6468c-e60a-4ac6-954e-7c4dd16aae4f_320x180.jpeg\" alt=\"Lopy dice adi\u00f3s y Rubi estalla\"\/><\/a><a class=\"elementos-rel-t2\" href=\"https:\/\/www.estadiodeportivo.com\/futbol\/betis\/operaciones-abiertas-por-cardoso-nuevo-candidato-precios-ultimos-avances-del-betis-20250708-503045.html\" title=\"Operaciones abiertas por Cardoso: nuevo candidato, precios y \u00faltimos avances del Betis\" rel=\"nofollow noopener\" target=\"_blank\">Operaciones abiertas por Cardoso: nuevo candidato, precios y \u00faltimos avances del Betis<img decoding=\"async\" src=\"https:\/\/www.europesays.com\/es\/wp-content\/uploads\/2025\/08\/f4e67364-1d62-4c38-9106-73d5a8feacab_320x180.jpeg\" alt=\"Operaciones abiertas por Cardoso: nuevo candidato, precios y \u00faltimos avances del Betis\"\/><\/a><\/p>\n<p class=\"parrafo\">La <strong>UD Almer\u00eda<\/strong> ya rechaz\u00f3 hasta <strong>15 millones de euros<\/strong> por <strong>Dion Lopy<\/strong> en anteriores ventanas de transferencias (del <strong>Friburgo<\/strong> y el <strong>Eintracht de Frankfurt<\/strong> alemanes), mientras que el <strong>Brest<\/strong> puso sobre la mesa una cesi\u00f3n remunerada (<strong>2,5 millones<\/strong>) con opci\u00f3n de compra por otros <strong>14<\/strong>, aunque nunca obligaci\u00f3n, pujas todas ellas descartadas por un equipo que, aunque sigue en <strong>Segunda divisi\u00f3n<\/strong>, realiz\u00f3 un fuerte dispendio para contratar al mediocampista internacional por <strong>Senegal<\/strong>: abon\u00f3 <strong>6,5 millones de euros fijos y 3,5 en variables<\/strong> por el <strong>80% <\/strong>del pase, firmando un contrato hasta el <strong>30 de junio de 2029<\/strong> al medio formado en el <strong>Oslo FA Dakar<\/strong>. Ahora, el <strong>Real Betis<\/strong> buscar\u00e1 un pr\u00e9stamo con pluses de alguna entidad poderosa que no pueda acoger a todos sus pupilos o un traspaso de bajo coste por un efectivo revalorizable que ofrezca r\u00e9ditos en el futuro a ambas instituciones.<\/p>\n<p><img decoding=\"async\" src=\"https:\/\/www.europesays.com\/es\/wp-content\/uploads\/2025\/08\/08f24a29-f89f-406b-b492-dadf89438f84_800x1000.jpeg\" loading=\"lazy\"\/><\/p>\n","protected":false},"excerpt":{"rendered":"Sacha Tavolieri, el mismo periodista belga que anunci\u00f3 el pasado 7 de julio que el Real Betis hab\u00eda&hellip;\n","protected":false},"author":2,"featured_media":24412,"comment_status":"","ping_status":"","sticky":false,"template":"","format":"standard","meta":{"footnotes":""},"categories":[268],"tags":[168,25,24,284,285,280,282,286,281,23,167,4660],"class_list":{"0":"post-24411","1":"post","2":"type-post","3":"status-publish","4":"format-standard","5":"has-post-thumbnail","7":"category-futbol","8":"tag-deportes","9":"tag-es","10":"tag-espana","11":"tag-estadio-deportivo","12":"tag-fichajes","13":"tag-football","14":"tag-futbol","15":"tag-real-betis-balompie","16":"tag-soccer","17":"tag-spain","18":"tag-sports","19":"tag-ud-almeria"},"share_on_mastodon":{"url":"","error":""},"_links":{"self":[{"href":"https:\/\/www.europesays.com\/es\/wp-json\/wp\/v2\/posts\/24411","targetHints":{"allow":["GET"]}}],"collection":[{"href":"https:\/\/www.europesays.com\/es\/wp-json\/wp\/v2\/posts"}],"about":[{"href":"https:\/\/www.europesays.com\/es\/wp-json\/wp\/v2\/types\/post"}],"author":[{"embeddable":true,"href":"https:\/\/www.europesays.com\/es\/wp-json\/wp\/v2\/users\/2"}],"replies":[{"embeddable":true,"href":"https:\/\/www.europesays.com\/es\/wp-json\/wp\/v2\/comments?post=24411"}],"version-history":[{"count":0,"href":"https:\/\/www.europesays.com\/es\/wp-json\/wp\/v2\/posts\/24411\/revisions"}],"wp:featuredmedia":[{"embeddable":true,"href":"https:\/\/www.europesays.com\/es\/wp-json\/wp\/v2\/media\/24412"}],"wp:attachment":[{"href":"https:\/\/www.europesays.com\/es\/wp-json\/wp\/v2\/media?parent=24411"}],"wp:term":[{"taxonomy":"category","embeddable":true,"href":"https:\/\/www.europesays.com\/es\/wp-json\/wp\/v2\/categories?post=24411"},{"taxonomy":"post_tag","embeddable":true,"href":"https:\/\/www.europesays.com\/es\/wp-json\/wp\/v2\/tags?post=24411"}],"curies":[{"name":"wp","href":"https:\/\/api.w.org\/{rel}","templated":true}]}}