{"id":244111,"date":"2025-11-19T07:23:35","date_gmt":"2025-11-19T07:23:35","guid":{"rendered":"https:\/\/www.europesays.com\/es\/244111\/"},"modified":"2025-11-19T07:23:35","modified_gmt":"2025-11-19T07:23:35","slug":"sonsoles-onega-presenta-la-portada-de-su-nueva-novela-llevara-tu-nombre","status":"publish","type":"post","link":"https:\/\/www.europesays.com\/es\/244111\/","title":{"rendered":"Sonsoles \u00d3nega presenta la portada de su nueva novela, Llevar\u00e1 tu nombre"},"content":{"rendered":"<p><b>Sonsoles \u00d3nega<\/b> adelanta el t\u00edtulo y la portada de su nueva novela, <b>Llevar\u00e1 tu nombr<\/b>e, que ver\u00e1 la luz el <b>25 de febrero de 2026<\/b>. Esta ser\u00e1 una historia de <b>\u00abmujeres que se han tenido que reconstruir\u00bb<\/b>, seg\u00fan cuenta la propia Sonsoles \u00d3nega en sus redes sociales.<\/p>\n<p>Tres a\u00f1os despu\u00e9s del \u00e9xito de <b>Las hijas de la criada<\/b>, la presentadora vuelve a empu\u00f1ar su pluma y nos trae una historia emocionante y llena de aventuras que est\u00e1 deseando regalar al p\u00fablico. \u00abMe hac\u00eda mucha ilusi\u00f3n compartirla con ustedes\u00bb, asegura.<\/p>\n<p>Tras ganar el <b>Premio Planeta 2023<\/b> con Las hijas de la criada, sus lectores esperan con ansias la nueva novela. \u00a1El 25 de febrero, en librer\u00edas!<\/p>\n","protected":false},"excerpt":{"rendered":"Sonsoles \u00d3nega adelanta el t\u00edtulo y la portada de su nueva novela, Llevar\u00e1 tu nombre, que ver\u00e1 la&hellip;\n","protected":false},"author":2,"featured_media":244112,"comment_status":"","ping_status":"","sticky":false,"template":"","format":"standard","meta":{"footnotes":""},"categories":[174],"tags":[255,146,147,25,24,256,23],"class_list":{"0":"post-244111","1":"post","2":"type-post","3":"status-publish","4":"format-standard","5":"has-post-thumbnail","7":"category-famosos","8":"tag-celebrities","9":"tag-entertainment","10":"tag-entretenimiento","11":"tag-es","12":"tag-espana","13":"tag-famosos","14":"tag-spain"},"share_on_mastodon":{"url":"https:\/\/pubeurope.com\/@es\/115575167653293281","error":""},"_links":{"self":[{"href":"https:\/\/www.europesays.com\/es\/wp-json\/wp\/v2\/posts\/244111","targetHints":{"allow":["GET"]}}],"collection":[{"href":"https:\/\/www.europesays.com\/es\/wp-json\/wp\/v2\/posts"}],"about":[{"href":"https:\/\/www.europesays.com\/es\/wp-json\/wp\/v2\/types\/post"}],"author":[{"embeddable":true,"href":"https:\/\/www.europesays.com\/es\/wp-json\/wp\/v2\/users\/2"}],"replies":[{"embeddable":true,"href":"https:\/\/www.europesays.com\/es\/wp-json\/wp\/v2\/comments?post=244111"}],"version-history":[{"count":0,"href":"https:\/\/www.europesays.com\/es\/wp-json\/wp\/v2\/posts\/244111\/revisions"}],"wp:featuredmedia":[{"embeddable":true,"href":"https:\/\/www.europesays.com\/es\/wp-json\/wp\/v2\/media\/244112"}],"wp:attachment":[{"href":"https:\/\/www.europesays.com\/es\/wp-json\/wp\/v2\/media?parent=244111"}],"wp:term":[{"taxonomy":"category","embeddable":true,"href":"https:\/\/www.europesays.com\/es\/wp-json\/wp\/v2\/categories?post=244111"},{"taxonomy":"post_tag","embeddable":true,"href":"https:\/\/www.europesays.com\/es\/wp-json\/wp\/v2\/tags?post=244111"}],"curies":[{"name":"wp","href":"https:\/\/api.w.org\/{rel}","templated":true}]}}